{"id":465909,"date":"2016-02-19T20:27:06","date_gmt":"2016-02-20T01:27:06","guid":{"rendered":"http:\/\/diarioelpopular.com\/?p=465909"},"modified":"2016-02-19T20:27:20","modified_gmt":"2016-02-20T01:27:20","slug":"renzi-mete-la-pata-en-buenos-aires-el-poema-no-era-de-borges","status":"publish","type":"post","link":"https:\/\/diarioelpopular.com\/index.php\/2016\/02\/19\/renzi-mete-la-pata-en-buenos-aires-el-poema-no-era-de-borges\/","title":{"rendered":"Renzi mete la pata en Buenos Aires: el poema no era de Borges"},"content":{"rendered":"<p>&nbsp;<\/p>\n<div id=\"attachment_465910\" style=\"width: 570px\" class=\"wp-caption aligncenter\"><a href=\"https:\/\/diarioelpopular.com\/wp-content\/uploads\/2016\/02\/1455911979_714762_1455914564_noticia_normal_recorte1.jpg\"><img loading=\"lazy\" decoding=\"async\" aria-describedby=\"caption-attachment-465910\" class=\"size-large wp-image-465910\" src=\"https:\/\/diarioelpopular.com\/wp-content\/uploads\/2016\/02\/1455911979_714762_1455914564_noticia_normal_recorte1-560x352.jpg\" alt=\"Matteo Renzi este viernes en Bruselas.\" width=\"560\" height=\"352\" \/><\/a><p id=\"caption-attachment-465910\" class=\"wp-caption-text\">Matteo Renzi este viernes en Bruselas.<\/p><\/div>\n<p><span style=\"color: #444444\">Ahora parece muy evidente que\u00a0<\/span><a style=\"color: #016ca2\" href=\"http:\/\/internacional.elpais.com\/internacional\/2016\/02\/19\/argentina\/Ahora%20parece%20muy%20evidente%20que%20Matteo%20Renzi,%20el%20primer%20ministro%20italiano,%20meti%C3%B3%20la%20pata%20hasta%20el%20fondo.%20Pero%20en%20ese%20momento%20nadie%20pareci%C3%B3%20darse%20cuenta.%20Renzi,%20cuya%20visita%20de%20dos%20d%C3%ADas%20a%20Buenos%20Aires%20ha%20causado%20un%20fuerte%20impacto%20en%20Argentina%20-hac%C3%ADa%2018%20a%C3%B1os%20que%20no%20viajaba%20un%20primer%20ministro%20italiano-%20ofreci%C3%B3%20un%20sentido%20discurso%20sobre%20la%20emigraci%C3%B3n,%20los%20v%C3%ADnculos%20Italia-Argentina%20-\">Matteo Renzi,<\/a><span style=\"color: #444444\">\u00a0el primer ministro italiano, meti\u00f3 la pata hasta el fondo. Pero en ese momento nadie pareci\u00f3 darse cuenta. Renzi, cuya visita de dos d\u00edas a Buenos Aires ha causado un fuerte impacto en Argentina -hac\u00eda 18 a\u00f1os que no viajaba un primer ministro italiano- ofreci\u00f3 un sentido discurso sobre la emigraci\u00f3n, los v\u00ednculos Italia-Argentina -&#8220;hay 900.000 italianos eneste pa\u00eds, m\u00e1s que en Bologna&#8221;- y los problema de Europa ante unas 500 personas en el aula magna de la Facultad de Ciencias Econ\u00f3micas de la UBA, la universidad p\u00fablica argentina por excelencia. En primera fila estaban varios embajadores importantes, incluido el nuncio, ministros, catedr\u00e1ticos, investigadores. Al final, todos aplaudieron en pie con mucho entusiasmo. Aparentemente, nadie not\u00f3, a pesar de que estaba en Buenos Aires, que Renzi acababa de leer en castellano con fuerte acento florentino un poema que atribuy\u00f3 a Borges pero no es de Borges.<\/span><\/p>\n<p><span style=\"color: #444444\">Los asesores de Renzi, que le escriben los discursos como a todos los primeros ministros, debieron pensar que no hab\u00eda mejor manera de halagar a los argentinos que leyendo un poema del mayor genio de la literatura patria. Pero en vez de buscar en sus libros, lo hicieron en internet. Y all\u00ed encontraron -est\u00e1 en muchas p\u00e1ginas diferentes- un supuesto &#8220;poema a la amistad&#8221; del autor de El Aleph. El contenido era ideal para hablar de las relaciones fraternales Italia-Argentina. &#8220;Somos dos naciones hermanas&#8221;, insist\u00eda el primer ministro.<\/span><\/p>\n<p style=\"color: #444444\">Ahora todos los borgianos, que en Argentina -y en Italia y Espa\u00f1a- son legi\u00f3n se llevan las manos a la cabeza. \u00bfC\u00f3mo alguien pudo pensar que Borges escribiera algo tan cursi? Pero pas\u00f3 todos los filtros, incluido el del selecto p\u00fablico de la universidad de Buenos Aires -tambi\u00e9n este cronista- y nadie se dio cuenta hasta que la prensa italiana se puso a rebuscar.<\/p>\n<p style=\"color: #444444\">Renzi ley\u00f3 este fragmento:<\/p>\n<p style=\"color: #444444\">No puedo darte soluciones para todos los problemas de<\/p>\n<p style=\"color: #444444\">la vida, ni tengo respuestas para tus dudas o temores,<\/p>\n<p style=\"color: #444444\">pero puedo escucharte y compartirlo contigo.<\/p>\n<p style=\"color: #444444\">No puedo cambiar tu pasado ni tu futuro.<\/p>\n<p style=\"color: #444444\">Pero cuando me necesites estar\u00e9 junto a ti.<\/p>\n<p style=\"color: #444444\">No puedo evitar que tropieces.<\/p>\n<p style=\"color: #444444\">Solamente puedo ofrecerte mi mano para que te sujetes<\/p>\n<p style=\"color: #444444\">y no caigas.<\/p>\n","protected":false},"excerpt":{"rendered":"<p>El primer ministro quiso agradar a los argentinos y en un discurso en la universidad ley\u00f3 un texto sobre la amistad que se atribuye falsamente en internet al autor de El Aleph<\/p>\n","protected":false},"author":5842,"featured_media":0,"comment_status":"open","ping_status":"open","sticky":false,"template":"","format":"standard","meta":{"footnotes":""},"categories":[24],"tags":[],"class_list":["post-465909","post","type-post","status-publish","format-standard","hentry","category-mundo"],"_links":{"self":[{"href":"https:\/\/diarioelpopular.com\/index.php\/wp-json\/wp\/v2\/posts\/465909","targetHints":{"allow":["GET"]}}],"collection":[{"href":"https:\/\/diarioelpopular.com\/index.php\/wp-json\/wp\/v2\/posts"}],"about":[{"href":"https:\/\/diarioelpopular.com\/index.php\/wp-json\/wp\/v2\/types\/post"}],"author":[{"embeddable":true,"href":"https:\/\/diarioelpopular.com\/index.php\/wp-json\/wp\/v2\/users\/5842"}],"replies":[{"embeddable":true,"href":"https:\/\/diarioelpopular.com\/index.php\/wp-json\/wp\/v2\/comments?post=465909"}],"version-history":[{"count":1,"href":"https:\/\/diarioelpopular.com\/index.php\/wp-json\/wp\/v2\/posts\/465909\/revisions"}],"predecessor-version":[{"id":465911,"href":"https:\/\/diarioelpopular.com\/index.php\/wp-json\/wp\/v2\/posts\/465909\/revisions\/465911"}],"wp:attachment":[{"href":"https:\/\/diarioelpopular.com\/index.php\/wp-json\/wp\/v2\/media?parent=465909"}],"wp:term":[{"taxonomy":"category","embeddable":true,"href":"https:\/\/diarioelpopular.com\/index.php\/wp-json\/wp\/v2\/categories?post=465909"},{"taxonomy":"post_tag","embeddable":true,"href":"https:\/\/diarioelpopular.com\/index.php\/wp-json\/wp\/v2\/tags?post=465909"}],"curies":[{"name":"wp","href":"https:\/\/api.w.org\/{rel}","templated":true}]}}