{"id":466001,"date":"2016-02-24T19:52:22","date_gmt":"2016-02-25T00:52:22","guid":{"rendered":"http:\/\/diarioelpopular.com\/?p=466001"},"modified":"2016-02-24T19:52:34","modified_gmt":"2016-02-25T00:52:34","slug":"evo-retrocede-en-todos-los-terrenos-respecto-a-la-eleccion-de-2014","status":"publish","type":"post","link":"https:\/\/diarioelpopular.com\/index.php\/2016\/02\/24\/evo-retrocede-en-todos-los-terrenos-respecto-a-la-eleccion-de-2014\/","title":{"rendered":"Evo retrocede en todos los terrenos respecto a la elecci\u00f3n de 2014"},"content":{"rendered":"<div id=\"attachment_466002\" style=\"width: 570px\" class=\"wp-caption aligncenter\"><a href=\"https:\/\/diarioelpopular.com\/wp-content\/uploads\/2016\/02\/1456352904_395472_1456353295_noticia_normal_recorte1.jpg\"><img loading=\"lazy\" decoding=\"async\" aria-describedby=\"caption-attachment-466002\" class=\"size-large wp-image-466002\" src=\"https:\/\/diarioelpopular.com\/wp-content\/uploads\/2016\/02\/1456352904_395472_1456353295_noticia_normal_recorte1-560x390.jpg\" alt=\"El presidente de Bolivia, Evo Morales, al salir de una conferencia en La Paz. \" width=\"560\" height=\"390\" \/><\/a><p id=\"caption-attachment-466002\" class=\"wp-caption-text\">El presidente de Bolivia, Evo Morales, al salir de una conferencia en La Paz.<\/p><\/div>\n<p style=\"color: #444444\">El referendo del pasado domingo para cambiar la Constituci\u00f3n boliviana\u00a0y habilitar al presidente Evo Morales para que se candidateara por cuarta vez consecutiva al final de su presente mandato,\u00a0<a style=\"font-style: inherit;color: #016ca2\" href=\"http:\/\/internacional.elpais.com\/internacional\/2016\/02\/24\/america\/1456327387_586177.html\" target=\"_blank\">constituy\u00f3 la primera derrota de este l\u00edder desde que se convirtiera en presidente<\/a>. Morales, que buscaba el \u201cs\u00ed\u201d a la reforma, perdi\u00f3 por 48,7 a 51,3% en todo el pa\u00eds, muy lejos del resultado que obtuvo en las elecciones de 2014, la cual gan\u00f3 con 61% de los votos.<\/p>\n<p style=\"color: #444444\"><span style=\"font-style: inherit\">En esas elecciones el presidente boliviano\u00a0logr\u00f3 vencer en ocho de las nueve regiones del pa\u00eds, excepto en el arisco Beni, que nunca ha dado su consentimiento al proyecto pol\u00edtico que dirige. En cambio,\u00a0<a style=\"font-style: inherit;color: #016ca2\" href=\"http:\/\/internacional.elpais.com\/internacional\/2016\/02\/24\/actualidad\/1456274986_514912.html\" target=\"_blank\">en el \u00faltimo referendo solo gan\u00f3 en tres regiones<\/a>, las tres occidentales y con mayor\u00eda ind\u00edgena: La Paz, Cochabamba y Oruro. Y aun en estas perdi\u00f3 entre 12 y 14 puntos porcentuales respecto a lo que hab\u00eda conseguido en octubre de 2014. En las tradicionalmente opositoras Tarija y Santa Cruz, donde sin embargo hab\u00eda triunfado en las elecciones de hace un poco m\u00e1s de un a\u00f1o, obtuvo 11 y 8 puntos porcentuales menos, respectivamente. Pero donde sufri\u00f3 su mayor traspi\u00e9 fue en la regi\u00f3n minera de Potos\u00ed, donde la combinaci\u00f3n de la crisis de los precios de los minerales y la atenci\u00f3n, seg\u00fan dicen los analistas, \u201cdisplicente y arrogante\u201d de las demandas de la poblaci\u00f3n de esta deprimida regi\u00f3n quechua, lo llevaron a perder nada menos que 23 puntos porcentuales respecto al resultado que le dio la victoria all\u00ed en 2014<\/span><\/p>\n<div id=\"ds_cpp\" class=\"center-da ad-pad-sm ds_cpp\" style=\"color: #444444\">\n<div id=\"ad2-original-placeholder\" class=\"wrapper-da\" style=\"font-style: inherit\">\n<div class=\"ds_body\" style=\"font-style: inherit\">\n<div id=\"ds_player_container\" style=\"font-style: inherit\">\n<div id=\"ds_content_frame_parent\" style=\"font-style: inherit\">Los retrocesos de Morales\u00a0<a style=\"font-style: inherit;color: #016ca2\" href=\"http:\/\/internacional.elpais.com\/internacional\/2016\/02\/19\/america\/1455839479_977221.html\" target=\"_blank\">se originaron en el cambio de humor de las clases medias<\/a>, mientras que los sectores m\u00e1s empobrecidos, sobre todo los del \u00e1rea\u00a0rural,\u00a0mantuvieron su respaldo al primer presidente ind\u00edgena del pa\u00eds. Esto se observ\u00f3 incluso en la votaci\u00f3n en el extranjero, pues el \u201cs\u00ed\u201d repunt\u00f3 en Brasil y Argentina, donde han emigrado cientos de miles de trabajadores de escasos recursos, mientras que perdi\u00f3 en el resto del mundo, inclusive en Espa\u00f1a, donde la migraci\u00f3n proviene de los sectores medios de la sociedad boliviana.A consecuencia de este viraje de los bolivianos con mayores ingresos, que se expres\u00f3 claramente en las redes sociales que ellos\u00a0son los \u00fanicos en poder usar\u00a0cotidianamente, el \u201cno\u201d apabull\u00f3 en todas las capitales, excepto en El Alto, una ciudad conformada por la periferia pobre de La Paz. Pero a\u00fan all\u00ed Morales perdi\u00f3 m\u00e1s de 20 puntos respecto a la \u00faltima elecci\u00f3n, cuando\u00a0el voto en su favor super\u00f3 el 70%.<\/div>\n<\/div>\n<\/div>\n<\/div>\n<\/div>\n<p style=\"color: #444444\"><span style=\"font-style: inherit\"><span style=\"font-style: inherit\">La pregunta del momento en la prensa<\/span>\u00a0<span style=\"font-style: inherit\">boliviana es qu\u00e9 pas\u00f3 en solo un a\u00f1o<\/span>\u00a0<span style=\"font-style: inherit\">en el pa\u00eds<\/span>\u00a0<span style=\"font-style: inherit\">para<\/span>\u00a0<span style=\"font-style: inherit\">que tanto del<\/span>\u00a0<span style=\"font-style: inherit\">caudal electoral del \u201cevismo\u201d se disipara.<\/span>\u00a0<span style=\"font-style: inherit\">Algunos analistas llaman la atenci\u00f3n sobre el<\/span>\u00a0<span style=\"font-style: inherit\">car\u00e1cter\u00a0<\/span><span style=\"font-style: inherit\">diferente<\/span>\u00a0<span style=\"font-style: inherit\">de ambos comicios,<\/span>\u00a0<span style=\"font-style: inherit\">pues el referendo, pese a que<\/span>\u00a0<span style=\"font-style: inherit\">el gobierno intent\u00f3 convertirlo en un plebiscito<\/span>\u00a0<span style=\"font-style: inherit\">sobre su gesti\u00f3n,<\/span>\u00a0<a style=\"font-style: inherit;color: #016ca2\" href=\"http:\/\/internacional.elpais.com\/internacional\/2016\/02\/21\/actualidad\/1456026887_559535.html\" target=\"_blank\"><span style=\"font-style: inherit\">exig\u00eda a la poblaci\u00f3n a<\/span>\u00a0<span style=\"font-style: inherit\">ir en contra\u00a0<\/span><span style=\"font-style: inherit\">de sus<\/span>\u00a0<span style=\"font-style: inherit\">tradiciones<\/span><\/a><span style=\"font-style: inherit\">, que son contrarias al continuismo<\/span>\u00a0<span style=\"font-style: inherit\">pol\u00edtico, a causa\u00a0<\/span><span style=\"font-style: inherit\">d<\/span><span style=\"font-style: inherit\">el sufrimiento y la inestabilidad que este<\/span>\u00a0<span style=\"font-style: inherit\">trajo\u00a0<\/span><span style=\"font-style: inherit\">en el pasado al pa\u00eds.<\/span>\u00a0<span style=\"font-style: inherit\">Adem\u00e1s, permiti\u00f3 que todos los que se oponen a Morales<\/span>\u00a0<span style=\"font-style: inherit\">por distintas razones<\/span>\u00a0<span style=\"font-style: inherit\">\u2013<\/span><span style=\"font-style: inherit\">desde el trotskismo y el indianismo radical, hasta la<\/span>\u00a0<span style=\"font-style: inherit\">derecha racista<\/span><span style=\"font-style: inherit\">\u2013\u00a0<\/span><span style=\"font-style: inherit\">tuvieran una bandera com\u00fan.<\/span><\/span><\/p>\n<p style=\"color: #444444\"><span style=\"font-style: inherit\">En todo caso, no ha sido un a\u00f1o f\u00e1cil para el gobierno. Las malas noticias de los mercados internacionales de petr\u00f3leo se sumaron a varios esc\u00e1ndalos que parecen mostrar que la corrupci\u00f3n ha aumentado seriamente en el \u00faltimo tiempo, y\u00a0<a style=\"font-style: inherit;color: #016ca2\" href=\"http:\/\/internacional.elpais.com\/internacional\/2016\/02\/05\/america\/1454694725_293210.html\" target=\"_blank\">Morales ha tenido actitudes<\/a>, por ejemplo, el ordenar a uno de sus asistentes que le atara los cordones de los zapatos, que han hecho pensar a los sectores m\u00e1s informados que iba en camino de convertirse en uno de los caudillos en los que ha sido pr\u00f3diga la historia boliviana, al que, entonces, decidieron ponerle freno.<\/span><\/p>\n","protected":false},"excerpt":{"rendered":"<p>El rechazo a la reforma constitucional que le permitir\u00eda reelegirse por cuarta vez, constituy\u00f3 la primera derrota de Morales desde que se convirtiera en presidente<\/p>\n","protected":false},"author":5842,"featured_media":0,"comment_status":"open","ping_status":"open","sticky":false,"template":"","format":"standard","meta":{"footnotes":""},"categories":[23],"tags":[],"class_list":["post-466001","post","type-post","status-publish","format-standard","hentry","category-latinoamerica"],"_links":{"self":[{"href":"https:\/\/diarioelpopular.com\/index.php\/wp-json\/wp\/v2\/posts\/466001","targetHints":{"allow":["GET"]}}],"collection":[{"href":"https:\/\/diarioelpopular.com\/index.php\/wp-json\/wp\/v2\/posts"}],"about":[{"href":"https:\/\/diarioelpopular.com\/index.php\/wp-json\/wp\/v2\/types\/post"}],"author":[{"embeddable":true,"href":"https:\/\/diarioelpopular.com\/index.php\/wp-json\/wp\/v2\/users\/5842"}],"replies":[{"embeddable":true,"href":"https:\/\/diarioelpopular.com\/index.php\/wp-json\/wp\/v2\/comments?post=466001"}],"version-history":[{"count":1,"href":"https:\/\/diarioelpopular.com\/index.php\/wp-json\/wp\/v2\/posts\/466001\/revisions"}],"predecessor-version":[{"id":466003,"href":"https:\/\/diarioelpopular.com\/index.php\/wp-json\/wp\/v2\/posts\/466001\/revisions\/466003"}],"wp:attachment":[{"href":"https:\/\/diarioelpopular.com\/index.php\/wp-json\/wp\/v2\/media?parent=466001"}],"wp:term":[{"taxonomy":"category","embeddable":true,"href":"https:\/\/diarioelpopular.com\/index.php\/wp-json\/wp\/v2\/categories?post=466001"},{"taxonomy":"post_tag","embeddable":true,"href":"https:\/\/diarioelpopular.com\/index.php\/wp-json\/wp\/v2\/tags?post=466001"}],"curies":[{"name":"wp","href":"https:\/\/api.w.org\/{rel}","templated":true}]}}