{"id":466265,"date":"2016-03-11T11:48:03","date_gmt":"2016-03-11T16:48:03","guid":{"rendered":"http:\/\/diarioelpopular.com\/?p=466265"},"modified":"2016-03-11T11:48:14","modified_gmt":"2016-03-11T16:48:14","slug":"muere-roberto-perfumo-el-mariscal-argentino-de-los-mundiales-del-66-y-74","status":"publish","type":"post","link":"https:\/\/diarioelpopular.com\/index.php\/2016\/03\/11\/muere-roberto-perfumo-el-mariscal-argentino-de-los-mundiales-del-66-y-74\/","title":{"rendered":"Muere Roberto Perfumo, \u2018El Mariscal\u2019 argentino de los mundiales del 66 y 74"},"content":{"rendered":"<div id=\"attachment_466266\" style=\"width: 570px\" class=\"wp-caption aligncenter\"><a href=\"https:\/\/diarioelpopular.com\/wp-content\/uploads\/2016\/03\/1457656762_749564_1457656988_noticia_normal_recorte1.jpg\"><img loading=\"lazy\" decoding=\"async\" aria-describedby=\"caption-attachment-466266\" class=\"size-large wp-image-466266\" src=\"https:\/\/diarioelpopular.com\/wp-content\/uploads\/2016\/03\/1457656762_749564_1457656988_noticia_normal_recorte1-560x341.jpg\" alt=\"Roberto Perfumo dando una patada al aire en el mundial del 74.\" width=\"560\" height=\"341\" \/><\/a><p id=\"caption-attachment-466266\" class=\"wp-caption-text\">Roberto Perfumo dando una patada al aire en el mundial del 74.<\/p><\/div>\n<p style=\"color: #444444\">&#8220;Hoy el cielo ya tiene quien lo defienda&#8221;. El tuit no corresponde a ninguna celebridad, es de un hincha del\u00a0<a style=\"font-style: inherit;color: #016ca2\" href=\"https:\/\/twitter.com\/RacingClub\">Racing Club<\/a>, un an\u00f3nimo. Esa fue una de las camisetas que mayor cantidad de veces visti\u00f3 Roberto Perfumo, quien falleci\u00f3 ayer tras un accidente cerebrovascular agravado por una fractura de cr\u00e1neo que sufri\u00f3 al caer por unas escaleras. El ambiente deportivo y hasta el presidente<a style=\"font-style: inherit;color: #016ca2\" href=\"http:\/\/elpais.com\/tag\/mauricio_macri\/a\/\">Mauricio Macri<\/a>\u00a0se mostraron consternados por la desaparici\u00f3n f\u00edsica de quien fuera considerado uno de los mejores defensas de la historia del f\u00fatbol argentino.<\/p>\n<p style=\"color: #444444\">El Mariscal, tal como lo llamaban, jug\u00f3 los mundiales de 1966 y 1974 con el dorsal n\u00famero 2 de la albiceleste y brill\u00f3 en Racing Club y\u00a0<a style=\"font-style: inherit;color: #016ca2\" href=\"http:\/\/elpais.com\/tag\/river_plate\/a\/\">River Plate<\/a>, donde form\u00f3 una f\u00e9rrea pareja central con Daniel Passarella. Tambi\u00e9n jug\u00f3 en el Cruzeiro de Brasil, fue entrenador y comentarista deportivo de la cadena ESPN, adem\u00e1s de colaborar con varios peri\u00f3dicos. Muri\u00f3 ayer en el hospital Los Arcos, donde se le diagnostic\u00f3 un cuadro de &#8220;midriasis bilateral arreactiva&#8221;.<\/p>\n<p style=\"color: #444444\">\u201cRealmente estoy muy dolido. Tengo muy pocas ganas de sacar alguna conclusi\u00f3n sobre la injusticia de la vida. Es un golpe terrible. Lo ve\u00eda casi todas las semanas. Jugu\u00e9 con \u00e9l. Era un personaje muy especial, era un pibe de barrio que intent\u00f3 desarrollarse culturalmente. Ten\u00eda calle. Ten\u00eda\u00a0<a style=\"font-style: inherit;color: #016ca2\" href=\"http:\/\/elpais.com\/tag\/buenos_aires\/a\/\">Buenos Aires<\/a>. Ten\u00eda m\u00fasica. Prefiero olvidarme y pensar que alg\u00fan d\u00eda, caminando como todas las semanas lo voy a ver\u201d, lament\u00f3 el ex entrenador de la\u00a0<a style=\"font-style: inherit;color: #016ca2\" href=\"http:\/\/elpais.com\/tag\/seleccion_futbol_argentina\/a\/\">selecci\u00f3n argentina<\/a>\u00a0C\u00e9sar Menotti.<\/p>\n<p style=\"color: #444444\">Perfumo naci\u00f3 en Sarand\u00ed, provincia de Buenos Aires, el 3 de octubre de 1942 y muri\u00f3 con 73 a\u00f1os. &#8220;Es una p\u00e9rdida muy grande para el f\u00fatbol argentino, teniendo en cuenta sus valores como representante del deporte nacional y como persona. No tuve la suerte de tratarlo en la \u00e9poca de jugador, pero posteriormente pude hacerlo y era un caballero&#8221;, dijo Luis Segura, presidente de la\u00a0<a style=\"font-style: inherit;color: #016ca2\" href=\"http:\/\/elpais.com\/tag\/afa_asociacion_futbol_argentino\/a\/\">Asociaci\u00f3n del F\u00fatbol Argentino (AFA)<\/a>.<\/p>\n<p style=\"color: #444444\">Por la noche, los hinchas de River Plate lo despidieron de pie y con aplausos en un minuto de silencio que se realiz\u00f3 antes del partido que este equipo disput\u00f3 ante el San Pablo de Brasil por el Grupo 1 de la\u00a0<a style=\"font-style: inherit;color: #016ca2\" href=\"http:\/\/elpais.com\/tag\/copa_libertadores\/a\/\">Copa Libertadores de Am\u00e9rica<\/a>\u00a0en el Estadio Monumental. Es que Perfumo integr\u00f3 el plantel campe\u00f3n de 1975 y que cort\u00f3 una racha de 18 a\u00f1os sin t\u00edtulos.<\/p>\n<p style=\"color: #444444\">&#8220;Cuando ten\u00eda 9 a\u00f1os mi vida era juntar el \u00e1lbum de figuritas [cromos] con los jugadores de Racing. Despu\u00e9s empec\u00e9 a ir a verlo de muy chico, porque en esa \u00e9poca los chicos entraban gratis al estadio&#8221;, cont\u00f3 Perfumo.<\/p>\n<section id=\"sumario_6|html\" class=\"sumario_html izquierda\" style=\"color: #444444\"><a style=\"font-style: inherit;color: #016ca2\" name=\"sumario_6\"><\/a><\/p>\n<div class=\"sumario__interior\" style=\"font-style: inherit\">\n<div class=\"sumario-texto\" style=\"font-style: inherit\">\n<p class=\"texto_grande\" style=\"font-weight: bold;font-style: inherit;color: #000000\"><span style=\"font-weight: inherit;font-style: inherit\">&#8220;Me cuidaba en las dietas comiendo ensaladitas y no tom\u00e9 una gota de alcohol ni fum\u00e9 en esos 25 a\u00f1os&#8221;<\/span><\/p>\n<\/div>\n<\/div>\n<\/section>\n<p style=\"color: #444444\">Debut\u00f3 en Racing Club en 1964 y ese mismo a\u00f1o jug\u00f3 con la Albiceleste los<a style=\"font-style: inherit;color: #016ca2\" href=\"http:\/\/elpais.com\/tag\/juegos_olimpicos\/a\/\">Juegos Ol\u00edmpicos<\/a>\u00a0de Tokio 1964. Con la Academia disput\u00f3 232 partidos y anot\u00f3 14 goles. Se volvi\u00f3 uno de los \u00eddolos m\u00e1ximos del club al ganar la Copa Libertadores de 1967 y la Copa Intercontinental de ese mismo a\u00f1o. Tambi\u00e9n se consagr\u00f3 en la Liga argentina de 1966. Disput\u00f3 37 partidos con la selecci\u00f3n argentina y jug\u00f3 los mundiales de Inglaterra 1966 y Alemania 1974.<\/p>\n<p style=\"color: #444444\">&#8220;Los mejores momentos los pas\u00e9 en la cancha jugando al f\u00fatbol. Yo viv\u00eda para el<a style=\"font-style: inherit;color: #016ca2\" href=\"http:\/\/elpais.com\/tag\/futbol\/a\/\">f\u00fatbol<\/a>, me cuidaba en las dietas comiendo ensaladitas y no tom\u00e9 una gota de alcohol ni fum\u00e9 en esos 25 a\u00f1os&#8221;, afirm\u00f3. Se retir\u00f3 de la pr\u00e1ctica profesional en 1978, a los 36 a\u00f1os, y se gradu\u00f3 de psic\u00f3logo social.<\/p>\n<p style=\"color: #444444\">&#8220;El estudio me ayud\u00f3 mucho para comprender como entrenador las circunstancias de un plantel, la din\u00e1mica de los grupos, c\u00f3mo nos comportamos cuando tenemos que trabajar en equipo todos en un mismo objetivo&#8221;, se\u00f1al\u00f3.<\/p>\n<p style=\"color: #444444\">\u201cHasta siempre Mariscal. Un grand\u00edsimo jugador, compa\u00f1ero y muy buena persona. Te vamos a extra\u00f1ar\u201d, expres\u00f3 en Twitter Carlos Mac Allister, secretario de Deportes y Actividad F\u00edsica de la Naci\u00f3n.<\/p>\n<p style=\"color: #444444\">Tuvo una breve carrera como entrenador que comenz\u00f3 en 1981 cuando se puso a cargo de Sarmiento de Jun\u00edn, donde no consigui\u00f3 buenos resultados. Dirigi\u00f3 a Racing Club en 1991 y finaliz\u00f3 cuarto en el torneo local. En 1992 asumi\u00f3 la direcci\u00f3n t\u00e9cnica del\u00a0<a style=\"font-style: inherit;color: #016ca2\" href=\"https:\/\/twitter.com\/elClubOlimpia\" target=\"_blank\">Olimpia paraguayo<\/a>\u00a0y obtuvo de manera invicta el Torneo Rep\u00fablica. Al a\u00f1o siguiente volvi\u00f3 a Argentina para dirigir a Gimnasia y Esgrima la Plata, en donde gan\u00f3 la Copa Centenario, un torneo organizado por los cien a\u00f1os de la Asociaci\u00f3n del F\u00fatbol Argentino (AFA) y \u00fanica conquista hasta el momento del club platense.<\/p>\n<p style=\"color: #444444\">Fue designado secretario de\u00a0<a style=\"font-style: inherit;color: #016ca2\" href=\"http:\/\/elpais.com\/tag\/deportes\/a\/\">Deportes<\/a>\u00a0en 2003 por el entonces presidente<a style=\"font-style: inherit;color: #016ca2\" href=\"http:\/\/elpais.com\/tag\/nestor_kirchner\/a\/\">N\u00e9stor Kirchner<\/a>\u00a0pero renunci\u00f3 al a\u00f1o siguiente. &#8220;Fue un ciclo que se cumpli\u00f3. La funci\u00f3n p\u00fablica es dura y dif\u00edcil&#8221;, fue su escueta explicaci\u00f3n al presentar la renuncia tras solo 10 meses de gesti\u00f3n.<\/p>\n<p style=\"color: #444444\">En los \u00faltimos a\u00f1os trabaj\u00f3 como\u00a0<a style=\"font-style: inherit;color: #016ca2\" href=\"http:\/\/deportes.elpais.com\/deportes\/2015\/12\/21\/actualidad\/1450694994_073964.html\">periodista deportivo<\/a>\u00a0en distintos medios. &#8220;No soy un periodista, soy un futbolista que hace de periodista. Cuando vienen los jugadores al programa les pregunto cosas desde ese lugar, como una charla de bar&#8221;, explicaba El Mariscal.<\/p>\n","protected":false},"excerpt":{"rendered":"<p>El que fuera defensa y t\u00e9cnico de la selecci\u00f3n ha fallecido hoy a los 73 a\u00f1os de un fuerte traumatismo en el cr\u00e1neo por una ca\u00edda<\/p>\n","protected":false},"author":5842,"featured_media":0,"comment_status":"open","ping_status":"open","sticky":false,"template":"","format":"standard","meta":{"footnotes":""},"categories":[28,23,24],"tags":[],"class_list":["post-466265","post","type-post","status-publish","format-standard","hentry","category-deportes","category-latinoamerica","category-mundo"],"_links":{"self":[{"href":"https:\/\/diarioelpopular.com\/index.php\/wp-json\/wp\/v2\/posts\/466265","targetHints":{"allow":["GET"]}}],"collection":[{"href":"https:\/\/diarioelpopular.com\/index.php\/wp-json\/wp\/v2\/posts"}],"about":[{"href":"https:\/\/diarioelpopular.com\/index.php\/wp-json\/wp\/v2\/types\/post"}],"author":[{"embeddable":true,"href":"https:\/\/diarioelpopular.com\/index.php\/wp-json\/wp\/v2\/users\/5842"}],"replies":[{"embeddable":true,"href":"https:\/\/diarioelpopular.com\/index.php\/wp-json\/wp\/v2\/comments?post=466265"}],"version-history":[{"count":2,"href":"https:\/\/diarioelpopular.com\/index.php\/wp-json\/wp\/v2\/posts\/466265\/revisions"}],"predecessor-version":[{"id":466268,"href":"https:\/\/diarioelpopular.com\/index.php\/wp-json\/wp\/v2\/posts\/466265\/revisions\/466268"}],"wp:attachment":[{"href":"https:\/\/diarioelpopular.com\/index.php\/wp-json\/wp\/v2\/media?parent=466265"}],"wp:term":[{"taxonomy":"category","embeddable":true,"href":"https:\/\/diarioelpopular.com\/index.php\/wp-json\/wp\/v2\/categories?post=466265"},{"taxonomy":"post_tag","embeddable":true,"href":"https:\/\/diarioelpopular.com\/index.php\/wp-json\/wp\/v2\/tags?post=466265"}],"curies":[{"name":"wp","href":"https:\/\/api.w.org\/{rel}","templated":true}]}}