{"id":466276,"date":"2016-03-14T11:22:18","date_gmt":"2016-03-14T15:22:18","guid":{"rendered":"http:\/\/diarioelpopular.com\/?p=466276"},"modified":"2016-03-14T11:22:27","modified_gmt":"2016-03-14T15:22:27","slug":"el-efecto-trump-provoca-una-movilizacion-sin-precedentes-de-votantes-latinos","status":"publish","type":"post","link":"https:\/\/diarioelpopular.com\/index.php\/2016\/03\/14\/el-efecto-trump-provoca-una-movilizacion-sin-precedentes-de-votantes-latinos\/","title":{"rendered":"El \u2018efecto Trump\u2019 provoca una movilizaci\u00f3n sin precedentes de votantes latinos"},"content":{"rendered":"<p style=\"color: #444444\"><a href=\"https:\/\/diarioelpopular.com\/wp-content\/uploads\/2016\/03\/1457808470_734002_1457954957_noticiarelacionadaprincipal_normal_recorte1.jpg\"><img loading=\"lazy\" decoding=\"async\" class=\"aligncenter size-large wp-image-466277\" src=\"https:\/\/diarioelpopular.com\/wp-content\/uploads\/2016\/03\/1457808470_734002_1457954957_noticiarelacionadaprincipal_normal_recorte1-560x399.jpg\" alt=\"1457808470_734002_1457954957_noticiarelacionadaprincipal_normal_recorte1\" width=\"560\" height=\"399\" \/><\/a>Desde\u00a0<a style=\"font-style: inherit;color: #016ca2\" href=\"http:\/\/internacional.elpais.com\/internacional\/2015\/06\/17\/actualidad\/1434507228_187374.html\">el mismo d\u00eda que lanz\u00f3 su campa\u00f1a<\/a>, en junio del a\u00f1o pasado,\u00a0<a style=\"font-style: inherit;color: #016ca2\" href=\"http:\/\/elpais.com\/tag\/donald_trump\/a\/\">Donald Trump<\/a>\u00a0se ha presentado como un duro contra la inmigraci\u00f3n y especialmente contra los latinos. Sus insultos provocaron el verano pasado\u00a0<a style=\"font-style: inherit;color: #016ca2\" href=\"http:\/\/elpais.com\/internacional\/2015\/07\/03\/actualidad\/1435946319_323205.html\">un movimiento de reacci\u00f3n de la comunidad latina<\/a>\u00a0que llev\u00f3 incluso a actos de\u00a0<a style=\"font-style: inherit;color: #016ca2\" href=\"http:\/\/elpais.com\/internacional\/2015\/07\/01\/actualidad\/1435775386_253890.html\">boicot econ\u00f3mico<\/a>contra el magnate. La duda es si eso se acabar\u00eda traduciendo en una reacci\u00f3n en las urnas si \u00e9l fuera el candidato. Con las primarias medio decididas en ambos partidos y a cuatro meses de la proclamaci\u00f3n definitiva de candidatos, algo empiezan a vislumbrar los m\u00e1s pegados al terreno. Faltan meses para que haya datos concluyentes, pero ya hay un\u00a0<em>efecto Trump<\/em>\u00a0que est\u00e1 movilizando a los latinos en n\u00fameros sin precedentes para votar y frenar su camino a la Presidencia.<\/p>\n<section id=\"sumario_1|html\" class=\"sumario_html derecha\" style=\"color: #444444\"><a style=\"font-style: inherit;color: #016ca2\" name=\"sumario_1\"><\/a><\/p>\n<div class=\"sumario__interior\" style=\"font-style: inherit\">\n<div class=\"sumario-texto\" style=\"font-style: inherit\">\n<p class=\"texto_grande\" style=\"font-weight: bold;font-style: inherit;color: #000000\">Gracias a Trump, \u201cest\u00e1 aumentando el coraje de la comunidad\u201d, dice la activista Sulma Arias<\/p>\n<\/div>\n<\/div>\n<\/section>\n<p style=\"color: #444444\">El pasado jueves, varias organizaciones bajo el paraguas del Center for Community Change Action presentaron una iniciativa multimillonaria para hacer un esfuerzo definitivo de aqu\u00ed a noviembre que aumente la participaci\u00f3n de los latinos en las elecciones. Bajo la forma de un Super PAC (grupo de apoyo electoral en principio apartidista) tienen un presupuesto inicial de 15 millones de d\u00f3lares para registrar minor\u00edas para votar, especialmente latinos. Entre los inversores del grupo est\u00e1 el multimillonario George Soros.<\/p>\n<p style=\"color: #444444\">Sulma Arias, una de las coordinadoras de la iniciativa, afirma que Trump es \u201cla gasolina que va a encender esta m\u00e1quina\u201d. \u201cEstamos organizando una campa\u00f1a integrada y sofisticada a un nivel que antes no se pod\u00eda en los movimientos de base\u201d, afirma. Van a concentrar sus esfuerzos en tres estados, Florida, Nevada y Colorado, donde la victoria puede caer de cualquier lado (<em>swing states<\/em>) y la poblaci\u00f3n latina es muy importante. \u201cLa meta es demostrar que como inmigrantes no vamos a tolerar la ret\u00f3rica del Partido Republicano y vamos a demostrar que en estos tres estados tenemos el poder de votar contra esos valores\u201d, dice Arias en conversaci\u00f3n telef\u00f3nica desde Washington.<\/p>\n<section id=\"sumario_2|html\" class=\"sumario_html izquierda\" style=\"color: #444444\"><a style=\"font-style: inherit;color: #016ca2\" name=\"sumario_2\"><\/a><\/p>\n<div class=\"sumario__interior\" style=\"font-style: inherit\">\n<div class=\"sumario-texto\" style=\"font-style: inherit\">\n<p class=\"texto_grande\" style=\"font-weight: bold;font-style: inherit;color: #000000\">27,3 millones de latinos tendr\u00e1n derecho a voto en noviembre, 4 millones m\u00e1s que en 2012. El 44% ser\u00e1n menores de 30 a\u00f1os<\/p>\n<\/div>\n<\/div>\n<\/section>\n<p style=\"color: #444444\">Gracias a Trump, \u201cest\u00e1 aumentando el coraje de la comunidad\u201d. \u201cDefinitivamente, \u00e9l ha galvanizado un efecto en el Partido Republicano en el que compiten a ver qui\u00e9n es m\u00e1s duro contra los inmigrantes\u201d, dice Arias. \u201cLa gente est\u00e1 lista, pero esa rabia tenemos que moverla hacia algo positivo. La apuesta es canalizar ese coraje. El mensaje es que tenemos que salir a votar si no queremos a Donald Trump como presidente\u201d.<\/p>\n<p style=\"color: #444444\">Es una convenci\u00f3n en la pol\u00edtica norteamericana que los latinos han crecido tanto que si votan en bloque pueden decidir elecciones. Sin embargo, no es exactamente as\u00ed. Los latinos en general solo se movilizan para las presidenciales y es dif\u00edcil que lo hagan en primarias o en elecciones m\u00e1s locales. Mientras la participaci\u00f3n electoral supera el 64% entre blancos y afroamericanos, entre los latinos est\u00e1 por debajo del 50%. En estas elecciones, se calcula que 27,3 millones de latinos tendr\u00e1n derecho a voto, 4 millones m\u00e1s que en 2012. Una de las razones por las que la participaci\u00f3n es baja entre los latinos es que el 44% de esta poblaci\u00f3n son\u00a0<em>millenials<\/em>, menores de 30 a\u00f1os, que vota por lo general menos. Cada 30 segundos, un latino cumple 18 a\u00f1os. Lo m\u00e1s preocupante para los republicanos es que el efecto Trump est\u00e1 llegando tambi\u00e9n a los j\u00f3venes.<\/p>\n<section id=\"sumario_5|foto\" class=\"sumario_foto centro\" style=\"color: #444444\"><a style=\"font-style: inherit;color: #016ca2\" name=\"sumario_5\"><\/a><\/p>\n<div class=\"sumario__interior\" style=\"font-style: inherit\">\n<figure class=\"foto foto_w980\" style=\"font-style: inherit\"><img loading=\"lazy\" decoding=\"async\" style=\"font-style: inherit\" title=\"Protesta contra Trump durante un mitin en Kansas, el s\u00e1bado.\" src=\"http:\/\/ep01.epimg.net\/internacional\/imagenes\/2016\/03\/12\/actualidad\/1457808470_734002_1457855873_sumario_normal.jpg\" alt=\"Protesta contra Trump durante un mitin en Kansas, el s\u00e1bado.\" width=\"980\" height=\"563\" \/><figcaption class=\"foto-pie\" style=\"font-style: inherit;color: #646464\">Protesta contra Trump durante un mitin en Kansas, el s\u00e1bado.\u00a0<span class=\"foto-firma\" style=\"font-style: inherit;color: #111111\">\u00a0<span class=\"foto-agencia\" style=\"font-style: inherit\">REUTERS<\/span><\/span><\/figcaption><\/figure>\n<div class=\"sumario-texto\" style=\"font-style: inherit\"><\/div>\n<\/div>\n<\/section>\n<p style=\"color: #444444\">El pasado mi\u00e9rcoles por la ma\u00f1ana, un grupo de estudiantes del instituto\u00a0<a style=\"font-style: inherit;color: #016ca2\" href=\"http:\/\/www.allianceforcommunityempowerment.com\/\">Alliance for Community Empowerment<\/a>\u00a0para comunidades desfavorecidas en Canoga Park, al norte de Los \u00c1ngeles, participaba en una discusi\u00f3n con este corresponsal sobre Trump. El 90% de los estudiantes eran latinos, algunos ciudadanos, otros no. Stephanie Tomasino, de 24 a\u00f1os, dec\u00eda que \u201cTrump es un ignorante y todos los que le apoyan son unos ignorantes\u201d. Se siente afectada por lo que dijo de los mexicanos. Alexis Romo, de 18 a\u00f1os, dec\u00eda que \u201cTrump es listo\u201d. \u201cLe criticamos, pero lo que hace le funciona, porque le dejamos hacerlo. No vale con sentarse a hablar, hay que empezar un movimiento\u201d.<\/p>\n<p style=\"color: #444444\">\u201cEn mi casa hablamos mucho de pol\u00edtica y Trump asusta a mi familia\u201d, dec\u00eda Danae Gallardo, de 20 a\u00f1os. Ella es beneficiaria del programa de protecci\u00f3n contra la deportaci\u00f3n DACA, aprobado por Obama. \u201cNo es solo los mexicanos, afecta a todos los dem\u00e1s\u201d. N\u00e9lida de la Rosa, de 20 a\u00f1os, opinaba que Trump es \u201cun hip\u00f3crita\u201d porque \u201csu familia eran inmigrantes\u201d. De su familia, su t\u00eda es la \u00fanica que puede votar \u201cy dice que cualquiera menos Trump\u201d. Nadie quiso defender al millonario. Julian Monroe, de 17 a\u00f1os, conced\u00eda que Trump ser\u00eda \u201cbueno en econom\u00eda\u201d, pero le considera un racista. Todos los estudiantes consultados quieren votar por Bernie Sanders, o le votar\u00edan si pudieran. Donald Trump ha conseguido colarse en las preocupaciones de los j\u00f3venes latinos como quiz\u00e1 no haya hecho nunca otro candidato a la presidencia.<\/p>\n<section id=\"sumario_3|html\" class=\"sumario_html derecha\" style=\"color: #444444\"><a style=\"font-style: inherit;color: #016ca2\" name=\"sumario_3\"><\/a><\/p>\n<div class=\"sumario__interior\" style=\"font-style: inherit\">\n<div class=\"sumario-texto\" style=\"font-style: inherit\">\n<p class=\"texto_grande\" style=\"font-weight: bold;font-style: inherit;color: #000000\">\u201cCada vez m\u00e1s j\u00f3venes se est\u00e1n registrando para votar y se apuntan como voluntarios para registrar a otros. Esto nunca hab\u00eda pasado\u201d, dice Ben Monterroso, de la organizaci\u00f3n Mi Familia Vota<\/p>\n<\/div>\n<\/div>\n<\/section>\n<p style=\"color: #444444\">El efecto Trump amenaza con ir m\u00e1s all\u00e1 del candidato en concreto e impregnar cualquier carrera electoral para los republicanos. Marta Segura se presenta a la Asamblea estatal de California por el distrito 64, que incluye algunos de los barrios m\u00e1s deprimidos de Los \u00c1ngeles, como Watts, Compton o Wilmington. Hace dos d\u00e9cadas eran barrios de mayor\u00eda afroamericana, pero ahora son predominantemente latinos. Estos d\u00edas est\u00e1 en plena campa\u00f1a para conseguir el voto de sus vecinos y se ha encontrado en Trump un sorprendente aliado. \u201cLa gente est\u00e1 muy preocupada con eso\u201d, afirmaba el jueves a EL PA\u00cdS tras un acto de la Latino Chamber of Commerce de Los \u00c1ngeles. \u201cSiempre est\u00e1n haciendo chistes de Trump. Tienen pi\u00f1atas de Trump en sus casas\u201d. En su campa\u00f1a puerta a puerta por los barrios de South LA se ha encontrado con padres indocumentados que animan a sus hijos ciudadanos a votar: \u201cAhora s\u00ed se est\u00e1 registrando y movilizando la gente para asegurarse de frenar a Trump\u201d.<\/p>\n<p style=\"color: #444444\">Segura admite que Trump es un \u201cregalo envenenado\u201d. \u201cHa ayudado a mi campa\u00f1a en el sentido de que si votan m\u00e1s latinos, me favorece\u201d. Pero advierte de que \u201chay que continuar con la educaci\u00f3n y la movilizaci\u00f3n despu\u00e9s de las elecciones. Se puede conseguir un cambio duradero y no solo responder ante situaciones extremas\u201d.<\/p>\n<section id=\"sumario_4|html\" class=\"sumario_html izquierda\" style=\"color: #444444\"><a style=\"font-style: inherit;color: #016ca2\" name=\"sumario_4\"><\/a><\/p>\n<div class=\"sumario__interior\" style=\"font-style: inherit\">\n<div class=\"sumario-texto\" style=\"font-style: inherit\">\n<p class=\"texto_grande\" style=\"font-weight: bold;font-style: inherit;color: #000000\">\u201cLo triste es que ha hecho falta un Trump para movilizarnos\u201d, dice una estudiante latina de 24 a\u00f1os<\/p>\n<\/div>\n<\/div>\n<\/section>\n<p style=\"color: #444444\">Una situaci\u00f3n parecida est\u00e1 percibiendo Jorge Nu\u00f1o, empresario y organizador social del sur de Los \u00c1ngeles que esta semana ha empezado una campa\u00f1a para registrar a gente para votar. \u201cEs una oportunidad, la gente se ha movilizado\u201d, dice Nu\u00f1o. \u201cMi comadre que me limpia en la oficina dice que quiere votar porque \u00a1viene Trump! La gente est\u00e1 nerviosa\u201d. Hasta el punto de que \u201cgente que ten\u00eda planes de comprarse una casa empieza a dudar porque igual viene Trump\u201d.<\/p>\n<p style=\"color: #444444\">Una de las organizaciones con m\u00e1s experiencia e implantaci\u00f3n nacional para animar a los latinos a votar es Mi Familia Vota. Su director, Ben Monterroso, afirma que \u201ccada vez m\u00e1s j\u00f3venes se est\u00e1n registrando para votar y se apuntan como voluntarios para registrar a otros. Esto nunca hab\u00eda pasado\u201d. En lo que va de campa\u00f1a, han visto aumentos del 30% en el registro de latinos respecto a 2012. En Nevada, un estado clave que puede caer de cualquier lado y donde los latinos son una quinta parte del electorado, el aumento est\u00e1 siendo del 60%. Tambi\u00e9n han visto inmigrantes que, despu\u00e9s de a\u00f1os sin interesarse por hacerse ciudadanos de Estados Unidos, se est\u00e1n apresurando a jurar la Constituci\u00f3n para poder votar en noviembre. Solo para poder parar Trump.<\/p>\n<p style=\"color: #444444\">\u201cDefinitivamente, a nivel nacional nunca (los latinos) hab\u00edamos sido atacados de esta manera\u201d, dice Monterroso. \u201cEs preocupante que no haya habido una defensa de los inmigrantes por parte del Partido Republicano. Como decimos en mi pueblo: el que calla, otorga\u201d. Monterroso cree que \u201chay que asegurarse de que no se queda en el\u00a0<em>efecto Trump<\/em>. Hay que trabajar para que nuestra comunidad entienda que la \u00fanica manera de parar a los republicanos es votar por candidatos que nos representen dignamente\u201d. Mi Familia Vota se declara no partidista.<\/p>\n<p style=\"color: #444444\">Trump a\u00fan no es el candidato. El ala m\u00e1s tradicional del Partido Republicano, el llamado\u00a0<em>establishment<\/em>, promete dar la batalla hasta el final para impedirlo. Su principal temor desde el principio, que Trump sea un candidato que provoque una movilizaci\u00f3n de las minor\u00edas sin precedentes y les deje otros cuatro a\u00f1os fuera de la Casa Blanca, parece estar tomando forma. Como dec\u00eda en el instituto de Canoga Park Ashley Le\u00f3n, de 24 a\u00f1os, de padre colombiano sin papeles y madre mexicana: \u201cLo triste es que ha hecho falta un Trump para movilizarnos\u201d.<\/p>\n","protected":false},"excerpt":{"rendered":"<p>Diversas iniciativas para elevar la participaci\u00f3n de los latinos perciben una reacci\u00f3n contra el magnate y el Partido Republicano<\/p>\n","protected":false},"author":5842,"featured_media":0,"comment_status":"open","ping_status":"open","sticky":false,"template":"","format":"standard","meta":{"footnotes":""},"categories":[24],"tags":[],"class_list":["post-466276","post","type-post","status-publish","format-standard","hentry","category-mundo"],"_links":{"self":[{"href":"https:\/\/diarioelpopular.com\/index.php\/wp-json\/wp\/v2\/posts\/466276","targetHints":{"allow":["GET"]}}],"collection":[{"href":"https:\/\/diarioelpopular.com\/index.php\/wp-json\/wp\/v2\/posts"}],"about":[{"href":"https:\/\/diarioelpopular.com\/index.php\/wp-json\/wp\/v2\/types\/post"}],"author":[{"embeddable":true,"href":"https:\/\/diarioelpopular.com\/index.php\/wp-json\/wp\/v2\/users\/5842"}],"replies":[{"embeddable":true,"href":"https:\/\/diarioelpopular.com\/index.php\/wp-json\/wp\/v2\/comments?post=466276"}],"version-history":[{"count":1,"href":"https:\/\/diarioelpopular.com\/index.php\/wp-json\/wp\/v2\/posts\/466276\/revisions"}],"predecessor-version":[{"id":466278,"href":"https:\/\/diarioelpopular.com\/index.php\/wp-json\/wp\/v2\/posts\/466276\/revisions\/466278"}],"wp:attachment":[{"href":"https:\/\/diarioelpopular.com\/index.php\/wp-json\/wp\/v2\/media?parent=466276"}],"wp:term":[{"taxonomy":"category","embeddable":true,"href":"https:\/\/diarioelpopular.com\/index.php\/wp-json\/wp\/v2\/categories?post=466276"},{"taxonomy":"post_tag","embeddable":true,"href":"https:\/\/diarioelpopular.com\/index.php\/wp-json\/wp\/v2\/tags?post=466276"}],"curies":[{"name":"wp","href":"https:\/\/api.w.org\/{rel}","templated":true}]}}