{"id":466285,"date":"2016-03-14T11:32:44","date_gmt":"2016-03-14T15:32:44","guid":{"rendered":"http:\/\/diarioelpopular.com\/?p=466285"},"modified":"2016-03-14T11:35:00","modified_gmt":"2016-03-14T15:35:00","slug":"el-alcalde-de-valencia-invita-a-hacer-corridas-sin-matar-a-los-toros","status":"publish","type":"post","link":"https:\/\/diarioelpopular.com\/index.php\/2016\/03\/14\/el-alcalde-de-valencia-invita-a-hacer-corridas-sin-matar-a-los-toros\/","title":{"rendered":"El alcalde de Valencia invita a hacer corridas sin matar a los toros"},"content":{"rendered":"<div id=\"attachment_466289\" style=\"width: 428px\" class=\"wp-caption aligncenter\"><a href=\"https:\/\/diarioelpopular.com\/wp-content\/uploads\/2016\/03\/1457953654_978275_1457954507_portada_normal.jpg\"><img loading=\"lazy\" decoding=\"async\" aria-describedby=\"caption-attachment-466289\" class=\"size-full wp-image-466289\" src=\"https:\/\/diarioelpopular.com\/wp-content\/uploads\/2016\/03\/1457953654_978275_1457954507_portada_normal.jpg\" alt=\"Corrida en la plaza de toros de Las Ventas. \" width=\"418\" height=\"240\" \/><\/a><p id=\"caption-attachment-466289\" class=\"wp-caption-text\">Corrida en la plaza de toros de Las Ventas.<\/p><\/div>\n<p style=\"color: #444444\"><a style=\"font-style: inherit;color: #016ca2\" href=\"http:\/\/elpais.com\/tag\/joan_ribo\/a\/\">El alcalde de Valencia, Joan Rib\u00f3<\/a>, ha instado este lunes a los aficionados a las corridas de toros a plantearse la posibilidad de hacerlas &#8220;a la portuguesa&#8221;, sin matar a los astados. Rib\u00f3, que ha defendido el rechazo de su Ayuntamiento al maltrato hacia esta especie, ha invitado a &#8220;trabajar con la idea de respetar m\u00e1s a los toros&#8221; y poder hacer una &#8220;s\u00edntesis&#8221; entre el festejo y el &#8220;respeto&#8221; a la vida. Rib\u00f3 ha hecho estas declaraciones cuando ya est\u00e1n en marcha los festejos taurinos en Valencia con motivo de las Fallas.<\/p>\n<div id=\"attachment_466286\" style=\"width: 570px\" class=\"wp-caption aligncenter\"><a href=\"https:\/\/diarioelpopular.com\/wp-content\/uploads\/2016\/03\/1457952641_218645_1457953182_noticia_normal_recorte1.jpg\"><img loading=\"lazy\" decoding=\"async\" aria-describedby=\"caption-attachment-466286\" class=\"size-large wp-image-466286\" src=\"https:\/\/diarioelpopular.com\/wp-content\/uploads\/2016\/03\/1457952641_218645_1457953182_noticia_normal_recorte1-560x268.jpg\" alt=\"Joan Rib\u00f3, alcalde de Valencia\" width=\"560\" height=\"268\" \/><\/a><p id=\"caption-attachment-466286\" class=\"wp-caption-text\">Joan Rib\u00f3, alcalde de Valencia<\/p><\/div>\n<p style=\"color: #444444\">Rib\u00f3 ha realizado estas declaraciones tras asistir a la conferencia que ha ofrecido el concejal de Cultura Festiva y presidente de la Junta Central Fallera (JCF) de Valencia, Pere Fuset, en el F\u00f3rum Europa Tribuna Mediterr\u00e1nea, preguntado por la posici\u00f3n del Ayuntamiento respecto a los festejos taurinos tras la manifestaci\u00f3n en favor de estas celebraciones,\u00a0<a style=\"font-style: inherit;color: #016ca2\" href=\"http:\/\/ccaa.elpais.com\/ccaa\/2016\/03\/13\/valencia\/1457867091_271328.html\">el domingo en esta ciudad, en la que participaron m\u00e1s de 10.000 personas<\/a>.<\/p>\n<p style=\"color: #444444\">El primer edil ha expresado el respeto del Consistorio a &#8220;la libertad de manifestaci\u00f3n y de opini\u00f3n&#8221; y ha se\u00f1alado que la posici\u00f3n de esta instituci\u00f3n es resaltar la &#8220;importancia&#8221; de &#8220;avanzar en el cuidado, en el respeto a la vida de los animales y en no maltratarlos&#8221;. As\u00ed, ha apuntado la decisi\u00f3n del Ayuntamiento, &#8220;respetando los\u00a0<em>bous al carrer&#8221;,<\/em>\u00a0de realizar &#8220;alg\u00fan cambio&#8221; y de &#8220;tomar medidas&#8221; en festejos taurinos como estos, entre los que ha citado el\u00a0<em>bou embolat,<\/em>\u00a0sobre el &#8220;sufrimiento de los animales&#8221; para &#8220;ir erradic\u00e1ndolo&#8221;.<\/p>\n<p style=\"color: #444444\">&#8220;Est\u00e1 claro que en la sociedad espa\u00f1ola hay gente que considera que los toros es un tema importante y gente que considera que los toros es un tema de maltrato de animales&#8221;, ha declarado Joan Rib\u00f3. Tras ello, se ha referido a las corridas de toros y ha comentado que aunque la gesti\u00f3n de la Plaza de Toros de Valencia, &#8220;no es una competencia del Ayuntamiento&#8221;, le gustar\u00eda &#8220;que la gente que defiende los toros se planteara la posibilidad de hacer corridas a la portuguesa, donde no se sacrifica a los animales&#8221;.<\/p>\n<p style=\"color: #444444\">El alcalde ha considerado que &#8220;esa es una posibilidad interesante&#8221; y ha manifestado que permitir\u00eda &#8220;conjugar&#8221; todo lo que conlleva el festejo en cuanto a los toreros, su indumentaria y otros elementos, &#8220;con el respeto a los animales&#8221;. &#8220;Hay pa\u00edses que lo est\u00e1n haciendo y me parece que ser\u00eda interesante que en Espa\u00f1a pudi\u00e9ramos llegar a un acuerdo con el que de alguna manera los toros no tuvieran ese tratamiento&#8221;, ha planteado Rib\u00f3.<\/p>\n<h3 style=\"color: #111111\">Llegar a una s\u00edntesis<\/h3>\n<p style=\"color: #444444\">En ese sentido, Rib\u00f3 ha insistido en que le gustar\u00eda &#8220;que se trabajase con la idea de intentar respetar m\u00e1s a los toros, unos animales importantes&#8221;. El responsable municipal, que ha asegurado tener &#8220;muchos amigos&#8221; a los que les &#8220;gustan los toros e ir a la plaza de toros&#8221;, ha opinado que se podr\u00eda &#8220;avanzar&#8221; en el camino que ha apuntado y que le gustar\u00eda poder &#8220;intentar llegar a una s\u00edntesis&#8221; en esa direcci\u00f3n.<\/p>\n<p style=\"color: #444444\">Joan Rib\u00f3 ha reiterado despu\u00e9s su rechazado al maltrato animal y ha declarado que &#8220;cada vez hay m\u00e1s gente que entiende que maltratar a los animales es una pr\u00e1ctica que se ha de ir erradicando de la sociedad&#8221;. &#8220;Matar a un animal como se mata en una plaza de toros no es precisamente un ejercicio de cuidarlo, de la misma manera que lo digo con otros animales&#8221;, ha agregado.<\/p>\n","protected":false},"excerpt":{"rendered":"<p>Rib\u00f3 quiere festejos &#8220;a la portuguesa&#8221; y una s\u00edntesis entre la fiesta y el respeto a la vida<\/p>\n","protected":false},"author":5842,"featured_media":0,"comment_status":"open","ping_status":"open","sticky":false,"template":"","format":"standard","meta":{"footnotes":""},"categories":[24],"tags":[],"class_list":["post-466285","post","type-post","status-publish","format-standard","hentry","category-mundo"],"_links":{"self":[{"href":"https:\/\/diarioelpopular.com\/index.php\/wp-json\/wp\/v2\/posts\/466285","targetHints":{"allow":["GET"]}}],"collection":[{"href":"https:\/\/diarioelpopular.com\/index.php\/wp-json\/wp\/v2\/posts"}],"about":[{"href":"https:\/\/diarioelpopular.com\/index.php\/wp-json\/wp\/v2\/types\/post"}],"author":[{"embeddable":true,"href":"https:\/\/diarioelpopular.com\/index.php\/wp-json\/wp\/v2\/users\/5842"}],"replies":[{"embeddable":true,"href":"https:\/\/diarioelpopular.com\/index.php\/wp-json\/wp\/v2\/comments?post=466285"}],"version-history":[{"count":6,"href":"https:\/\/diarioelpopular.com\/index.php\/wp-json\/wp\/v2\/posts\/466285\/revisions"}],"predecessor-version":[{"id":466293,"href":"https:\/\/diarioelpopular.com\/index.php\/wp-json\/wp\/v2\/posts\/466285\/revisions\/466293"}],"wp:attachment":[{"href":"https:\/\/diarioelpopular.com\/index.php\/wp-json\/wp\/v2\/media?parent=466285"}],"wp:term":[{"taxonomy":"category","embeddable":true,"href":"https:\/\/diarioelpopular.com\/index.php\/wp-json\/wp\/v2\/categories?post=466285"},{"taxonomy":"post_tag","embeddable":true,"href":"https:\/\/diarioelpopular.com\/index.php\/wp-json\/wp\/v2\/tags?post=466285"}],"curies":[{"name":"wp","href":"https:\/\/api.w.org\/{rel}","templated":true}]}}