{"id":466306,"date":"2016-03-14T23:54:50","date_gmt":"2016-03-15T03:54:50","guid":{"rendered":"http:\/\/diarioelpopular.com\/?p=466306"},"modified":"2016-03-14T23:55:00","modified_gmt":"2016-03-15T03:55:00","slug":"las-primarias-llegan-a-un-momento-clave-en-un-ambiente-de-tension","status":"publish","type":"post","link":"https:\/\/diarioelpopular.com\/index.php\/2016\/03\/14\/las-primarias-llegan-a-un-momento-clave-en-un-ambiente-de-tension\/","title":{"rendered":"Las primarias llegan a un momento clave en un ambiente de tensi\u00f3n"},"content":{"rendered":"<div id=\"attachment_466307\" style=\"width: 428px\" class=\"wp-caption aligncenter\"><a href=\"https:\/\/diarioelpopular.com\/wp-content\/uploads\/2016\/03\/1457985732_350223_1457986071_portada_normal.jpg\"><img loading=\"lazy\" decoding=\"async\" aria-describedby=\"caption-attachment-466307\" class=\"size-full wp-image-466307\" src=\"https:\/\/diarioelpopular.com\/wp-content\/uploads\/2016\/03\/1457985732_350223_1457986071_portada_normal.jpg\" alt=\"El candidato republicano, en un acto en Carolina del Norte. \" width=\"418\" height=\"240\" \/><\/a><p id=\"caption-attachment-466307\" class=\"wp-caption-text\">El candidato republicano, en un acto en Carolina del Norte.<\/p><\/div>\n<p style=\"color: #444444\">Las primarias para elegir a los candidatos presidenciales de Estados Unidos llegan este martes a un momento decisivo en un ambiente de tensi\u00f3n tras los \u00faltimos incidentes en actos de Donald Trump, que el pasado viernes\u00a0<a style=\"font-style: inherit;color: #016ca2\" href=\"http:\/\/internacional.elpais.com\/internacional\/2016\/03\/12\/estados_unidos\/1457744284_540647.html\">suspendi\u00f3 un mitin en Chicago<\/a>\u00a0por el enfrentamiento violento entre sus simpatizantes y varios grupos que protestaban contra el magnate. Los incendiarios pronunciamientos del\u00a0<em>showman<\/em>\u00a0han removido los cimientos de una sociedad que se ha fracturado entre partidarios y detractores de Trump.<\/p>\n<p style=\"color: #444444\">Desde que anunci\u00f3 su candidatura y empez\u00f3 sus ataques contra los inmigrantes, las protestas han acompa\u00f1ado a Trump en todos sus actos. Casi siempre eran grupos de hispanos que censuraban su intenci\u00f3n de expulsar del pa\u00eds a los 11 millones de indocumentados y construir un muro en la frontera con M\u00e9xico, un pa\u00eds que pone en la diana de sus discursos a diario. En las \u00faltimas semanas, a medida que\u00a0<a style=\"font-style: inherit;color: #016ca2\" href=\"http:\/\/internacional.elpais.com\/internacional\/2016\/03\/09\/estados_unidos\/1457482995_821041.html\">Trump se ha ido consolidando en las primarias y\u00a0<em>caucus<\/em><\/a>\u00a0como el candidato que tiene m\u00e1s opciones de conseguir la nominaci\u00f3n republicana, la tensi\u00f3n se ha disparado.<\/p>\n<p style=\"color: #444444\">Las escenas violentas que se vivieron el pasado viernes en Chicago hicieron saltar las alarmas. Todos los aspirantes presidenciales, dem\u00f3cratas y republicanos, se\u00f1alaron a Trump como el responsable de este episodio por polarizar la sociedad con sus discursos divisivos, de buenos y malos, en los que no caben los matices. Los candidatos dem\u00f3cratas,\u00a0<a style=\"font-style: inherit;color: #016ca2\" href=\"http:\/\/www.cnn.com\/2016\/03\/13\/politics\/clinton-sanders-democratic-town-hall-duplicate-2\/\">Hillary Clinton y el senador Bernie Sanders, le han acusado directamente de incitar a la violencia.<\/a>\u00a0El republicano Marco Rubio, senador por Florida, tambi\u00e9n ha asegurado que los incidentes de Chicago est\u00e1n relacionados con la dial\u00e9ctica del magnate.<\/p>\n<section id=\"sumario_1|html\" class=\"sumario_html izquierda\" style=\"color: #444444\"><a style=\"font-style: inherit;color: #016ca2\" name=\"sumario_1\"><\/a><\/p>\n<div class=\"sumario__interior\" style=\"font-style: inherit\">\n<div class=\"sumario-texto\" style=\"font-style: inherit\">\n<p class=\"texto_grande\" style=\"font-weight: bold;font-style: inherit;color: #000000\">Trump ha hecho o\u00eddos sordos al coro de voces que le se\u00f1alan como responsable de los actos violentos<\/p>\n<\/div>\n<\/div>\n<\/section>\n<p style=\"color: #444444\">Trump ha hecho o\u00eddos sordos al coro de voces que le se\u00f1alan como responsable de haber encendido una peligrosa mecha de consecuencias impredecibles y ha apuntado a personas que respaldan a Sanders, que se declara socialista, como instigadores de las protestas.<\/p>\n<p style=\"color: #444444\">Seg\u00fan ha avanzado la campa\u00f1a, las medidas de seguridad en los actos de Trump se han incrementado y ya es habitual que en sus m\u00edtines todos los asistentes pasen por arcos de seguridad como los de los aeropuertos, mientras la polic\u00eda y el servicio secreto registran las pertenencias. Adem\u00e1s, su servicio de seguridad privada est\u00e1 atento a cualquier movimiento dentro de los actos. El domingo, en un acto en Boca Raton (Florida), los grupos contrarios a Trump se manifestaron en las afueras del recinto donde se celebr\u00f3 el mitin. Al finalizar el evento se produjo un momento de tensi\u00f3n con los simpatizantes de Trump, pero la discusi\u00f3n no fue a m\u00e1s.<\/p>\n<p style=\"color: #444444\">El magnate ten\u00eda previsto dar un mitin en el que club que posee en Doral, una ciudad del condado de Miami-Dade de mayor\u00eda hispana, `pero finalmente lo ha suspendido por un acto en Ohio, donde el gobernador John Kasich se juega sus opciones de continuar en la carrera presidencial republicana. En Ohio, las encuestas dan una ligera ventaja a Kasich sobre Trump, mientras que en Florida los sondeos le dan una c\u00f3moda ventaja al magnate.\u00a0<a style=\"font-style: inherit;color: #016ca2\" href=\"http:\/\/internacional.elpais.com\/internacional\/2016\/03\/09\/actualidad\/1457548239_096510.html\">En caso de que venza en Florida y Ohio, Trump probablemente lograr\u00eda apartar de la carrera electoral a los dos aspirantes mejor vistos por el aparato republicano, Rubio y Kasich<\/a>. La pugna quedar\u00eda entonces en un mano a mano entre Trump y el senador de Texas Ted Cruz, un aspirante con un discurso tambi\u00e9n muy radical. Los otros tres estados en los que se celebran elecciones con Illinois, Missouri y Carolina del Norte.<\/p>\n<p style=\"color: #444444\">En el bando dem\u00f3crata, Hillary Clinton tiene opciones de ir ampliando su ventaja sobre Sanders, principalmente en Florida y Carolina del Norte, estados en las que la ex secretaria de Estado tiene una amplia ventaja en los sondeos.<\/p>\n","protected":false},"excerpt":{"rendered":"<p>Las propuestas de Trump polarizan la sociedad estadounidense<\/p>\n","protected":false},"author":5842,"featured_media":0,"comment_status":"open","ping_status":"open","sticky":false,"template":"","format":"standard","meta":{"footnotes":""},"categories":[24],"tags":[],"class_list":["post-466306","post","type-post","status-publish","format-standard","hentry","category-mundo"],"_links":{"self":[{"href":"https:\/\/diarioelpopular.com\/index.php\/wp-json\/wp\/v2\/posts\/466306","targetHints":{"allow":["GET"]}}],"collection":[{"href":"https:\/\/diarioelpopular.com\/index.php\/wp-json\/wp\/v2\/posts"}],"about":[{"href":"https:\/\/diarioelpopular.com\/index.php\/wp-json\/wp\/v2\/types\/post"}],"author":[{"embeddable":true,"href":"https:\/\/diarioelpopular.com\/index.php\/wp-json\/wp\/v2\/users\/5842"}],"replies":[{"embeddable":true,"href":"https:\/\/diarioelpopular.com\/index.php\/wp-json\/wp\/v2\/comments?post=466306"}],"version-history":[{"count":1,"href":"https:\/\/diarioelpopular.com\/index.php\/wp-json\/wp\/v2\/posts\/466306\/revisions"}],"predecessor-version":[{"id":466308,"href":"https:\/\/diarioelpopular.com\/index.php\/wp-json\/wp\/v2\/posts\/466306\/revisions\/466308"}],"wp:attachment":[{"href":"https:\/\/diarioelpopular.com\/index.php\/wp-json\/wp\/v2\/media?parent=466306"}],"wp:term":[{"taxonomy":"category","embeddable":true,"href":"https:\/\/diarioelpopular.com\/index.php\/wp-json\/wp\/v2\/categories?post=466306"},{"taxonomy":"post_tag","embeddable":true,"href":"https:\/\/diarioelpopular.com\/index.php\/wp-json\/wp\/v2\/tags?post=466306"}],"curies":[{"name":"wp","href":"https:\/\/api.w.org\/{rel}","templated":true}]}}