{"id":466327,"date":"2016-03-15T18:40:14","date_gmt":"2016-03-15T22:40:14","guid":{"rendered":"http:\/\/diarioelpopular.com\/?p=466327"},"modified":"2016-03-15T18:40:23","modified_gmt":"2016-03-15T22:40:23","slug":"la-mala-calidad-del-medio-ambiente-causa-126-millones-de-muertes-al-ano","status":"publish","type":"post","link":"https:\/\/diarioelpopular.com\/index.php\/2016\/03\/15\/la-mala-calidad-del-medio-ambiente-causa-126-millones-de-muertes-al-ano\/","title":{"rendered":"La mala calidad del medio ambiente causa 12,6 millones de muertes al a\u00f1o"},"content":{"rendered":"<div id=\"attachment_466328\" style=\"width: 570px\" class=\"wp-caption aligncenter\"><a href=\"https:\/\/diarioelpopular.com\/wp-content\/uploads\/2016\/03\/1457959254_712347_1457980676_noticia_normal_recorte1.jpg\"><img loading=\"lazy\" decoding=\"async\" aria-describedby=\"caption-attachment-466328\" class=\"size-large wp-image-466328\" src=\"https:\/\/diarioelpopular.com\/wp-content\/uploads\/2016\/03\/1457959254_712347_1457980676_noticia_normal_recorte1-560x373.jpg\" alt=\"Varias personas con mascarillas en la plaza de Tiananmen de Pek\u00edn. \" width=\"560\" height=\"373\" \/><\/a><p id=\"caption-attachment-466328\" class=\"wp-caption-text\">Varias personas con mascarillas en la plaza de Tiananmen de Pek\u00edn.<\/p><\/div>\n<p style=\"color: #444444\">Las malas condiciones ambientales son responsables de 12,6 millones de muertes al a\u00f1o en el planeta, seg\u00fan un\u00a0<a style=\"font-style: inherit;color: #016ca2\" href=\"http:\/\/ep00.epimg.net\/descargables\/2016\/03\/15\/d5defc31c21f2cd7dd5456283b057b17.pdf\" target=\"_blank\">informe<\/a>\u00a0de la\u00a0<a style=\"font-style: inherit;color: #016ca2\" href=\"http:\/\/elpais.com\/tag\/oms_organizacion_mundial_salud\/a\/\" target=\"_blank\">Organizaci\u00f3n Mundial de la Salud<\/a>\u00a0(OMS) presentado este martes. Esto supone que alrededor del 23% de los fallecimientos en el mundo se producen por &#8220;vivir o trabajar en ambientes poco saludables&#8221;, seg\u00fan la OMS. Los factores de riesgo ambientales -como la<a style=\"font-style: inherit;color: #016ca2\" href=\"http:\/\/elpais.com\/tag\/contaminacion_atmosferica\/a\/\" target=\"_blank\">contaminaci\u00f3n del aire<\/a>, el agua y el suelo, la exposici\u00f3n a los productos qu\u00edmicos,<a style=\"font-style: inherit;color: #016ca2\" href=\"http:\/\/elpais.com\/tag\/cambio_climatico\/a\/\" target=\"_blank\">el cambio clim\u00e1tico<\/a>\u00a0y la radiaci\u00f3n ultravioleta- &#8220;contribuyen a m\u00e1s de 100 enfermedades o traumatismos&#8221;, indica esta organizaci\u00f3n internacional en su estudio\u00a0<span lang=\"es\" style=\"font-style: inherit\" xml:lang=\"es\"><a style=\"font-style: inherit;color: #016ca2\" href=\"http:\/\/ep00.epimg.net\/descargables\/2016\/03\/15\/d5defc31c21f2cd7dd5456283b057b17.pdf\" target=\"_blank\"><em>La prevenci\u00f3n de enfermedades a trav\u00e9s de entornos saludables<\/em><\/a>.\u00a0<\/span><\/p>\n<p style=\"color: #444444\">Se trata de la segunda edici\u00f3n de este informe, que parte de los datos de 2012. El anterior estudio se realiz\u00f3 hace una d\u00e9cada.\u00a0<a style=\"font-style: inherit;color: #016ca2\" href=\"http:\/\/elpais.com\/tag\/maria_neira\/a\/\" target=\"_blank\">Mar\u00eda Neira<\/a>, directora del Departamento de Salud P\u00fablica, Medio Ambiente y Determinantes Sociales de la OMS, resalta que en estos diez a\u00f1os ese porcentaje del 23% de muertes por causas ambientales no ha variado.<\/p>\n<p><span id=\"ds_im_6f50be92-845a-436c-8b96-54ddcbec4872\" class=\"ds_im\" style=\"color: #444444\"><img loading=\"lazy\" decoding=\"async\" style=\"font-style: inherit\" src=\"http:\/\/c.jsrdn.com\/i\/1.gif?r=ke29&amp;k=ZAl1cy1lYXN0LTFhCWgJaS04Nzc4MGEwMwl1CTVjNzE3YzBmLWU5MmUtNDdmOS1iMTkxLTcyZWZkZjhiY2UyNwl2CTkyODZiZWU2LWQwMGUtNGFlOC1hY2I0LWJmYmY0Njk3N2EwNAl2bAkyMDE2MDMxNS4yMjE3CXZ0CTIwMTYwMzE1LjIyMTcJdnMJMjAxNjAzMDMJdmMJMjAxNjAzMDMJaQk2ZjUwYmU5Mi04NDVhLTQzNmMtOGI5Ni01NGRkY2JlYzQ4NzIJZglodHRwOi8vaW50ZXJuYWNpb25hbC5lbHBhaXMuY29tL2ludGVybmFjaW9uYWwvMjAxNi8wMy8xNC9hY3R1YWxpZGFkLzE0NTc5NTkyNTRfNzEyMzQ3Lmh0bWwJcQkxZDM0MzY1Yy1iODBmLTRkNjktOWY2ZS01MzZlMzU3MDE4YjcJbQkyMjM0MgliCTI2MglnCTQxMAl0CTI2MTgJYwkyNjYzCWwJNDcxOQl6CTQyMjQJcwkxOTM0CXAJMjI0MDkJZ2MJQ0EJZ3IJT04JZ2QJMAluZQlpdgluZAlpdgluZglpdglxcAk1MAlxdAkyNTAwCWUJaW0JYQkzOTMJbwk\" alt=\"\" width=\"1\" height=\"1\" border=\"0\" \/>Pero s\u00ed ha cambiado el tipo de dolencias. &#8220;En esta ocasi\u00f3n, dos tercios de las muertes son por enfermedades cr\u00f3nicas, como las dolencias cardiovasculares, infartos, c\u00e1ncer o enfermedades respiratorias cr\u00f3nicas&#8221;, se\u00f1ala Neira. En concreto, seg\u00fan apunta el estudio, &#8220;las muertes por enfermedades no transmisibles que pueden atribuirse a la contaminaci\u00f3n del aire (incluida la exposici\u00f3n al humo del tabaco ajeno) han aumentado hasta la cifra de 8,2 millones&#8221;.<\/span><\/p>\n<p style=\"color: #444444\">En esta \u00faltima d\u00e9cada, paralelamente, la OMS resalta que &#8220;se han reducido las muertes debidas a enfermedades infecciosas como la diarrea y el paludismo&#8221;, que estaban vinculadas a la mala calidad del agua, el saneamiento y la gesti\u00f3n de las basuras. Se supone que tras esta disminuci\u00f3n est\u00e1 &#8220;la mejora del acceso al agua potable y el saneamiento, as\u00ed como a la inmunizaci\u00f3n, a mosquiteros tratados con insecticidas y a medicamentos esenciales&#8221;, apunta esta organizaci\u00f3n internacional.<\/p>\n<p style=\"color: #444444\">El cambio en el patr\u00f3n de las muertes causadas por problemas ambientales plantea retos. &#8220;Las enfermedades cr\u00f3nicas son m\u00e1s costosas para un pa\u00eds&#8221;, resalta Neira al comparlas con las infecciosas. &#8220;Tienen un coste alt\u00edsimo para la sociedad&#8221;, a\u00f1ade.<\/p>\n<h3 style=\"color: #111111\">Epidemia<\/h3>\n<p style=\"color: #444444\">La responsable de la OMS recuerda que las enfermedades cr\u00f3nicas \u2014como las cardiovasculares o el c\u00e1ncer\u2014 se asocian a &#8220;causas personales&#8221;, como el sedentarismo o el tabaquismo. Pero el informe tambi\u00e9n apunta a que existen componentes ambientales, como la mala calidad del aire, la exposici\u00f3n a productos qu\u00edmicos y la quema de combustibles f\u00f3siles en los hogares. &#8220;Hay que controlar esos factores de riesgo&#8221;, recomienda Neira.<\/p>\n<p style=\"color: #444444\">En su opini\u00f3n, la mayor\u00eda de las medidas se tienen que aplicar en las ciudades. &#8220;Hay que mejorar y planificar las ciudades&#8221;, donde se concentran muchos de los factores de riesgo ambientales. Adem\u00e1s, esta experta recuerda que, dentro de 10 a\u00f1os, se calcula que &#8220;el 70% de la poblaci\u00f3n vivir\u00e1 en ciudades&#8221;. &#8220;Hay que mejorar el transporte y los combustibles para tener una econom\u00eda con menos di\u00f3xido de carbono&#8221;.<\/p>\n<h3 style=\"color: #111111\">Ni\u00f1os y mayores<\/h3>\n<p style=\"color: #444444\">Los m\u00e1s afectados por la mala calidad del ambiente son los ni\u00f1os y las personas mayores, seg\u00fan apunta el estudio presentado este martes. La OMS sostiene que al a\u00f1o podr\u00edan evitarse 1,7 millones de muertes de menores de cinco a\u00f1os y 4,9 millones de adultos de entre 50 y 75 a\u00f1os si se mejora la gesti\u00f3n del medio ambiente. &#8220;La infecciones de las v\u00edas respiratorias inferiores y las enfermedades diarreicas afectan sobre todo a los menores de cinco a\u00f1os, mientras que las personas mayores son las m\u00e1s afectadas por las enfermedades no transmisibles&#8221;, afirma esta organizaci\u00f3n.<\/p>\n<p style=\"color: #444444\">Por \u00e1reas geogr\u00e1ficas, la que m\u00e1s sufre por la mala calidad ambiental es la regi\u00f3n del sudeste asi\u00e1tico, con 3,8 millones de muertes anuales. Le sigue el Pac\u00edfico occidental (3,5 millones) y \u00c1frica (2,2 millones). En los \u00faltimos lugares est\u00e1n el Mediterr\u00e1neo oriental (854.000) y Am\u00e9rica (847.000). En Europa, seg\u00fan la OMS, las malas condiciones ambientales causan 1,4 millones de muertes cada a\u00f1o.<\/p>\n<h3 style=\"color: #111111\">Enfermedades<\/h3>\n<p style=\"color: #444444\">El estudio identifica un centenar de enfermedades o traumatismo vinculados a las condiciones ambientales negativas. A la cabeza en cuanto a la mortalidad relacionada con el medio ambiente, la OMS sit\u00faa los &#8220;accidentes cerebrovasculares&#8221;, que suponen 2,5 millones de fallecimientos cada a\u00f1o. Le siguen las cardiopat\u00edas isqu\u00e9micas, con 2,3 millones. En tercer lugar est\u00e1n los llamados &#8220;traumatismos involuntarios&#8221;, por ejemplo, &#8220;muertes por accidente de tr\u00e1nsito&#8221;, que suponen 1,7 millones de muertes anuales, las mismas que varios tipos de c\u00e1ncer.<\/p>\n","protected":false},"excerpt":{"rendered":"<p>La OMS calcula que el 23% de los fallecimientos mundiales se deben a ambientes poco saludables<\/p>\n","protected":false},"author":5842,"featured_media":0,"comment_status":"open","ping_status":"open","sticky":false,"template":"","format":"standard","meta":{"footnotes":""},"categories":[24],"tags":[],"class_list":["post-466327","post","type-post","status-publish","format-standard","hentry","category-mundo"],"_links":{"self":[{"href":"https:\/\/diarioelpopular.com\/index.php\/wp-json\/wp\/v2\/posts\/466327","targetHints":{"allow":["GET"]}}],"collection":[{"href":"https:\/\/diarioelpopular.com\/index.php\/wp-json\/wp\/v2\/posts"}],"about":[{"href":"https:\/\/diarioelpopular.com\/index.php\/wp-json\/wp\/v2\/types\/post"}],"author":[{"embeddable":true,"href":"https:\/\/diarioelpopular.com\/index.php\/wp-json\/wp\/v2\/users\/5842"}],"replies":[{"embeddable":true,"href":"https:\/\/diarioelpopular.com\/index.php\/wp-json\/wp\/v2\/comments?post=466327"}],"version-history":[{"count":1,"href":"https:\/\/diarioelpopular.com\/index.php\/wp-json\/wp\/v2\/posts\/466327\/revisions"}],"predecessor-version":[{"id":466329,"href":"https:\/\/diarioelpopular.com\/index.php\/wp-json\/wp\/v2\/posts\/466327\/revisions\/466329"}],"wp:attachment":[{"href":"https:\/\/diarioelpopular.com\/index.php\/wp-json\/wp\/v2\/media?parent=466327"}],"wp:term":[{"taxonomy":"category","embeddable":true,"href":"https:\/\/diarioelpopular.com\/index.php\/wp-json\/wp\/v2\/categories?post=466327"},{"taxonomy":"post_tag","embeddable":true,"href":"https:\/\/diarioelpopular.com\/index.php\/wp-json\/wp\/v2\/tags?post=466327"}],"curies":[{"name":"wp","href":"https:\/\/api.w.org\/{rel}","templated":true}]}}