{"id":466355,"date":"2016-03-17T12:41:10","date_gmt":"2016-03-17T16:41:10","guid":{"rendered":"http:\/\/diarioelpopular.com\/?p=466355"},"modified":"2016-03-17T12:41:20","modified_gmt":"2016-03-17T16:41:20","slug":"virgilio-elizondo-padre-de-la-teologia-hispana-en-estados-unidos-se-suicida-tras-ser-acusado-de-abusos","status":"publish","type":"post","link":"https:\/\/diarioelpopular.com\/index.php\/2016\/03\/17\/virgilio-elizondo-padre-de-la-teologia-hispana-en-estados-unidos-se-suicida-tras-ser-acusado-de-abusos\/","title":{"rendered":"Virgilio Elizondo, padre de la Teolog\u00eda Hispana en Estados Unidos, se suicida tras ser acusado de abusos"},"content":{"rendered":"<div id=\"attachment_466356\" style=\"width: 570px\" class=\"wp-caption aligncenter\"><a href=\"https:\/\/diarioelpopular.com\/wp-content\/uploads\/2016\/03\/1458178342_793588_1458182637_noticia_normal_recorte1.jpg\"><img loading=\"lazy\" decoding=\"async\" aria-describedby=\"caption-attachment-466356\" class=\"size-large wp-image-466356\" src=\"https:\/\/diarioelpopular.com\/wp-content\/uploads\/2016\/03\/1458178342_793588_1458182637_noticia_normal_recorte1-560x364.jpg\" alt=\"El sacerdote y te\u00f3logo Virgilio Elizondo.\" width=\"560\" height=\"364\" \/><\/a><p id=\"caption-attachment-466356\" class=\"wp-caption-text\">El sacerdote y te\u00f3logo Virgilio Elizondo.<\/p><\/div>\n<p style=\"color: #444444\">El sacerdote\u00a0<a style=\"font-style: inherit;color: #016ca2\" href=\"http:\/\/www.virgilioelizondo.com\/1\/about.html\" target=\"_blank\">Virgilio Elizondo,<\/a>\u00a0padre de la Teolog\u00eda Latina y figura clave del empoderamiento hispano en Estados Unidos desde la d\u00e9cada de los setenta, se suicid\u00f3 este lunes de un disparo en su casa de\u00a0<a style=\"font-style: inherit;color: #016ca2\" href=\"http:\/\/elpais.com\/tag\/texas\/a\/\" target=\"_blank\">San Antonio<\/a>\u00a0(Texas), seg\u00fan confirm\u00f3 el servicio forense del condado de Bexar. Ten\u00eda 80 a\u00f1os de edad. En mayo de 2015 hab\u00eda sido acusado por un hombre de abusos supuestamente cometidos en 1983. Elizondo neg\u00f3 la acusaci\u00f3n. El caso segu\u00eda abierto.<\/p>\n<p style=\"color: #444444\">Hijo de migrantes mexicanos, nacido en San Antonio, Elizondo era un te\u00f3logo de gran reputaci\u00f3n en\u00a0<a style=\"font-style: inherit;color: #016ca2\" href=\"http:\/\/elpais.com\/tag\/estados_unidos\/a\/\" target=\"_blank\">Estados Unidos<\/a>\u00a0y con nombre tambi\u00e9n a nivel internacional.<a style=\"font-style: inherit;color: #016ca2\" href=\"http:\/\/content.time.com\/time\/magazine\/article\/0,9171,998752,00.html\" target=\"_blank\"><em>Time<\/em><\/a>\u00a0lo incluy\u00f3 en el a\u00f1o 2000 en una lista de los principales l\u00edderes espirituales estadounidenses. &#8220;La gente sufre cuando no es bienvenida. Para m\u00ed ese es el mayor pecado del mundo&#8221;, dijo a la revista. Criado en un barrio humilde, Elizondo recordaba su infancia como un tiempo de marginaci\u00f3n para los mexicanos y afroamericanos: &#8220;Fue una experiencia de segregaci\u00f3n muy fuerte&#8221;, comentaba en el v\u00eddeo de presentaci\u00f3n de su web.<\/p>\n<p style=\"color: #444444\">&#8220;La parroquia era el \u00fanico espacio institucional de la ciudad en el que nos sent\u00edamos en casa, libres para hablar en nuestro idioma, para cantar nuestras canciones, hacer nuestras fiestas y ritos&#8221;, dijo a Time. En 1963 fue ordenado sacerdote y a principios de los setenta ya estaba involucrado en la lucha por los derechos de los trabajadores de origen mexicano. En 1972 fund\u00f3 el Centro Cultural Mexicano Americano, un\u00a0<em>think tank<\/em>\u00a0para la formaci\u00f3n de l\u00edderes latinos.<\/p>\n<p style=\"color: #444444\">&#8220;Empoder\u00f3 a los latinos desde la teolog\u00eda. Propuso la idea de que el mestizaje era el futuro de la humanidad, no s\u00f3lo de una naci\u00f3n. Que el camino era la apertura, la diversidad permanente&#8221;, dice en la Ciudad de M\u00e9xico el fraile dominico Carlos Mendoza, amigo y colaborador de Elizondo.<\/p>\n<p style=\"color: #444444\">En el entorno del te\u00f3logo se sab\u00eda que la acusaci\u00f3n de abusos lo hab\u00eda hundido. Hab\u00eda dejado de dar clases en la\u00a0<a style=\"font-style: inherit;color: #016ca2\" href=\"http:\/\/news.nd.edu\/news\/65372-in-memoriam-rev-virgilio-p-elizondo-notre-dame-professor-of-pastoral-and-hispanic-theology\/\" target=\"_blank\">Universidad de Notre Dame<\/a>\u00a0y se hab\u00eda recogido en su casa de San Antonio.<\/p>\n<p style=\"color: #444444\">Notre Dame fue su plataforma acad\u00e9mica. Era el titular de Teolog\u00eda Pastoral e Hispana, y fue el responsable de que la universidad diese una c\u00e1tedra de ense\u00f1anza al peruano Gustavo Guti\u00e9rrez, uno de los mayores referentes de la<a style=\"font-style: inherit;color: #016ca2\" href=\"http:\/\/elpais.com\/tag\/teologia_liberacion\/a\/\" target=\"_blank\">Teolog\u00eda de la Liberaci\u00f3n,<\/a>\u00a0rama de izquierda de la Iglesia cat\u00f3lica en Latinoam\u00e9rica, cuando era hostigado por la jerarqu\u00eda eclesial de su pa\u00eds.<\/p>\n<p style=\"color: #444444\">Doctorado en el Instituto Cat\u00f3lico de Par\u00eds, de 1983 a 1995 fue el p\u00e1rroco de la catedral de San Fernando en San Antonio, la iglesia m\u00e1s vieja de Texas (1731), donde estableci\u00f3 una misa biling\u00fce que se transmit\u00eda por televisi\u00f3n en todo el pa\u00eds. Elizondo escribi\u00f3 libros como\u00a0<em>El futuro es mestizo<\/em>\u00a0o\u00a0<em>El camino del Galileo: una promesa mexicano-americana<\/em>\u00a0y fund\u00f3 la Academia de Te\u00f3logos Cat\u00f3licos Hispanos en Estados Unidos, que cre\u00f3 un premio con su nombre.<\/p>\n<p style=\"color: #444444\">&#8220;El padre Virgilio fue un sacerdote con coraz\u00f3n de pastor y sirvi\u00f3 como figura paterna para una generaci\u00f3n entera de j\u00f3venes latinos&#8221;, dijo el arzobispo de Los \u00c1ngeles, Jos\u00e9 Horacio G\u00f3mez. &#8220;Que la Virgen de Guadalupe, a la que amaba mucho, lo acoja con su compasi\u00f3n maternal&#8221;.<\/p>\n","protected":false},"excerpt":{"rendered":"<p>El sacerdote, hijo de migrantes mexicanos, fue una figura clave del empoderamiento latino<\/p>\n","protected":false},"author":5842,"featured_media":0,"comment_status":"open","ping_status":"open","sticky":false,"template":"","format":"standard","meta":{"footnotes":""},"categories":[24],"tags":[],"class_list":["post-466355","post","type-post","status-publish","format-standard","hentry","category-mundo"],"_links":{"self":[{"href":"https:\/\/diarioelpopular.com\/index.php\/wp-json\/wp\/v2\/posts\/466355","targetHints":{"allow":["GET"]}}],"collection":[{"href":"https:\/\/diarioelpopular.com\/index.php\/wp-json\/wp\/v2\/posts"}],"about":[{"href":"https:\/\/diarioelpopular.com\/index.php\/wp-json\/wp\/v2\/types\/post"}],"author":[{"embeddable":true,"href":"https:\/\/diarioelpopular.com\/index.php\/wp-json\/wp\/v2\/users\/5842"}],"replies":[{"embeddable":true,"href":"https:\/\/diarioelpopular.com\/index.php\/wp-json\/wp\/v2\/comments?post=466355"}],"version-history":[{"count":1,"href":"https:\/\/diarioelpopular.com\/index.php\/wp-json\/wp\/v2\/posts\/466355\/revisions"}],"predecessor-version":[{"id":466357,"href":"https:\/\/diarioelpopular.com\/index.php\/wp-json\/wp\/v2\/posts\/466355\/revisions\/466357"}],"wp:attachment":[{"href":"https:\/\/diarioelpopular.com\/index.php\/wp-json\/wp\/v2\/media?parent=466355"}],"wp:term":[{"taxonomy":"category","embeddable":true,"href":"https:\/\/diarioelpopular.com\/index.php\/wp-json\/wp\/v2\/categories?post=466355"},{"taxonomy":"post_tag","embeddable":true,"href":"https:\/\/diarioelpopular.com\/index.php\/wp-json\/wp\/v2\/tags?post=466355"}],"curies":[{"name":"wp","href":"https:\/\/api.w.org\/{rel}","templated":true}]}}