{"id":4666,"date":"2011-07-13T15:31:00","date_gmt":"2011-07-13T19:31:00","guid":{"rendered":"http:\/\/retrolab.ca\/elpopular\/?p=4666"},"modified":"2011-07-13T15:31:00","modified_gmt":"2011-07-13T19:31:00","slug":"notas-del-futbol-hispano-4","status":"publish","type":"post","link":"https:\/\/diarioelpopular.com\/index.php\/2011\/07\/13\/notas-del-futbol-hispano-4\/","title":{"rendered":"Notas del f\u00fatbol hispano"},"content":{"rendered":"<div id=\"attachment_4673\" style=\"width: 292px\" class=\"wp-caption alignright\"><a href=\"http:\/\/retrolab.ca\/elpopular\/wp-content\/uploads\/2011\/07\/FOTO-1-NOTAS.jpg\"><img loading=\"lazy\" decoding=\"async\" aria-describedby=\"caption-attachment-4673\" class=\"size-medium wp-image-4673\" title=\"Alfonso \u201cPoncho\u201d Melo, de la academia de los Tuzos de Ontario en la cancha de Weston Lions con sus clases los s\u00e1bados en horas de la ma\u00f1ana\" src=\"http:\/\/retrolab.ca\/elpopular\/wp-content\/uploads\/2011\/07\/FOTO-1-NOTAS-282x300.jpg\" alt=\"\" width=\"282\" height=\"300\" \/><\/a><p id=\"caption-attachment-4673\" class=\"wp-caption-text\">Alfonso \u201cPoncho\u201d Melo, de la academia de los Tuzos de Ontario en la cancha de Weston Lions con sus clases los s\u00e1bados en horas de la ma\u00f1ana<\/p><\/div>\n<p>Oscar Barrientos, experimentado dirigente, se ha incorporado a la Liga Hispanoamericana, luego de unos cinco a\u00f1os de ausencia. Durante ese lapso, don Oscar estuvo en su natal Chile. En la tarde del pasado don Oscar, nuevamente volvi\u00f3 a su cargo de veedor de partidos de la liga que encabeza Rodrigo Ponce, que nos anunci\u00f3 que definitivamente el torneo continuar\u00e1 con 8 equipos a pesar de tener m\u00e1s de 2 conjuntos que desean competir, pero el torneo ya esta en marcha y no se vale que a cada rato se reorganice\u2026<\/p>\n<p>Ciudad de Quito y Pichincha, cuenta con sus once jugadores e inclusive varios futbolistas suplentes. En cambio en Deportivo Patria, aun no presenta sus once reglamentarios en un partido. El dirigente Nelson Vargas, parece que va colaborar con su \u201cpana\u201d (amigo) el profesor Mario Madrid, en reforzar el equipo con cinco jugadores de buen nivel\u2026<\/p>\n<div id=\"attachment_4674\" style=\"width: 217px\" class=\"wp-caption alignleft\"><a href=\"http:\/\/retrolab.ca\/elpopular\/wp-content\/uploads\/2011\/07\/FOTO-2-NOTAS.jpg\"><img loading=\"lazy\" decoding=\"async\" aria-describedby=\"caption-attachment-4674\" class=\"size-medium wp-image-4674\" title=\"Pedro Malo, zaguero del Deportivo Cuenca, que reaparece este s\u00e1bado en la Liga Hispana\" src=\"http:\/\/retrolab.ca\/elpopular\/wp-content\/uploads\/2011\/07\/FOTO-2-NOTAS-207x300.jpg\" alt=\"\" width=\"207\" height=\"300\" \/><\/a><p id=\"caption-attachment-4674\" class=\"wp-caption-text\">Pedro Malo, zaguero del Deportivo Cuenca, que reaparece este s\u00e1bado en la Liga Hispana<\/p><\/div>\n<p>Los Tuzos de Ontario, la escuela futbol\u00edstica con licencia del club mexicano los tuzos del Pachuca, que reciente inaugur\u00f3 un museo del f\u00fatbol mexicano, continua sus clases los s\u00e1bados en horas de ma\u00f1ana en la cancha de Weston Lions (Lawrence West y Weston) con sus instructores brasile\u00f1os Paulino Silva y Jos\u00e9 Bentos, y la reciente incorporaci\u00f3n de Fernando Klaus Dom\u00ednguez, quiropr\u00e1ctico profesional. La organizaci\u00f3n de los Tuzos de Ontario est\u00e1 bajo la direcci\u00f3n de Alfonso \u201cPoncho\u201d Melo y Daniel Cerros. El jugador Julio G\u00f3mez, de gran actuaci\u00f3n en la selecci\u00f3n mexicana en la reciente obtenci\u00f3n del t\u00edtulo mundial sub 17 desarrollado en M\u00e9xico, proviene de la escuela del Pachuca. G\u00f3mez, acapar\u00f3 la atenci\u00f3n en su pa\u00eds teniendo un reconocimiento internacional, cuando faltaban pocos minutos y su selecci\u00f3n perd\u00eda 2-1 ante Alemania la semifinal. En esos momentos, se registra un tiro de esquina, y Julio salto chocando con un zaguero alem\u00e1n que se apresta a rechazar el bal\u00f3n a\u00e9reo, y se convirti\u00f3 en gol ol\u00edmpico. Julio G\u00f3mez, premiado como el Mejor Jugador del Mundial sub 17, debi\u00f3 salir de la cancha para recibir atenci\u00f3n m\u00e9dica en vista que sangraba profundamente de una parte de su cabeza, al reingresar con abultado vendaje en la parte lesionada, anoto el gol triunfo que clasifico a su selecci\u00f3n a la final, que luego gan\u00f3 2-0 a Uruguay el domingo pasado en el estadio Azteca. Uruguay, jug\u00f3 un buen partido pero no cont\u00f3 con la suerte necesaria porque en las dos mejores oportunidades de sus delanteros dieron en los postes del arco mexicano. Seg\u00fan tengo entendido del proyecto de Tuzos de Ontario, varios de sus alumnos que actualmente reciben clases a cargo de calificados profesores, viajaran a Pachuca, a recibir practicas en la propia escuela en la ciudad mexicana\u2026<\/p>\n<div id=\"attachment_4675\" style=\"width: 271px\" class=\"wp-caption alignright\"><a href=\"http:\/\/retrolab.ca\/elpopular\/wp-content\/uploads\/2011\/07\/FOTO-3-NOTAS.jpg\"><img loading=\"lazy\" decoding=\"async\" aria-describedby=\"caption-attachment-4675\" class=\"size-medium wp-image-4675\" title=\"Cristian Ben\u00edtez, delantero de la selecci\u00f3n ecuatoriana que no anda bien en la Copa Am\u00e9rica. (Foto Hugo Vera M\u00e9ndez)\" src=\"http:\/\/retrolab.ca\/elpopular\/wp-content\/uploads\/2011\/07\/FOTO-3-NOTAS-261x300.jpg\" alt=\"\" width=\"261\" height=\"300\" \/><\/a><p id=\"caption-attachment-4675\" class=\"wp-caption-text\">Cristian Ben\u00edtez, delantero de la selecci\u00f3n ecuatoriana que no anda bien en la Copa Am\u00e9rica. Foto: Hugo Vera M\u00e9ndez<\/p><\/div>\n<p>En lo que se ha visto de Copa Am\u00e9rica, el gran objetivo del Bar\u00e7a para reforzar su delantera, Alexis S\u00e1nchez, le est\u00e1 ganando en un pulso virtual al fichaje que prepara el Real Madrid, Neymar. Mientras el extremo chileno ha sido designado mejor jugador de los dos partidos que ha disputado su selecci\u00f3n, ante M\u00e9xico y Uruguay, el mediapunta brasile\u00f1o escucha sus primeras cr\u00edticas como profesional por su pobre rendimiento. Hasta ahora, a Neymar se le hab\u00edan recriminado ciertas actitudes, como encararse con rivales y tambi\u00e9n con compa\u00f1eros, pero nadie hab\u00eda reprochado su aportaci\u00f3n con el bal\u00f3n. Esta vez el innegable talento de Neymar no se est\u00e1 dejando ver. Ha menguado minuto a minuto en los fallidos partidos de la &#8216;canarinha&#8217; ante Venezuela (0-0) y Paraguay (2-2). Contra los guaran\u00eds incluso fue sustituido y abucheado por la &#8216;torcida&#8217;. &#8220;Los que te critican hoy te aplaudir\u00e1n ma\u00f1ana&#8221;, contest\u00f3 ayer Neymar en su twitter. Todo lo contrario le pasa a Alexis, la mejor noticia de un discreto torneo. Puede que no haya sido a\u00fan el &#8216;Ni\u00f1o Maravilla&#8217;, pero empieza a convencer a los aficionados cul\u00e9s que le conoc\u00edan poco, con su golazo ante Uruguay como obra cumbre\u2026<\/p>\n<div id=\"attachment_4676\" style=\"width: 220px\" class=\"wp-caption alignleft\"><a href=\"http:\/\/retrolab.ca\/elpopular\/wp-content\/uploads\/2011\/07\/FOTO-4-NOTAS.jpg\"><img loading=\"lazy\" decoding=\"async\" aria-describedby=\"caption-attachment-4676\" class=\"size-medium wp-image-4676 \" title=\"Nuestro colega Jos\u00e9 Ruiz, presente en la Copa Am\u00e9rica, con el presidente Evo Morales, de Bolivia, gran aficionado al futbol\" src=\"http:\/\/retrolab.ca\/elpopular\/wp-content\/uploads\/2011\/07\/FOTO-4-NOTAS-300x292.jpg\" alt=\"\" width=\"210\" height=\"204\" \/><\/a><p id=\"caption-attachment-4676\" class=\"wp-caption-text\">Nuestro colega Jos\u00e9 Ruiz, presente en la Copa Am\u00e9rica, con el presidente Evo Morales, de Bolivia, gran aficionado al futbol<\/p><\/div>\n<p>A sus 38 a\u00f1os, Roberto Carlos, un hist\u00f3rico del Real Madrid tras sus a\u00f1os ocupando la banda izquierda del Santiago Bernab\u00e9u, sigue disfrutando del f\u00fatbol en el Anzhi ruso. Y la experiencia, de no ser por un par de amargos problemas con el racismo de algunos aficionados, le est\u00e1 resultando satisfactoria. Tanto que quiere &#8216;hacer patria&#8217; y captar talento joven de su pa\u00eds natal para su nuevo equipo. Lo curioso es que su gran sue\u00f1o es llevarse con \u00e9l al que puede ser el nuevo fichaje &#8216;gal\u00e1ctico&#8217; del Real Madrid: Neymar. Mientras que el Real Madrid avanza hacia el fichaje del joven delantero entre rumores del inter\u00e9s de los grandes de la Premier y apariciones del Barcelona en la persona del presidente Rosell, Roberto Carlos hace un llamamiento a su compatriota, al que quiere vender el Anzhi como un club ejemplar y de enorme futuro. As\u00ed lo ha asegurado al diario ruso <em>Sport-Express:<\/em> &#8220;Ya he hablado con Neymar de todo esto&#8221;\u2026<\/p>\n<div id=\"attachment_4677\" style=\"width: 302px\" class=\"wp-caption alignright\"><a href=\"http:\/\/retrolab.ca\/elpopular\/wp-content\/uploads\/2011\/07\/FOTO-5-NOTAS.jpg\"><img loading=\"lazy\" decoding=\"async\" aria-describedby=\"caption-attachment-4677\" class=\"size-medium wp-image-4677\" title=\"Juan Vinueza, sigue demostrando que a\u00fan tiene para rato en las canchas\" src=\"http:\/\/retrolab.ca\/elpopular\/wp-content\/uploads\/2011\/07\/FOTO-5-NOTAS-292x300.jpg\" alt=\"\" width=\"292\" height=\"300\" \/><\/a><p id=\"caption-attachment-4677\" class=\"wp-caption-text\">Juan Vinueza, sigue demostrando que a\u00fan tiene para rato en las canchas<\/p><\/div>\n<p>C\u00e9sar Luis Menotti no pierde detalle de todo lo que sigue deparando el mundo del f\u00fatbol. Con una mirada anal\u00edtica, reflexiva y cr\u00edtica, el t\u00e9cnico argentino disecciona a la perfecci\u00f3n desde la poltrona las entra\u00f1as de nuestro f\u00fatbol y, c\u00f3mo no, haciendo menci\u00f3n especial a un Bar\u00e7a que le maravilla, en una entrevista concedida en el diario <em>El Pa\u00eds. <\/em>Menotti huye de las tesis que tan s\u00f3lo ensalzan a la extraordinaria generaci\u00f3n de jugadores del Bar\u00e7a como clave del \u00e9xito azulgrana para se\u00f1alar a Guardiola como pieza angular de la etapa dorada que vive el club. &#8220;Qued\u00f3 demostrado que Guardiola es m\u00e1s importante que sus jugadores. \u00c9l dice lo contrario, claro&#8230; \u00a1qu\u00e9 va a decir! \u00bfSoy el mejor? Pero vamos a revisar qui\u00e9n era Piqu\u00e9 antes de Guardiola, qui\u00e9n era Pedro, qui\u00e9n era Busquets. Ahora son unos fen\u00f3menos. Lo cierto es que tambi\u00e9n tuvo un punto de suerte pero es mentira que Guardiola sea Guardiola por los jugadores que tiene&#8221;, recuerda. Cuando Menotti habla de Guardiola deja entrever su especial predilecci\u00f3n por el t\u00e9cnico azulgrana. Algo que queda claramente reflejado en su comparaci\u00f3n con Mourinho. &#8220;Conceptualmente son muy parecidos. Pero en el campo, a la hora de la verdad, no tiene nada que ver. Mourinho hay muchos, Guardiola hay uno solo&#8221;, sentencia. Y es que en la comparativa entre blancos y azulgranas, son los hombres de Guardiola los que salen ganando para un Menotti al que le ha quedado grabado un encuentro para toda la vida. &#8220;El Madrid puede fichar m\u00e1s y m\u00e1s, al final los tendr\u00e1 a todos y ganar\u00e1, pero el 5-0 del cl\u00e1sico en el Camp Nou es para toda la vida. Me pongo a pensar y no encuentro un partido como ese. Mat\u00f3 a Mourinho para toda la vida&#8221;, recuerda. El t\u00e9cnico argentino tambi\u00e9n se refiri\u00f3 a la actual hegemon\u00eda de Messi en el f\u00fatbol mundial pese a su, hasta ahora, discreto papel con la albiceleste en la Copa Am\u00e9rica. Sin embargo, Menotti todav\u00eda no eleva a los altares de la historia a un Leo que tiene mucho qu\u00e9 hacer en el mundo del f\u00fatbol para situar su nombre entre los m\u00e1s grandes a juicio del t\u00e9cnico argentino: Di Stefano, Pel\u00e9, Maradona y Cruyff. &#8220;Messi es el que est\u00e1 m\u00e1s cerca, pero no le vas a dar la corona a los cinco a\u00f1os. Para darle a Messi la corona habr\u00eda que verle fuera del Barcelona, conseguir lo de Maradona en el N\u00e1poles&#8221;, opina\u2026<\/p>\n<div id=\"attachment_4678\" style=\"width: 650px\" class=\"wp-caption aligncenter\"><a href=\"http:\/\/retrolab.ca\/elpopular\/wp-content\/uploads\/2011\/07\/FOTO-6-NOTAS.jpg\"><img loading=\"lazy\" decoding=\"async\" aria-describedby=\"caption-attachment-4678\" class=\"size-large wp-image-4678\" title=\"Cojutepeque, compite en torneo de adultos en la Centro Sur York de Daniel Cerros\" src=\"http:\/\/retrolab.ca\/elpopular\/wp-content\/uploads\/2011\/07\/FOTO-6-NOTAS-1024x527.jpg\" alt=\"\" width=\"640\" height=\"329\" \/><\/a><p id=\"caption-attachment-4678\" class=\"wp-caption-text\">Cojutepeque, compite en torneo de adultos en la Centro Sur York de Daniel Cerros<\/p><\/div>\n<p>El mediocampista holand\u00e9s Wesley Sneijder admiti\u00f3 tener una oferta del M\u00e1laga para continuar su carrera, aunque evit\u00f3 profundizar en el inter\u00e9s del elenco que dirige el entrenador chileno Manuel Pellegrini. El conjunto andaluz espera dar un golpe en el mercado europeo y fichar al hoy jugador del Inter de Mil\u00e1n, quien se convertir\u00eda en el \u00faltimo refuerzo del equipo espa\u00f1ol para la temporada 2011-2012. En declaraciones reproducidas por el sitio abola.pt., el subcampe\u00f3n con Holanda en el Mundial &#8216;Sud\u00e1frica 2010&#8217; reconoci\u00f3 estar en carpeta del M\u00e1laga CF, que pagar\u00eda entre 35 y 40 millones de euros por su ficha. &#8220;No quiero hablar sobre el mercado. S\u00f3lo s\u00e9 que hay una gran oferta de M\u00e1laga, pero vamos a hablar cuando regrese de vacaciones&#8221;, expres\u00f3. Adem\u00e1s del cuadro blanquiazul, el Manchester United y el Manchester City est\u00e1n tambi\u00e9n interesados en el volante de 27 a\u00f1os. &#8220;De las propuestas y las negociaciones deben trata con mi representante, yo s\u00f3lo quiero descansar&#8221;, finaliz\u00f3 el ex Real Madrid y Ajax\u2026<\/p>\n<div id=\"attachment_4679\" style=\"width: 310px\" class=\"wp-caption alignleft\"><a href=\"http:\/\/retrolab.ca\/elpopular\/wp-content\/uploads\/2011\/07\/FOTO-7-NOTAS.jpg\"><img loading=\"lazy\" decoding=\"async\" aria-describedby=\"caption-attachment-4679\" class=\"size-medium wp-image-4679\" title=\"Pablo Sandoval, de buenos partidos con Pichincha con su entrenador Alejandro \u201cMenotti\u201d y un compa\u00f1ero en la Liga Hispana\" src=\"http:\/\/retrolab.ca\/elpopular\/wp-content\/uploads\/2011\/07\/FOTO-7-NOTAS-300x245.jpg\" alt=\"\" width=\"300\" height=\"245\" \/><\/a><p id=\"caption-attachment-4679\" class=\"wp-caption-text\">Pablo Sandoval, de buenos partidos con Pichincha con su entrenador Alejandro \u201cMenotti\u201d y un compa\u00f1ero en la Liga Hispana<\/p><\/div>\n<p>Toronto FC, despu\u00e9s de darnos una alegr\u00eda con el t\u00edtulo de campe\u00f3n canadiense 2011, fueron goleados 5-0 por Nueva York Bullreds, y luego perdieron 2-0 ante Houston Dynamo, ambos jugando de visitante. Tras experimentar su segunda derrota en una semana, la primera a manos de los Red Bulls en la humillante goleada 5-0 y la noche del s\u00e1bado a manos de Houston Dynamo por 2-0, son pocas las cosas a rescatar para Toronto FC. El golero Stefan Frei, declaro: \u201cCreo que lo \u00fanico positivo que podemos rescatar de estos \u00faltimos dos partidos es que ya se terminaron\u201d. \u201cTenemos una semana de descanso y hay que aprovecharla para sacudirnos de estos \u00faltimos dos partidos y mirar para adelante preocuparnos por el pr\u00f3ximo partido y tratar de salir de este mal momento como equipo\u201d, concluy\u00f3 Frei. Entre los comentarios curiosos despu\u00e9s del partido estuvieron las declaraciones del entrenador de Toronto Aron Winter, quien todav\u00eda demuestra que aun es un director t\u00e9cnico que reciente hasta comenzando. \u201cCreo que estos de estos \u00faltimos dos oponentes pudimos haber sacado cuatro puntos\u201d, coment\u00f3 el ilusionado DT que en breve contara con sus nuevos refuerzos el delantero alem\u00e1n Danny Koevermans  y el volante holand\u00e9s Torsten Frings, ambos con buenos carteles en el futbol europeo. Danny, proviene del Werden Bremen, siendo compa\u00f1ero del peruano Claudio Pizarro, en cambio Torsten, estuvo recientemente en el Feyeernor de Holanda. Ambos debutar\u00e1n el pr\u00f3ximo partido del equipo rojo. Jugadores de este nivel son necesarios para formar un buen equipo lo mismo para gu\u00eden a los m\u00e1s j\u00f3venes en la cancha. L\u00f3gicamente es necesario abrir la chequera por sus altas cotizaciones en el futbol internacional, pero es indispensable si un equipo desea llegar cuando menos a los \u201cplay off\u201d. Siempre queda la duda de la adaptaci\u00f3n, pero ambos nuevos jugadores parecen profesionales competitivos que desean demostrar su calidad futbol\u00edstica. El golero suizo Frei es el mejor jugador del Toronto FC en la actual temporada, si fuera por \u00e9l a cada rato llenar\u00edan la canasta a la porter\u00eda del equipo local. La revelaci\u00f3n sin dudas es Joao Plata. En cambio Julian de Guzman, aun se espera mucho de \u00e9l o habr\u00e1 llegado a su tope futbol\u00edstica y no da m\u00e1s. Mientras al jovencito Oscar Cord\u00f3n, parece que anda lesionado porque no lo vemos ni en la banca\u2026<\/p>\n<p>El delantero colombiano del Seattle Sounders FC Fredy Montero fue escogido como el Jugador de la Semana de la Major League Soccer por el North American Soccer Reporters (NASR). Montero anot\u00f3 dos goles en triunfo 3-2 de su equipo sobre su rival los Portland Timbers ante una estadio lleno en JELD-WEN Field en Portland. Este es el primer galard\u00f3n al Jugador de la Semana de la MLS de la temporada 2011 para Montero, y el tercero de su carrera en la MLS, ya habiendo ganado el galard\u00f3n en marzo del 2009 y agosto del 2010. Montero es el segundo jugador de los Sounders FC en ser elegido como el Jugador de la Semana esta temporada, despu\u00e9s del defensor Jeff Parke quien fue elegido en la d\u00e9cima jornada como el Jugador de la Semana de la MLS\u2026<\/p>\n<p>Canad\u00e1 baj\u00f3 tremendamente su nivel en el actual torneo mundial femenino en Alemania 2011, no gano ni un partido ni tampoco puntos, apenas un hizo gol en tres juegos. Los diarios canadienses, que poco o nada critican en cuanto al futbol, le dieron con todo al equipo a su entrenadora italiana. Parece que se viene una renovaci\u00f3n en la selecci\u00f3n con vista al torneo mundial femenino 2015 que se jugar\u00e1 en Canad\u00e1\u2026<\/p>\n<p>\u201cCuando voy presenciar los partidos de Copa Diario El Popular, de inmediato me ofrecen que vuelva\u201d, comentaba Rodolfo Mata Vizueta, veedor de la Liga Hispana\u2026<\/p>\n<p>Juan Vinueza, jugador y delegado del Ciudad de Quito, ni bien vio que el Patria, no se presentaba despu\u00e9s de pasados los 15 minutos reglamentarios, reclam\u00f3 los puntos, los mismos que le fueron concedidos al Ciudad de Quito el pasado s\u00e1bado en la hispana\u2026<\/p>\n<p>Todo parece indicar que Juan Vinueza, se retir\u00f3 del arbitraje para trabajar en la directiva del Ciudad de Quito que preside \u201cPancho\u201d Castro\u2026<\/p>\n<div id=\"attachment_4680\" style=\"width: 310px\" class=\"wp-caption alignright\"><a href=\"http:\/\/retrolab.ca\/elpopular\/wp-content\/uploads\/2011\/07\/FOTO-8-NOTAS.jpg\"><img loading=\"lazy\" decoding=\"async\" aria-describedby=\"caption-attachment-4680\" class=\"size-medium wp-image-4680\" title=\"Torsten Frings, volante holand\u00e9s y Danny Koevevermans, goleador alem\u00e1n, listo para debutar en el Toronto FC. Foto: TFC\" src=\"http:\/\/retrolab.ca\/elpopular\/wp-content\/uploads\/2011\/07\/FOTO-8-NOTAS-300x169.jpg\" alt=\"\" width=\"300\" height=\"169\" \/><\/a><p id=\"caption-attachment-4680\" class=\"wp-caption-text\">Torsten Frings, volante holand\u00e9s y Danny Koevevermans, goleador alem\u00e1n, listo para debutar en el Toronto FC. Foto: TFC<\/p><\/div>\n<p>Un equipo combinado con jugadores de Toronto se apresta a viajar a Montreal, el s\u00e1bado 30 de este mes, para jugar en un partido ante la Selecci\u00f3n Peruana de Montreal que dirige Guillermo Zapata. Despu\u00e9s a mediados de agosto, los masters de Montreal visitaran nuestra ciudad. Orlando Guzm\u00e1n, viene organizando esta gira de intercambios desde hace varias semanas, y tiene como colaboradores al dirigente salvadore\u00f1o Marcos Paz, que actual ha formado un buen equipo en la ligas futsal de don Daniel, siendo uno de los favoritos para llevarse el titulo veraniego 2011. En el equipo hispano de Toronto, no faltar\u00e1n el amigo \u201cpuma\u201d Alberto Mat\u00edas ni tampoco Resa, el delantero iran\u00ed, quienes se muestran fieles a Orlando, cuando organiza algo. Este equipo combinado de Toronto, tambi\u00e9n tiene un juego en Nueva Jersey para fines de agosto. Mientras existe el proyecto de una gira internacional por Lima a fines de enero del 2012, y jugar en el propio renovado Estadio Nacional de la capital peruana: bien dicen que so\u00f1ar no cuesta nada, pero no hay peor gesti\u00f3n de la que no se hace. \u201cMotorcito\u201d Guzm\u00e1n, es muy amigo de don Javier Quintana, secretario de la Federaci\u00f3n Peruana de Futbol, y por ah\u00ed quien sabe se pueda convertir este sue\u00f1o en realidad\u2026<\/p>\n<p>Alejandro Tabillo, el sobresaliente tenista adolecente que acaba de cumplir 14 a\u00f1os, en breve inicia una gira por Europa para disputar varias competencias juveniles, siendo la principal la Copa Davis sub 15 que se jugar\u00e1 en la republica Checa. Alejandro con otros compa\u00f1eros intervendr\u00e1 representando a Canad\u00e1. Luego, Alejandro participar\u00e1 en otros torneos en Estados Unidos y Canad\u00e1. Despu\u00e9s en el mes de septiembre se incorporara a una famosa academia de tenis en la ciudad de Boca Rat\u00f3n en Florida, Estados Unidos, en donde se someter\u00e1 a entrenamientos a cargo de los mejores entrenadores del mundo en la divisi\u00f3n juvenil del tenis internacional. De estas academias salen la mayor\u00eda de los tenistas profesionales del futuro inmediato\u2026<\/p>\n<p>Hasta la pr\u00f3xima\u2026<\/p>\n","protected":false},"excerpt":{"rendered":"<p>Oscar Barrientos, experimentado dirigente, se ha incorporado a la Liga Hispanoamericana, luego de unos cinco a\u00f1os de ausencia. Durante ese lapso, don Oscar estuvo en&hellip;<\/p>\n","protected":false},"author":1,"featured_media":4684,"comment_status":"closed","ping_status":"open","sticky":false,"template":"","format":"standard","meta":{"footnotes":""},"categories":[28],"tags":[179,657],"class_list":["post-4666","post","type-post","status-publish","format-standard","has-post-thumbnail","hentry","category-deportes","tag-futbol-2","tag-futbol-hispano"],"_links":{"self":[{"href":"https:\/\/diarioelpopular.com\/index.php\/wp-json\/wp\/v2\/posts\/4666","targetHints":{"allow":["GET"]}}],"collection":[{"href":"https:\/\/diarioelpopular.com\/index.php\/wp-json\/wp\/v2\/posts"}],"about":[{"href":"https:\/\/diarioelpopular.com\/index.php\/wp-json\/wp\/v2\/types\/post"}],"author":[{"embeddable":true,"href":"https:\/\/diarioelpopular.com\/index.php\/wp-json\/wp\/v2\/users\/1"}],"replies":[{"embeddable":true,"href":"https:\/\/diarioelpopular.com\/index.php\/wp-json\/wp\/v2\/comments?post=4666"}],"version-history":[{"count":0,"href":"https:\/\/diarioelpopular.com\/index.php\/wp-json\/wp\/v2\/posts\/4666\/revisions"}],"wp:featuredmedia":[{"embeddable":true,"href":"https:\/\/diarioelpopular.com\/index.php\/wp-json\/"}],"wp:attachment":[{"href":"https:\/\/diarioelpopular.com\/index.php\/wp-json\/wp\/v2\/media?parent=4666"}],"wp:term":[{"taxonomy":"category","embeddable":true,"href":"https:\/\/diarioelpopular.com\/index.php\/wp-json\/wp\/v2\/categories?post=4666"},{"taxonomy":"post_tag","embeddable":true,"href":"https:\/\/diarioelpopular.com\/index.php\/wp-json\/wp\/v2\/tags?post=4666"}],"curies":[{"name":"wp","href":"https:\/\/api.w.org\/{rel}","templated":true}]}}