{"id":466670,"date":"2016-04-13T20:24:32","date_gmt":"2016-04-14T00:24:32","guid":{"rendered":"http:\/\/diarioelpopular.com\/?p=466670"},"modified":"2016-04-13T20:24:42","modified_gmt":"2016-04-14T00:24:42","slug":"ee-uu-confirma-el-vinculo-del-virus-del-zika-con-la-microcefalia","status":"publish","type":"post","link":"https:\/\/diarioelpopular.com\/index.php\/2016\/04\/13\/ee-uu-confirma-el-vinculo-del-virus-del-zika-con-la-microcefalia\/","title":{"rendered":"EE UU confirma el v\u00ednculo del virus del Zika con la microcefalia"},"content":{"rendered":"<div id=\"attachment_466671\" style=\"width: 570px\" class=\"wp-caption aligncenter\"><a href=\"https:\/\/diarioelpopular.com\/wp-content\/uploads\/2016\/04\/1460581074_417966_1460581366_noticia_normal_recorte1.jpg\"><img loading=\"lazy\" decoding=\"async\" aria-describedby=\"caption-attachment-466671\" class=\"size-large wp-image-466671\" src=\"https:\/\/diarioelpopular.com\/wp-content\/uploads\/2016\/04\/1460581074_417966_1460581366_noticia_normal_recorte1-560x420.jpg\" alt=\"Un mosquiteo Aedes Aegypti, transmisor del virus del Zika \" width=\"560\" height=\"420\" \/><\/a><p id=\"caption-attachment-466671\" class=\"wp-caption-text\">Un mosquiteo Aedes Aegypti, transmisor del virus del Zika<\/p><\/div>\n<p style=\"color: #444444\">El Centro de Control de Enfermedades (CDC) de Estados Unidos ha confirmado este mi\u00e9rcoles el v\u00ednculo entre el\u00a0<a style=\"font-style: inherit;color: #016ca2\" href=\"http:\/\/elpais.com\/tag\/virus_zika\/a\/4\">virus del Zika<\/a>\u00a0y defectos de nacimiento como la microcefalia.<\/p>\n<p style=\"color: #444444\">\u201cHemos confirmado ahora lo que las crecientes pruebas suger\u00edan. Ahora est\u00e1 claro que el virus causa microcefalia\u201d, dijo el director del CDC, Tom Frieden, respecto del estudio realizado por su equipo y publicado en el\u00a0<em><a style=\"font-style: inherit;color: #016ca2\" href=\"http:\/\/www.nejm.org\/doi\/full\/10.1056\/NEJMsr1604338?query=featured_home\" target=\"_blank\">New England Journal of Medicine<\/a>.<\/em><\/p>\n<p style=\"color: #444444\">En este, los expertos del CDC concluyen que \u201cexiste una relaci\u00f3n causal entre la infecci\u00f3n prenatal del virus del Zika y la microcefalia y otros graves defectos cerebrales fetales\u201d.<\/p>\n<p style=\"color: #444444\">Seg\u00fan subray\u00f3 el CDC en un comunicado, la confirmaci\u00f3n del v\u00ednculo entre el virus y defectos como la microcefalia no se debe a una evidencia \u00fanica que proporcione una prueba concluyente. Pero se ha llegado a esta conclusi\u00f3n \u2014tan segura que los expertos estadounidenses han decidido ser los primeros en anunciarla\u2014 tras revisar los cada vez m\u00e1s numerosos estudios sobre el tema, evalu\u00e1ndolos mediante \u201ccriterios cient\u00edficos establecidos que apoyan las conclusiones de los autores&#8221;.<\/p>\n<p style=\"color: #444444\">\u201cEste estudio marca un punto de inflexi\u00f3n en el brote del Zika\u201d, asegur\u00f3 Frieden. Seg\u00fan el experto, el pr\u00f3ximo paso ser\u00e1 lanzar nuevos estudios para determinar si los ni\u00f1os nacidos con microcefalia de madres infectadas de Zika \u201ces la punta del iceberg de lo que podr\u00edamos ver sobre\u00a0<a style=\"font-style: inherit;color: #016ca2\" href=\"http:\/\/internacional.elpais.com\/internacional\/2016\/03\/04\/actualidad\/1457125262_741877.html\">efectos da\u00f1inos en el cerebro<\/a>\u00a0y otros problemas de desarrollo\u201d, advirti\u00f3.<\/p>\n<p style=\"color: #444444\">Hace d\u00edas que el CDC viene avisando de que\u00a0<a style=\"font-style: inherit;color: #016ca2\" href=\"http:\/\/internacional.elpais.com\/internacional\/2016\/04\/12\/actualidad\/1460442308_079517.html\">el Zika es un virus al que hay que tomar m\u00e1s en serio<\/a>\u00a0a\u00fan de lo que se hace en la actualidad. En una mesa redonda con varios medios, incluido EL PA\u00cdS, celebrada por la Casa Blanca esta semana, el director del Instituto Nacional de Alergias y Enfermedades Infecciosas (NIAID), Anthony Fauci, dijo que el virus tiene una \u201ctendencia extraordinaria a atacar tejido neural\u201d. Algo que se ha comprobado en los fetos, pero tambi\u00e9n en algunos casos de adultos que han presentado \u201ccomplicaciones m\u00e1s all\u00e1 del s\u00edndrome Guillain-Barr\u00e9\u201d ya reportado.<\/p>\n<p style=\"color: #444444\">Adem\u00e1s, se\u00f1al\u00f3 Fauci, algunos estudios han demostrado que el virus se queda m\u00e1s tiempo circulando en mujeres embarazadas que en las que no est\u00e1n gestando, aunque por el momento no hay conclusiones sobre qu\u00e9 efectos puede tener esto. \u201cMuchas preguntas siguen abiertas, incluido el espectro de defectos causados por la infecci\u00f3n prenatal del virus del Zika, el grado de riesgos relativos y absolutos entre los fetos cuyas madres se infectaron en momentos diferentes del embarazo y factores que podr\u00edan afectar el riesgo de la mujer a tener un resultado adverso de la gestaci\u00f3n o del parto\u201d, coincide el estudio ahora publicado.<\/p>\n<p style=\"color: #444444\">Los autores defienden adem\u00e1s la \u201ccautela\u201d mantenida hasta la fecha por la comunidad cient\u00edfica pese a las\u00a0<a style=\"font-style: inherit;color: #016ca2\" href=\"http:\/\/internacional.elpais.com\/internacional\/2016\/03\/31\/actualidad\/1459446911_964054.html\">crecientes evidencias de la relaci\u00f3n entre el Zika y las malformaciones cong\u00e9nitas<\/a>\u00a0como la microcefalia. No es sorprendente, escriben los expertos del CDC, en vista de que \u201cla \u00faltima vez que un pat\u00f3geno infeccioso (el virus de la rubeola) caus\u00f3 una epidemia de defectos cong\u00e9nitos fue hace m\u00e1s de 50 a\u00f1os\u201d. Adem\u00e1s, hasta ahora \u201cno se hab\u00eda podido demostrar de forma definitiva que ning\u00fan flavivirus (como el Zika) causaba defectos de nacimientos en humanos\u201d y hasta el nuevo brote, detectado por primera vez hace un a\u00f1o en Brasil, no se hab\u00eda reportado casos de defectos cong\u00e9nitos relacionados con el Zika.<\/p>\n<p style=\"color: #444444\">La confirmaci\u00f3n de este v\u00ednculo no significa, puntualiz\u00f3 tambi\u00e9n el CDC, que toda mujer embarazada e infectada con Zika vaya a tener un beb\u00e9 con problemas de malformaci\u00f3n, tal como muestran los muchos casos de nacimientos de beb\u00e9s sanos. Pero para lo que s\u00ed sirve es para reforzar las medidas de prevenci\u00f3n, dijo Frieden.<\/p>\n<p style=\"color: #444444\">\u201cEstablecer esta relaci\u00f3n causal entre el Zika y defectos cerebrales en el feto es un paso importante para dirigir nuevos esfuerzos de prevenci\u00f3n, centrar las actividades de investigaci\u00f3n y reforzar la necesidad de una comunicaci\u00f3n directa sobre los riesgos del Zika\u201d, se\u00f1al\u00f3 la instituci\u00f3n.<\/p>\n<p style=\"color: #444444\">Por el momento sin embargo, EE UU no va a modificar\u00a0<a style=\"font-style: inherit;color: #016ca2\" href=\"http:\/\/internacional.elpais.com\/internacional\/2016\/03\/25\/actualidad\/1458931942_864053.html\">las recomendaciones ya emitidas para las embarazadas<\/a>, a las que aconsejan evitar en la medida de lo posible viajar a zonas donde hay virus del Zika y protegerse de las picaduras si no pueden evitar ese viaje o viven en zonas de riesgo. Si la pareja de la embarazada ha viajado a una zona con el virus, se le recomienda que se abstenga de mantener relaciones sexuales durante la gestaci\u00f3n o que lo haga con preservativo.<\/p>\n<p style=\"color: #444444\">Hasta el momento, EE UU no ha registrado en su territorio continental ninguna transmisi\u00f3n local del virus del Zika. Todos los casos han sido o bien importados (personas que se infectaron al viajar a un pa\u00eds donde est\u00e1 presente el virus) o por transmisi\u00f3n sexual. Esta situaci\u00f3n ha facilitado el estudio de las posibles implicaciones de la infecci\u00f3n del virus, puesto que permiti\u00f3 descartar en las mujeres embarazadas afectadas otros factores que s\u00ed se dan en zonas de Zika, donde generalmente tambi\u00e9n hay otras enfermedades como dengue o chikungunya que pueden complicar el diagn\u00f3stico.<\/p>\n<p style=\"color: #444444\">La Organizaci\u00f3n Panamericana de la Salud (OPS), brazo regional de la OMS, dijo que el estudio del CDC \u201cadelanta significativamente nuestra comprensi\u00f3n del v\u00ednculo causal entre el virus del Zika y las malformaciones fetales que se han observado\u201d.<\/p>\n<p style=\"color: #444444\">La revisi\u00f3n cient\u00edfica de las pruebas \u201cnos ayudar\u00e1 a redefinir m\u00e1s a\u00fan nuestras recomendaciones a los pa\u00edses para que mejoren su respuesta p\u00fablica de salud\u201d, agreg\u00f3 la OPS en un comunicado.<\/p>\n","protected":false},"excerpt":{"rendered":"<p>EL CDC califica la noticia como un \u201cpunto de inflexi\u00f3n\u201d en el brote<\/p>\n","protected":false},"author":5842,"featured_media":0,"comment_status":"open","ping_status":"open","sticky":false,"template":"","format":"standard","meta":{"footnotes":""},"categories":[24],"tags":[],"class_list":["post-466670","post","type-post","status-publish","format-standard","hentry","category-mundo"],"_links":{"self":[{"href":"https:\/\/diarioelpopular.com\/index.php\/wp-json\/wp\/v2\/posts\/466670","targetHints":{"allow":["GET"]}}],"collection":[{"href":"https:\/\/diarioelpopular.com\/index.php\/wp-json\/wp\/v2\/posts"}],"about":[{"href":"https:\/\/diarioelpopular.com\/index.php\/wp-json\/wp\/v2\/types\/post"}],"author":[{"embeddable":true,"href":"https:\/\/diarioelpopular.com\/index.php\/wp-json\/wp\/v2\/users\/5842"}],"replies":[{"embeddable":true,"href":"https:\/\/diarioelpopular.com\/index.php\/wp-json\/wp\/v2\/comments?post=466670"}],"version-history":[{"count":1,"href":"https:\/\/diarioelpopular.com\/index.php\/wp-json\/wp\/v2\/posts\/466670\/revisions"}],"predecessor-version":[{"id":466672,"href":"https:\/\/diarioelpopular.com\/index.php\/wp-json\/wp\/v2\/posts\/466670\/revisions\/466672"}],"wp:attachment":[{"href":"https:\/\/diarioelpopular.com\/index.php\/wp-json\/wp\/v2\/media?parent=466670"}],"wp:term":[{"taxonomy":"category","embeddable":true,"href":"https:\/\/diarioelpopular.com\/index.php\/wp-json\/wp\/v2\/categories?post=466670"},{"taxonomy":"post_tag","embeddable":true,"href":"https:\/\/diarioelpopular.com\/index.php\/wp-json\/wp\/v2\/tags?post=466670"}],"curies":[{"name":"wp","href":"https:\/\/api.w.org\/{rel}","templated":true}]}}