{"id":466796,"date":"2016-04-21T13:12:53","date_gmt":"2016-04-21T17:12:53","guid":{"rendered":"http:\/\/diarioelpopular.com\/?p=466796"},"modified":"2016-04-21T13:13:01","modified_gmt":"2016-04-21T17:13:01","slug":"lo-afirmo-el-nuevo-embajador-mexicano-en-eeuu","status":"publish","type":"post","link":"https:\/\/diarioelpopular.com\/index.php\/2016\/04\/21\/lo-afirmo-el-nuevo-embajador-mexicano-en-eeuu\/","title":{"rendered":"Lo afirm\u00f3 el nuevo embajador mexicano en EEUU"},"content":{"rendered":"<p>&nbsp;<\/p>\n<div id=\"attachment_466797\" style=\"width: 486px\" class=\"wp-caption aligncenter\"><a href=\"https:\/\/diarioelpopular.com\/wp-content\/uploads\/2016\/04\/a99449b794f5727ec3f1db310521fade.jpg\"><img loading=\"lazy\" decoding=\"async\" aria-describedby=\"caption-attachment-466797\" class=\"size-full wp-image-466797\" src=\"https:\/\/diarioelpopular.com\/wp-content\/uploads\/2016\/04\/a99449b794f5727ec3f1db310521fade.jpg\" alt=\"Donald Trump, precandidato republicano (foto: Ansa)\" width=\"476\" height=\"355\" \/><\/a><p id=\"caption-attachment-466797\" class=\"wp-caption-text\">Donald Trump, precandidato republicano (foto: Ansa)<\/p><\/div>\n<p><span style=\"color: #000000\"><em><strong>(ANSA) &#8211; CIUDAD DE MEXICO.-<\/strong> <\/em>El nuevo embajador en Estados Unidos, Carlos Sada, se\u00f1al\u00f3 que las comunidades mexicanas en Estados Unidos est\u00e1n siendo v\u00edctimas de &#8220;bullying&#8221; (acoso) por parte del aspirante republicano Donald Trump.<\/span><br style=\"color: #000000\" \/><span style=\"color: #000000\">\u00a0\u00a0\u00a0 Durante su comparecencia ante comisiones del Senado, en el proceso para su ratificaci\u00f3n, que se considera un mero tr\u00e1mite, Sada se\u00f1al\u00f3 que esta actitud de Trump &#8220;se ha traducido en miedo y angustia&#8221;.<\/span><br style=\"color: #000000\" \/><span style=\"color: #000000\">\u00a0\u00a0\u00a0 Ante planteamientos absurdos&#8221; como la idea de confiscar las remesas familiares para financiar un muro fronterizo, los mexicanos han reaccionado con temor, afirm\u00f3.<\/span><br style=\"color: #000000\" \/><span style=\"color: #000000\">\u00a0\u00a0\u00a0 &#8220;Esto que nos est\u00e1 pasando es motivo de una reflexi\u00f3n profunda, porque no puede ser que a lo largo de nuestra historia, con toda la interacci\u00f3n que hay entre los dos pa\u00edses, no tengamos esa presencia y el peso pol\u00edtico que corresponde a nuestro pa\u00eds&#8221;, dijo Sada, hasta ahora c\u00f3nsul en Los Angeles.<\/span><br style=\"color: #000000\" \/><span style=\"color: #000000\">\u00a0\u00a0\u00a0 Sada relev\u00f3 a Miguel Bas\u00e1\u00f1ez, un acad\u00e9mico y experto en encuestas, removido cuando apenas cumpl\u00eda siete meses en el cargo, en medio de especulaciones de que hizo cr\u00edticas que motivaron quejas del gobierno estadounidense por intromisi\u00f3n en sus asuntos internos.<\/span><br style=\"color: #000000\" \/><span style=\"color: #000000\">\u00a0\u00a0\u00a0 El gobierno mexicano anunci\u00f3 una nueva ofensiva diplom\u00e1tica para hacer frente al discurso xen\u00f3fobo de Trump, quien ha acusado a M\u00e9xico de enviar a criminales a Estados Unidos.<\/span><br style=\"color: #000000\" \/><span style=\"color: #000000\">\u00a0\u00a0\u00a0 Sada dijo que los repetidos mensajes antimexicanos de Trump &#8220;nos han hecho vulnerables, seguramente porque no hemos tenido una estrategia sistem\u00e1tica&#8221; para neutralizarlos.<\/span><\/p>\n","protected":false},"excerpt":{"rendered":"<p>EEUU 2016<\/p>\n","protected":false},"author":5842,"featured_media":0,"comment_status":"open","ping_status":"open","sticky":false,"template":"","format":"standard","meta":{"footnotes":""},"categories":[23,24],"tags":[],"class_list":["post-466796","post","type-post","status-publish","format-standard","hentry","category-latinoamerica","category-mundo"],"_links":{"self":[{"href":"https:\/\/diarioelpopular.com\/index.php\/wp-json\/wp\/v2\/posts\/466796","targetHints":{"allow":["GET"]}}],"collection":[{"href":"https:\/\/diarioelpopular.com\/index.php\/wp-json\/wp\/v2\/posts"}],"about":[{"href":"https:\/\/diarioelpopular.com\/index.php\/wp-json\/wp\/v2\/types\/post"}],"author":[{"embeddable":true,"href":"https:\/\/diarioelpopular.com\/index.php\/wp-json\/wp\/v2\/users\/5842"}],"replies":[{"embeddable":true,"href":"https:\/\/diarioelpopular.com\/index.php\/wp-json\/wp\/v2\/comments?post=466796"}],"version-history":[{"count":1,"href":"https:\/\/diarioelpopular.com\/index.php\/wp-json\/wp\/v2\/posts\/466796\/revisions"}],"predecessor-version":[{"id":466798,"href":"https:\/\/diarioelpopular.com\/index.php\/wp-json\/wp\/v2\/posts\/466796\/revisions\/466798"}],"wp:attachment":[{"href":"https:\/\/diarioelpopular.com\/index.php\/wp-json\/wp\/v2\/media?parent=466796"}],"wp:term":[{"taxonomy":"category","embeddable":true,"href":"https:\/\/diarioelpopular.com\/index.php\/wp-json\/wp\/v2\/categories?post=466796"},{"taxonomy":"post_tag","embeddable":true,"href":"https:\/\/diarioelpopular.com\/index.php\/wp-json\/wp\/v2\/tags?post=466796"}],"curies":[{"name":"wp","href":"https:\/\/api.w.org\/{rel}","templated":true}]}}