{"id":467117,"date":"2016-05-26T11:48:10","date_gmt":"2016-05-26T15:48:10","guid":{"rendered":"http:\/\/diarioelpopular.com\/?p=467117"},"modified":"2016-05-26T11:48:18","modified_gmt":"2016-05-26T15:48:18","slug":"donald-trump-alcanza-la-cifra-de-delegados-necesaria-para-ser-el-candidato-republicano","status":"publish","type":"post","link":"https:\/\/diarioelpopular.com\/index.php\/2016\/05\/26\/donald-trump-alcanza-la-cifra-de-delegados-necesaria-para-ser-el-candidato-republicano\/","title":{"rendered":"Donald Trump alcanza la cifra de delegados necesaria para ser el candidato republicano"},"content":{"rendered":"<div id=\"attachment_467118\" style=\"width: 570px\" class=\"wp-caption aligncenter\"><a href=\"https:\/\/diarioelpopular.com\/wp-content\/uploads\/2016\/05\/1464275650_472964_1464275747_noticia_normal_recorte1.jpg\"><img loading=\"lazy\" decoding=\"async\" aria-describedby=\"caption-attachment-467118\" class=\"size-large wp-image-467118\" src=\"https:\/\/diarioelpopular.com\/wp-content\/uploads\/2016\/05\/1464275650_472964_1464275747_noticia_normal_recorte1-560x300.jpg\" alt=\"Donald Trump, en un acto de campa\u00f1a para lograr la nominaci\u00f3n republicana.\" width=\"560\" height=\"300\" \/><\/a><p id=\"caption-attachment-467118\" class=\"wp-caption-text\">Donald Trump, en un acto de campa\u00f1a para lograr la nominaci\u00f3n republicana.<\/p><\/div>\n<p style=\"color: #444444\">El empresario estadounidense\u00a0<a style=\"font-style: inherit;color: #016ca2\" href=\"http:\/\/elpais.com\/tag\/donald_trump\/a\/\">Donald Trump<\/a>\u00a0ha alcanzado ya la cifra de delegados que le garantiza salir vencedor de la convenci\u00f3n nacional del Partido Republicano y obtener la nominaci\u00f3n a la\u00a0<a style=\"font-style: inherit;color: #016ca2\" href=\"http:\/\/elpais.com\/tag\/casa_blanca\/a\/\">Casa Blanca<\/a>, lo que descarta cualquier candidatura alternativa.<\/p>\n<p style=\"color: #444444\">Trump ha ido sumando victorias en las primarias hasta alcanzar la simb\u00f3lica cifra de 1.237, gracias a la cual se garantiza salir como vencedor de la convenci\u00f3n de Cleveland, que tendr\u00e1 lugar entre el 18 y el 21 de julio. El magnate, en concreto, suma ya 1.238 delegados, seg\u00fan el recuento de la agencia\u00a0<a style=\"font-style: inherit;color: #016ca2\" href=\"http:\/\/www.ap.org\/\" target=\"_blank\">AP<\/a>\u00a0y de la p\u00e1gina web\u00a0<a style=\"font-style: inherit;color: #016ca2\" href=\"http:\/\/www.realclearpolitics.com\/\" target=\"_blank\">Real Clear Politics<\/a>, despu\u00e9s de que un peque\u00f1o n\u00famero de representantes conservadores que no est\u00e1n vinculados a ninguno de los candidatos hayan confirmado que optar\u00e1n finalmente por Trump.<\/p>\n<p style=\"color: #444444\">El pol\u00e9mico empresario ha dinamitado la campa\u00f1a y se ha ido deshaciendo progresivamente de otros 16 aspirantes republicanos, entre ellos algunos que part\u00edan\u00a0<em>a priori<\/em>\u00a0con m\u00e1s opciones como\u00a0<a style=\"font-style: inherit;color: #016ca2\" href=\"http:\/\/elpais.com\/tag\/jeb_bush\/a\/\">Jeb Bush<\/a>\u00a0o\u00a0<a style=\"font-style: inherit;color: #016ca2\" href=\"http:\/\/elpais.com\/tag\/marco_rubio\/a\/\">Marco Rubio<\/a>. El senador<a style=\"font-style: inherit;color: #016ca2\" href=\"http:\/\/elpais.com\/tag\/rafael_edward_cruz\/a\/\">Ted Cruz<\/a>\u00a0y el gobernador de Ohio,\u00a0<a style=\"font-style: inherit;color: #016ca2\" href=\"http:\/\/elpais.com\/tag\/john_kasich\/a\/\">John Kasich<\/a>, fueron los \u00faltimos en tirar la toalla.<\/p>\n","protected":false},"excerpt":{"rendered":"<p>El empresario estadounidense suma ya 1.238 apoyos en su partido, lo que inhabilita cualquier candidatura alternativa<\/p>\n","protected":false},"author":5842,"featured_media":0,"comment_status":"open","ping_status":"open","sticky":false,"template":"","format":"standard","meta":{"footnotes":""},"categories":[24],"tags":[],"class_list":["post-467117","post","type-post","status-publish","format-standard","hentry","category-mundo"],"_links":{"self":[{"href":"https:\/\/diarioelpopular.com\/index.php\/wp-json\/wp\/v2\/posts\/467117","targetHints":{"allow":["GET"]}}],"collection":[{"href":"https:\/\/diarioelpopular.com\/index.php\/wp-json\/wp\/v2\/posts"}],"about":[{"href":"https:\/\/diarioelpopular.com\/index.php\/wp-json\/wp\/v2\/types\/post"}],"author":[{"embeddable":true,"href":"https:\/\/diarioelpopular.com\/index.php\/wp-json\/wp\/v2\/users\/5842"}],"replies":[{"embeddable":true,"href":"https:\/\/diarioelpopular.com\/index.php\/wp-json\/wp\/v2\/comments?post=467117"}],"version-history":[{"count":1,"href":"https:\/\/diarioelpopular.com\/index.php\/wp-json\/wp\/v2\/posts\/467117\/revisions"}],"predecessor-version":[{"id":467119,"href":"https:\/\/diarioelpopular.com\/index.php\/wp-json\/wp\/v2\/posts\/467117\/revisions\/467119"}],"wp:attachment":[{"href":"https:\/\/diarioelpopular.com\/index.php\/wp-json\/wp\/v2\/media?parent=467117"}],"wp:term":[{"taxonomy":"category","embeddable":true,"href":"https:\/\/diarioelpopular.com\/index.php\/wp-json\/wp\/v2\/categories?post=467117"},{"taxonomy":"post_tag","embeddable":true,"href":"https:\/\/diarioelpopular.com\/index.php\/wp-json\/wp\/v2\/tags?post=467117"}],"curies":[{"name":"wp","href":"https:\/\/api.w.org\/{rel}","templated":true}]}}