{"id":467163,"date":"2016-05-31T21:48:38","date_gmt":"2016-06-01T01:48:38","guid":{"rendered":"http:\/\/diarioelpopular.com\/?p=467163"},"modified":"2016-05-31T21:48:45","modified_gmt":"2016-06-01T01:48:45","slug":"donald-trump-en-guerra-contra-la-prensa","status":"publish","type":"post","link":"https:\/\/diarioelpopular.com\/index.php\/2016\/05\/31\/donald-trump-en-guerra-contra-la-prensa\/","title":{"rendered":"Donald Trump, en guerra contra la prensa"},"content":{"rendered":"<div id=\"attachment_467164\" style=\"width: 570px\" class=\"wp-caption aligncenter\"><a href=\"https:\/\/diarioelpopular.com\/wp-content\/uploads\/2016\/05\/1464712923_735332_1464713076_noticia_normal_recorte1.jpg\"><img loading=\"lazy\" decoding=\"async\" aria-describedby=\"caption-attachment-467164\" class=\"size-large wp-image-467164\" src=\"https:\/\/diarioelpopular.com\/wp-content\/uploads\/2016\/05\/1464712923_735332_1464713076_noticia_normal_recorte1-560x275.jpg\" alt=\"Donald Trump, tras la acabar la rueda de prensa este martes en Nueva York.\" width=\"560\" height=\"275\" \/><\/a><p id=\"caption-attachment-467164\" class=\"wp-caption-text\">Donald Trump, tras la acabar la rueda de prensa este martes en Nueva York.<\/p><\/div>\n<p style=\"color: #444444\">La ocasi\u00f3n era propicia para mostrar una cara amable:\u00a0<a style=\"font-style: inherit;color: #016ca2\" href=\"http:\/\/elpais.com\/tag\/donald_trump\/a\">Donald Trump<\/a>\u00a0convocaba a la prensa este martes en Nueva York para anunciar la entrega de 5,6 millones de d\u00f3lares a los veteranos de guerra. El magnate y pronto candidato republicano oficial a la Casa Blanca, sin embargo, se revolvi\u00f3 de tal forma contra los medios que convirti\u00f3 el encuentro en un ring de boxeo. Trump es hostil hacia un universo medi\u00e1tico que, parad\u00f3jicamente, le concede una cobertura gratuita y permanente que su probable rival entre los dem\u00f3cratas,\u00a0<a style=\"font-style: inherit;color: #016ca2\" href=\"http:\/\/internacional.elpais.com\/internacional\/2016\/05\/04\/estados_unidos\/1462396688_356375.html\">Hillary Clinton<\/a>, no puede ni so\u00f1ar.<\/p>\n<p style=\"color: #444444\">De todas las hip\u00f3tesis de polit\u00f3logos que han saltado con los aires, la \u00faltima es esa que sosten\u00eda que el empresario adoptar\u00eda una actitud m\u00e1s presidencial una vez liquidados sus rivales por la candidatura republicana, con la mente ya puesta en las presidenciales de noviembre. Este martes qued\u00f3 claro que Trump no ha dejado ni las cerillas ni el bid\u00f3n de gasolina: \u201cUsted es ruin\u201d, le dijo a un reportero de ABC que le inquiri\u00f3 por el fondo. \u201cLa prensa deber\u00eda avergonzase de s\u00ed misma\u201d, dijo para quejarse se tambi\u00e9n de recibir \u201cmuy mala publicidad por una buena acci\u00f3n\u201d.<\/p>\n<div id=\"ds_cpp\" class=\"ds_cpp\" style=\"color: #444444\">\n<div class=\"ds_cpp_inner\" style=\"font-style: inherit\">\n<div class=\"ds_body\" style=\"font-style: inherit\">\n<div id=\"ds_player_container\" style=\"font-style: inherit\">\n<div id=\"ds_content_frame_parent\" style=\"font-style: inherit\">\n<div style=\"font-style: inherit\">\u00a0Este fondo fue anunciado en enero y durante estos meses el empresario ha sido cuestionado por no concretar qu\u00e9 ocurr\u00eda con el dinero. Trump tach\u00f3 a los periodistas de pol\u00edtica como \u201cla gente m\u00e1s deshonesta\u201d y recalc\u00f3 su \u201cbaja opini\u00f3n\u201d del gremio. Es algo que tambi\u00e9n dice que en su \u00faltimo libro,\u00a0<em>Crippled America<\/em>, en el que, de todos modos, admite que \u00e9l utiliza a los medios para su beneficio y que muchas veces hace declaraciones pol\u00e9micas que sabe que van a ocupar los titulares.<\/div>\n<\/div>\n<\/div>\n<\/div>\n<\/div>\n<\/div>\n<p style=\"color: #444444\">Y no se equivoca, ese es es contrasentido de la relaci\u00f3n del candidato con el periodismo. Fue sonado su ataque sexista el pasado verano a la conocida periodista de la cadena conservadora Fox, Megyn Kelly, con quien hace poco protagoniz\u00f3\u00a0<a style=\"font-style: inherit;color: #016ca2\" href=\"http:\/\/internacional.elpais.com\/internacional\/2016\/05\/18\/estados_unidos\/1463538754_144351.html\">una desconcertante reconciliaci\u00f3n en una entrevista<\/a>. En agosto, en Iowa, tambi\u00e9n se enfrent\u00f3 al presentador estrella de la hispana Univisi\u00f3n, Jorge Ramos, quien trataba de preguntarle sobre inmigraci\u00f3n, y le expuls\u00f3 de la rueda de prensa con un despectivo \u201cSi\u00e9ntese, no le he dado la palabra. Vu\u00e9lvase a Univisi\u00f3n\u201d.<\/p>\n<p style=\"color: #444444\">La campa\u00f1a se Trump se ha caracterizado, adem\u00e1s, por el rechazo sistem\u00e1tico a permitir la entrada de medios extranjeros con el argumento de que se da prioridad a la nacional, independientemente de la capacidad del lugar o del aforo, algo que no ha hecho ning\u00fan otro candidato.<\/p>\n<p style=\"color: #444444\">Pero tambi\u00e9n considera enemiga a la prensa nacional, a la que acusa escribir libelos contra \u00e9l. El candidato fue m\u00e1s concreto a principios de este mes y acus\u00f3 al empresario Jeff Bezos, due\u00f1o de Amazon y del\u00a0<em>Washington Post<\/em>, de utilizar el peri\u00f3dico como \u201cjuguete\u201d pol\u00edtico: Est\u00e1 usando el\u00a0<em>Post<\/em>\u00a0como poder para que los pol\u00edticos no le hagan pagar los impuestos que deber\u00eda\u201d, critic\u00f3. Los discursos de Trump han llegado a despertar temores por el futuro de la libertad de expresi\u00f3n si llega a presidente, la primera enmienda de la Constituci\u00f3n de Estados Unidos, ya que dijo que aprobar\u00eda leyes contra \u201clibelos\u201d.<\/p>\n<p style=\"color: #444444\">La rueda de prensa tuvo lugar en la Torre Trump, en la Quinta Avenida, que se ha convertido m\u00e1s que nunca en un punto de atracci\u00f3n de turistas y curiosos desde que Trump anunciara su candidatura. Esta martes, tambi\u00e9n hab\u00eda algunos veteranos de guerra acusando al empresario de instrumentalizarlos. Tambi\u00e9n segu\u00edan presentes sus admiradores. A unos y otro les mand\u00f3 un mensaje muy claro: \u201cNo voy a cambiar\u201d.<\/p>\n","protected":false},"excerpt":{"rendered":"<p>El candidato ha puesto a los medios en el centro sus discursos contra el establishment<\/p>\n","protected":false},"author":5842,"featured_media":0,"comment_status":"open","ping_status":"open","sticky":false,"template":"","format":"standard","meta":{"footnotes":""},"categories":[24],"tags":[],"class_list":["post-467163","post","type-post","status-publish","format-standard","hentry","category-mundo"],"_links":{"self":[{"href":"https:\/\/diarioelpopular.com\/index.php\/wp-json\/wp\/v2\/posts\/467163","targetHints":{"allow":["GET"]}}],"collection":[{"href":"https:\/\/diarioelpopular.com\/index.php\/wp-json\/wp\/v2\/posts"}],"about":[{"href":"https:\/\/diarioelpopular.com\/index.php\/wp-json\/wp\/v2\/types\/post"}],"author":[{"embeddable":true,"href":"https:\/\/diarioelpopular.com\/index.php\/wp-json\/wp\/v2\/users\/5842"}],"replies":[{"embeddable":true,"href":"https:\/\/diarioelpopular.com\/index.php\/wp-json\/wp\/v2\/comments?post=467163"}],"version-history":[{"count":1,"href":"https:\/\/diarioelpopular.com\/index.php\/wp-json\/wp\/v2\/posts\/467163\/revisions"}],"predecessor-version":[{"id":467165,"href":"https:\/\/diarioelpopular.com\/index.php\/wp-json\/wp\/v2\/posts\/467163\/revisions\/467165"}],"wp:attachment":[{"href":"https:\/\/diarioelpopular.com\/index.php\/wp-json\/wp\/v2\/media?parent=467163"}],"wp:term":[{"taxonomy":"category","embeddable":true,"href":"https:\/\/diarioelpopular.com\/index.php\/wp-json\/wp\/v2\/categories?post=467163"},{"taxonomy":"post_tag","embeddable":true,"href":"https:\/\/diarioelpopular.com\/index.php\/wp-json\/wp\/v2\/tags?post=467163"}],"curies":[{"name":"wp","href":"https:\/\/api.w.org\/{rel}","templated":true}]}}