{"id":467261,"date":"2016-06-14T09:30:54","date_gmt":"2016-06-14T13:30:54","guid":{"rendered":"http:\/\/diarioelpopular.com\/?p=467261"},"modified":"2016-06-14T09:31:02","modified_gmt":"2016-06-14T13:31:02","slug":"trump-agita-la-islamofobia-tras-la-matanza-de-orlando","status":"publish","type":"post","link":"https:\/\/diarioelpopular.com\/index.php\/2016\/06\/14\/trump-agita-la-islamofobia-tras-la-matanza-de-orlando\/","title":{"rendered":"Trump agita la islamofobia tras la matanza de Orlando"},"content":{"rendered":"<p style=\"color: #444444\"><a href=\"https:\/\/diarioelpopular.com\/wp-content\/uploads\/2016\/06\/1465841744_850941_37520000_fotograma_8.jpg\"><img loading=\"lazy\" decoding=\"async\" class=\"aligncenter size-large wp-image-467262\" src=\"https:\/\/diarioelpopular.com\/wp-content\/uploads\/2016\/06\/1465841744_850941_37520000_fotograma_8-560x314.jpg\" alt=\"1465841744_850941_37520000_fotograma_8\" width=\"560\" height=\"314\" \/><\/a>Donald Trump, el candidato republicano a la Casa Blanca,\u00a0apel\u00f3 este lunes a su futura autoridad presidencial para vetar la entrada de musulmanes a Estados Unidos e insinu\u00f3 que el presidente Barack Obama podr\u00eda tener alg\u00fan grado de complicidad con\u00a0<a style=\"font-style: inherit;color: #016ca2\" href=\"http:\/\/internacional.elpais.com\/internacional\/2016\/06\/12\/actualidad\/1465717811_688793.html\">la matanza en Orlando<\/a>\u00a0(Florida), donde el domingo murieron cincuenta personas. \u201cNo se entera\u201d, dijo. \u201cO se entera mejor de lo que cualquier persona pueda entender. O una cosa, o la otra\u201d. Hace unos a\u00f1os Trump fue uno de los principales promotores de la teor\u00eda conspirativa seg\u00fan la cual el dem\u00f3crata Obama, que es cristiano, era musulm\u00e1n.<\/p>\n<p style=\"color: #444444\">La insinuaci\u00f3n sobre Obama, en una entrevista en la cadena Fox News, fue lo suficientemente sutil como para que despu\u00e9s Trump pudiese distanciarse de ella. En la NBC explic\u00f3 que \u201cmuchas personas\u201d piensan que el presidente no quiere entender el terrorismo. \u201cYo pienso que simplemente no sabe lo que hace, pero muchas personas piensan que quiz\u00e1 no quiere entenderlo, que no quiere ver lo que ocurre realmente\u201d.<\/p>\n<p style=\"color: #444444\">Un\u00a0<a style=\"font-style: inherit;color: #016ca2\" href=\"https:\/\/www.washingtonpost.com\/news\/acts-of-faith\/wp\/2015\/09\/14\/a-startling-number-of-americans-still-believe-president-obama-is-a-muslim\/\">43% de republicanos<\/a>\u00a0cree que Obama es musulm\u00e1n, seg\u00fan un sondeo de 2015. Trump sabe bien a qui\u00e9n se dirige con estas palabras. Cuando la posibilidad de que fuese el candidato a la Casa Blanca era lejana, encabez\u00f3 la demanda de que Obama mostrase su certificado de nacimiento, una campa\u00f1a con tintes racistas que cuestionaba la lealtad del primer presidente negro. La campa\u00f1a convirti\u00f3 al magnate en una figura de peso en los m\u00e1rgenes m\u00e1s paranoicos de la derecha.<\/p>\n<p style=\"color: #444444\">Trump no esper\u00f3 ni un d\u00eda, tras la peor matanza con armas de fuego de la historia de EE UU y el peor ataque terrorista tras el 11-S, para lanzarse a usar la tragedia en campa\u00f1a. Reprogram\u00f3 el discurso que ten\u00eda previsto dedicar en New Hampshire al historial de esc\u00e1ndalos de Clinton, y lo dedic\u00f3 a la inmigraci\u00f3n y terrorismo. Para Trump ambas cuestiones est\u00e1n ligadas: los terroristas, seg\u00fan \u00e9l, entran como inmigrantes y refugiados.<\/p>\n<p style=\"color: #444444\">En un discurso en New Hampshire, Trump dijo que la ley\u00a0<a style=\"font-style: inherit;color: #016ca2\" href=\"https:\/\/www.donaldjtrump.com\/press-releases\/donald-j-trump-statement-regarding-tragic-terrorist-attacks\">permite suspender<\/a>\u00a0la entrada a EE UU de cualquier grupo de personas que considere da\u00f1ina para los intereses de EE UU. \u201cUsar\u00e9 este poder para proteger al pueblo americano\u201d, dijo. \u201cCuando sea elegido, suspender\u00e9 la inmigraci\u00f3n de zonas del mundo con una historia demostrada de terrorismo contra Estados Unidos, Europa y nuestros aliados, hasta que entendamos c\u00f3mo acabar con estas amenazas\u201d.<\/p>\n<p style=\"color: #444444\">No importa que\u00a0<a style=\"font-style: inherit;color: #016ca2\" href=\"http:\/\/internacional.elpais.com\/internacional\/2016\/06\/12\/actualidad\/1465748300_171535.html\">Omar Mateen, el autor de la matanza de Orlando<\/a>, hubiese nacido en EE UU y fuese estadounidense, y, por tanto, el veto a la entrada de musulmanes no hubiese impedido el crimen. El mismo domingo Trump, con actitud triunfalista, se felicit\u00f3 a s\u00ed mismo porque aparentemente los hechos le daban la raz\u00f3n sobre sus advertencias sobre el islam. Y exigi\u00f3 a Obama que dimitiese y a Clinton que abandonase la campa\u00f1a presidencial por no usar la palabra \u201cislam radical\u201d en referencia.<\/p>\n<p style=\"color: #444444\">En New Hampshire, Trump dijo que Clinton quiere permitir la entrada de radicales \u201cque esclavizan a mujeres y asesinan a gais\u201d. Dijo que las comunidades musulmanas de EE UU conocen a los criminales pero no los denuncian. Equipar\u00f3 a refugiados e inmigrantes con el criminal de Orlando. \u201cNo podemos seguir permitiendo que miles de miles de personas lleguen a nuestro pa\u00eds, muchas de ellas con los mismos pensamientos que este asesino salvaje\u201d, dijo. Los planes de Clinton en inmigraci\u00f3n, \u201cpodr\u00edan ser una versi\u00f3n mejor y m\u00e1s grande del legendario caballo de Troya\u201d.<\/p>\n<p style=\"color: #444444\">La Casa Blanca se resiste a usar el t\u00e9rmimo &#8220;islam radical&#8221;, porque considera que hace el juego a los terroristas permitirles identificarse con una religi\u00f3n. El objetivo es evitar convertir la guerra contra el ISIS o Estado Isl\u00e1mico en una guerra entre religiones o culturas. Seg\u00fan Trump, y en esto la mayor\u00eda de republicanos est\u00e1n de acuerdo, no llamar las cosas por su nombre significa caer en la dictadura de lo pol\u00edticamente correcto: si no se identifica al enemigo, no se le puede derrotar, seg\u00fan este razonamiento.<\/p>\n<p style=\"color: #444444\">\u201cHoy no es el d\u00eda para la pol\u00edtica\u201d, dijo Clinton en un discurso en Cleveland (Ohio). Clinton, sin referirse por nombre a Trump, expuso sus recetas ante el ataque de Orlando. Las recetas son parecidas a la de Obama: bombardeos contra el ISIS, cooperar con los aliados y reforzar la regulaci\u00f3n de los rifles de asalto como el que utiliz\u00f3 Mateen. El tono fue m\u00e1s propio de un discurso program\u00e1tico que de un mitin de campa\u00f1a. La cautela de Clinton, candidata virtual del Partido Dem\u00f3crata desde la semana pasada, contrasta con la reacci\u00f3n de Trump.<\/p>\n<p style=\"color: #444444\">&#8220;Nos dirige un hombre&#8221;, dijo Trump en\u00a0<a style=\"font-style: inherit;color: #016ca2\" href=\"http:\/\/www.foxnews.com\/on-air\/fox-and-friends\/\">Fox News<\/a>, &#8220;que, o bien no es fuerte ni listo, o tiene otra cosa en mente. Y esta otra cosa que tiene en mente, \u00bfsaben?, la gente no puede creerlo. La gente no puede creer que el presidente Obama act\u00fae como act\u00faa y que ni siquiera pueda mencionar las palabras terrorismo isl\u00e1mico radical. Aqu\u00ed ocurre algo. Es inconcebible&#8221;.<\/p>\n<p style=\"color: #444444\">En campa\u00f1a electoral, todas las crisis acaban siendo motivo de manipulaci\u00f3n y propaganda, pero existen pocos precedentes en EE UU de un uso tan desacomplejado y r\u00e1pido. Trump logr\u00f3 la candidatura republicana hace m\u00e1s de un mes. Desde entonces, las especulaciones sobre si rebajar\u00eda su ret\u00f3rica incendiaria se han visto desmentidas. Su atractivo es que dice lo que sus votantes piensan pero no se atreven a proclamar en voz alta. Orlando no ha cambiado nada.\u00a0<a style=\"font-style: inherit;color: #016ca2\" href=\"http:\/\/internacional.elpais.com\/internacional\/2016\/03\/12\/actualidad\/1457740729_101544.html\">Trump es Trump<\/a>.<\/p>\n<section id=\"sumario_1|despiece\" class=\"sumario_despiece centro\" style=\"color: #444444\"><a style=\"font-style: inherit;color: #016ca2\" name=\"sumario_1\"><\/a><\/p>\n<div class=\"sumario__interior\" style=\"font-style: inherit\">\n<header class=\"sumario-encabezado\" style=\"font-style: inherit\">\n<h4 class=\"sumario-titulo\" style=\"font-style: inherit;color: #111111\"><span class=\"sin_enlace\" style=\"font-weight: inherit;font-style: inherit\">EL CANDIDATO Y LAS CONSPIRACIONES<\/span><\/h4>\n<\/header>\n<div class=\"sumario-texto\" style=\"font-style: inherit\">\n<p style=\"font-style: inherit\">No es la primera vez que Donald Trump propaga teor\u00edas conspirativas. En esta misma campa\u00f1a, se ha hecho eco de falsas informaciones seg\u00fan las cuales el padre del senador Ted Cruz, uno de sus rivales en el proceso de nominaci\u00f3n republicana, tuvo alguna relaci\u00f3n con la muerte de John F. Kennedy. Y ha retomado el viejo bulo de que Hillary Clinton tuvo algo que ver con el suicidio de su amigo y colaborador Vince Foster, en 1993. Tambi\u00e9n ha dicho que el presidente George W. Bush, que como Trump es republicano, no protegi\u00f3 adecuadamente EE UU ante los atentados del 11 de septiembre de 2001.<\/p>\n<section id=\"sumario_2|despiece\" class=\"sumario_despiece izquierda\"><a style=\"font-style: inherit;color: #016ca2\" name=\"sumario_2\"><\/a><\/p>\n<div class=\"sumario__interior\" style=\"font-style: inherit\">\n<header class=\"sumario-encabezado\" style=\"font-style: inherit\">\n<h4 class=\"sumario-titulo\" style=\"font-style: inherit;color: #111111\"><span class=\"sin_enlace\" style=\"font-weight: inherit;font-style: inherit\">TRUMP VETA AL &#8216;WASHINGTON POST&#8217;<\/span><\/h4>\n<\/header>\n<div class=\"sumario-texto\" style=\"font-style: inherit\">\n<p style=\"font-style: inherit\">Por publicar\u00a0<a style=\"font-style: inherit;color: #016ca2\" href=\"https:\/\/www.washingtonpost.com\/news\/post-politics\/wp\/2016\/06\/13\/donald-trump-suggests-president-obama-was-involved-with-orlando-shooting\/?hpid=hp_hp-top-table-main_no-name%3Ahomepage%2Fstory\">un titular<\/a>\u00a0sobre las insidias conspirativas acerca de Barack Obama, Donald Trump anunci\u00f3 que retiraba a\u00a0<em>The Washington Post<\/em>\u00a0las acreditaciones para cubrir su campa\u00f1a. En un mensaje en la red social Twitter, Trump llama al Post \u2014referente period\u00edstico y gran diario de la capital\u2014 \u201cdeshonesto y falso\u201d. El director del diario, Martin Baron, respondi\u00f3 en un comunicado que la decisi\u00f3n supone \u201cun repudio del papel de una prensa libre e independiente\u201d. Y prometi\u00f3 seguir cubriendo al candidato con rigor y energ\u00eda.<\/p>\n<\/div>\n<\/div>\n<\/section>\n<\/div>\n<\/div>\n<\/section>\n","protected":false},"excerpt":{"rendered":"<p>El republicano retoma las teor\u00edas conspirativas sobre Obama y reitera la promesa de prohibir la entrada de musulmanes a EE UU<\/p>\n","protected":false},"author":5842,"featured_media":0,"comment_status":"open","ping_status":"open","sticky":false,"template":"","format":"standard","meta":{"footnotes":""},"categories":[24],"tags":[],"class_list":["post-467261","post","type-post","status-publish","format-standard","hentry","category-mundo"],"_links":{"self":[{"href":"https:\/\/diarioelpopular.com\/index.php\/wp-json\/wp\/v2\/posts\/467261","targetHints":{"allow":["GET"]}}],"collection":[{"href":"https:\/\/diarioelpopular.com\/index.php\/wp-json\/wp\/v2\/posts"}],"about":[{"href":"https:\/\/diarioelpopular.com\/index.php\/wp-json\/wp\/v2\/types\/post"}],"author":[{"embeddable":true,"href":"https:\/\/diarioelpopular.com\/index.php\/wp-json\/wp\/v2\/users\/5842"}],"replies":[{"embeddable":true,"href":"https:\/\/diarioelpopular.com\/index.php\/wp-json\/wp\/v2\/comments?post=467261"}],"version-history":[{"count":1,"href":"https:\/\/diarioelpopular.com\/index.php\/wp-json\/wp\/v2\/posts\/467261\/revisions"}],"predecessor-version":[{"id":467263,"href":"https:\/\/diarioelpopular.com\/index.php\/wp-json\/wp\/v2\/posts\/467261\/revisions\/467263"}],"wp:attachment":[{"href":"https:\/\/diarioelpopular.com\/index.php\/wp-json\/wp\/v2\/media?parent=467261"}],"wp:term":[{"taxonomy":"category","embeddable":true,"href":"https:\/\/diarioelpopular.com\/index.php\/wp-json\/wp\/v2\/categories?post=467261"},{"taxonomy":"post_tag","embeddable":true,"href":"https:\/\/diarioelpopular.com\/index.php\/wp-json\/wp\/v2\/tags?post=467261"}],"curies":[{"name":"wp","href":"https:\/\/api.w.org\/{rel}","templated":true}]}}