{"id":467513,"date":"2016-07-19T13:41:31","date_gmt":"2016-07-19T17:41:31","guid":{"rendered":"http:\/\/diarioelpopular.com\/?p=467513"},"modified":"2016-07-19T13:41:39","modified_gmt":"2016-07-19T17:41:39","slug":"el-fondo-mejora-ligeramente-el-pronostico-para-america-latina","status":"publish","type":"post","link":"https:\/\/diarioelpopular.com\/index.php\/2016\/07\/19\/el-fondo-mejora-ligeramente-el-pronostico-para-america-latina\/","title":{"rendered":"El Fondo mejora ligeramente el pron\u00f3stico para Am\u00e9rica Latina"},"content":{"rendered":"<div id=\"attachment_467514\" style=\"width: 570px\" class=\"wp-caption aligncenter\"><a href=\"https:\/\/diarioelpopular.com\/wp-content\/uploads\/2016\/07\/1468919555_662074_1468919861_noticia_normal_recorte1.jpg\"><img loading=\"lazy\" decoding=\"async\" aria-describedby=\"caption-attachment-467514\" class=\"size-large wp-image-467514\" src=\"https:\/\/diarioelpopular.com\/wp-content\/uploads\/2016\/07\/1468919555_662074_1468919861_noticia_normal_recorte1-560x320.jpg\" alt=\"La directora del Fondo Monetario Internacional (FMI), Christine Lagarde.\" width=\"560\" height=\"320\" \/><\/a><p id=\"caption-attachment-467514\" class=\"wp-caption-text\">La directora del Fondo Monetario Internacional (FMI), Christine Lagarde.<\/p><\/div>\n<p style=\"color: #444444\">La salida de Reino Unido de la Uni\u00f3n Europa es un elemento de riesgo claro para la econom\u00eda mundial, tal y como han constatado todos los organismos globales. Es por eso que el\u00a0<a style=\"font-style: inherit;color: #016ca2\" href=\"http:\/\/elpais.com\/tag\/fmi_fondo_monetario_internacional\/a\/\">Fondo Monetario Internacional (FMI)<\/a>\u00a0procede a recortar una d\u00e9cima la proyecci\u00f3n de crecimiento mundial, al 3,1% en 2016 y al 3,4% en 2017.<\/p>\n<p style=\"color: #444444\">Pero, mientras que los efectos negativos del Brexit son mayores en los pa\u00edses del Viejo Continente, y especialmente en Reino Unido, el panorama cambia poco para el resto. Hay incluso signos prometedores: en\u00a0<a style=\"font-style: inherit;color: #016ca2\" href=\"http:\/\/elpais.com\/tag\/latinoamerica\/a\">Am\u00e9rica Latina<\/a>, por primera vez en varios a\u00f1os, el organismo que dirige\u00a0<a style=\"font-style: inherit;color: #016ca2\" href=\"http:\/\/elpais.com\/tag\/christine_lagarde\/a\">Christine Lagarde<\/a>\u00a0revisa una d\u00e9cima al alza su proyecci\u00f3n previa. La contracci\u00f3n para el ejercicio en curso queda ahora en el 0,4%. De ah\u00ed repuntar\u00eda hasta lograr un crecimiento del 1,6% el a\u00f1o pr\u00f3ximo. Este ajuste se explica por la recuperaci\u00f3n del mercado de las materias primas y la energ\u00eda.<\/p>\n<p style=\"color: #444444\">La revisi\u00f3n en el caso de Brasil es a\u00fan m\u00e1s destacada, con una mejora de medio punto porcentual.\u00a0<a style=\"font-style: inherit;color: #016ca2\" href=\"http:\/\/economia.elpais.com\/economia\/2016\/06\/01\/actualidad\/1464808289_581312.html\">La actualizaci\u00f3n modera as\u00ed la recesi\u00f3n<\/a>\u00a0al 3,3% en 2016 para pasar a un crecimiento del 0,5% en 2017. \u201cLa confianza del consumidor y de los negocios parece haber tocado fondo y la contracci\u00f3n del PIB en el primer trimestre fue m\u00e1s suave de lo anticipado\u201d, se\u00f1ala la actualizaci\u00f3n.<\/p>\n<p dir=\"ltr\" style=\"color: #444444\">M\u00e9xico queda m\u00e1s o menos igual a lo dicho hace tres meses por el FMI, al registrar una expansi\u00f3n que rondar\u00e1 el 2,5% este a\u00f1o y el pr\u00f3ximo pese a que se recorta al 1,8% el crecimiento de Estados Unidos. En el caso de la mayor potencia del plantea, el recorte de dos d\u00e9cimas este a\u00f1o se explica por la fortaleza del d\u00f3lar y a la ca\u00edda de las inversiones en el sector de la energ\u00eda.<\/p>\n<p dir=\"ltr\" style=\"color: #444444\">El crecimiento para el conjunto de los pa\u00edses emergentes y de las econom\u00edas en desarrollo se mantiene en el 4,1% para 2016 y el 4,6% en 2017. Los t\u00e9cnicos del FMI se\u00f1alan que la<a style=\"font-style: inherit;color: #016ca2\" href=\"http:\/\/economia.elpais.com\/economia\/2016\/07\/15\/actualidad\/1468558436_507033.html\">mejora de las perspectivas en Brasil, China y Rusia<\/a>\u00a0pude contribuir a una revisi\u00f3n al alza del crecimiento global en 2017 si las implicaciones macroecon\u00f3micas del Brexit resultan ser al final menos severas de lo que se teme.<\/p>\n<p dir=\"ltr\" style=\"color: #444444\">\u201cEl escenario base refleja un reducci\u00f3n gradual de la tensi\u00f3n\u201d, indica el FMI en la actualizaci\u00f3n de sus previsiones. Pero todo es tentativo. La incertidumbre que generan estos eventos, como se\u00f1ala su economista jefe Maury Obstfeld, es un lastre para la confianza y la inversi\u00f3n en una coyuntura fr\u00e1gil. \u201cSi el crecimiento en Europa se ve afectado significativamente, los efectos adversos ser\u00e1n palpables\u201d, advierte.<\/p>\n<p dir=\"ltr\" style=\"color: #444444\">En el escenario m\u00e1s severo, la econom\u00eda global reducir\u00eda su tasa de crecimiento al 2,8% este a\u00f1o y el pr\u00f3ximo por las implicaciones en el comercio y en el sistema financiero. En el caso de los pa\u00edses emergentes quedar\u00eda por debajo del 4% en 2016 y repuntar\u00eda al 4,3% en 2017. El efecto ser\u00e1 m\u00e1s pronunciado en las econom\u00edas avanzadas, que crecer\u00e1n solo un 1,4% este a\u00f1o y rozar\u00e1n el 1% el que viene.<\/p>\n<p dir=\"ltr\" style=\"color: #444444\">Obstfeld insiste por eso en que es importante que tanto Londres como Bruselas aclaren\u00a0<a style=\"font-style: inherit;color: #016ca2\" href=\"http:\/\/internacional.elpais.com\/internacional\/2016\/06\/24\/actualidad\/1466751765_822662.html\">c\u00f3mo ser\u00e1 el proceso de abandono<\/a>, para de esta manera reducir la incertidumbre (pol\u00edtica, econ\u00f3mica e institucional) y evitar una repercusi\u00f3n negativa mayor para la econom\u00eda global derivada del Brexit. \u201cSi el evento persiste, ser\u00e1 muy complicado cuantificar sus repercusiones potenciales\u201d, reitera el asesor de Lagarde.<\/p>\n<p style=\"color: #444444\">El\u00a0<a style=\"font-style: inherit;color: #016ca2\" href=\"http:\/\/elpais.com\/tag\/fmi_fondo_monetario_internacional\/a\/\">FMI<\/a>, en cualquier caso, conf\u00eda en que no se llegar\u00e1 a la alternativa m\u00e1s severa de sus proyecciones. Los mercados financieros, se\u00f1ala, se mostraron resistentes al primer golpe y la correcci\u00f3n fue ordenada pese a la sorpresa. Tambi\u00e9n destaca el hecho de que los bancos centrales est\u00e9n listos para inyectar liquidez si fuera necesario. Pero como concluye Obstfeld, la vulnerabilidad persiste.<\/p>\n","protected":false},"excerpt":{"rendered":"<p>El organismo financiero asegura que la recesi\u00f3n en Brasil toc\u00f3 fondo<\/p>\n","protected":false},"author":5842,"featured_media":0,"comment_status":"open","ping_status":"open","sticky":false,"template":"","format":"standard","meta":{"footnotes":""},"categories":[24],"tags":[],"class_list":["post-467513","post","type-post","status-publish","format-standard","hentry","category-mundo"],"_links":{"self":[{"href":"https:\/\/diarioelpopular.com\/index.php\/wp-json\/wp\/v2\/posts\/467513","targetHints":{"allow":["GET"]}}],"collection":[{"href":"https:\/\/diarioelpopular.com\/index.php\/wp-json\/wp\/v2\/posts"}],"about":[{"href":"https:\/\/diarioelpopular.com\/index.php\/wp-json\/wp\/v2\/types\/post"}],"author":[{"embeddable":true,"href":"https:\/\/diarioelpopular.com\/index.php\/wp-json\/wp\/v2\/users\/5842"}],"replies":[{"embeddable":true,"href":"https:\/\/diarioelpopular.com\/index.php\/wp-json\/wp\/v2\/comments?post=467513"}],"version-history":[{"count":1,"href":"https:\/\/diarioelpopular.com\/index.php\/wp-json\/wp\/v2\/posts\/467513\/revisions"}],"predecessor-version":[{"id":467515,"href":"https:\/\/diarioelpopular.com\/index.php\/wp-json\/wp\/v2\/posts\/467513\/revisions\/467515"}],"wp:attachment":[{"href":"https:\/\/diarioelpopular.com\/index.php\/wp-json\/wp\/v2\/media?parent=467513"}],"wp:term":[{"taxonomy":"category","embeddable":true,"href":"https:\/\/diarioelpopular.com\/index.php\/wp-json\/wp\/v2\/categories?post=467513"},{"taxonomy":"post_tag","embeddable":true,"href":"https:\/\/diarioelpopular.com\/index.php\/wp-json\/wp\/v2\/tags?post=467513"}],"curies":[{"name":"wp","href":"https:\/\/api.w.org\/{rel}","templated":true}]}}