{"id":467553,"date":"2016-07-21T12:27:27","date_gmt":"2016-07-21T16:27:27","guid":{"rendered":"http:\/\/diarioelpopular.com\/?p=467553"},"modified":"2016-07-21T12:27:34","modified_gmt":"2016-07-21T16:27:34","slug":"trump-cuestiona-el-compromiso-de-estados-unidos-con-la-otan","status":"publish","type":"post","link":"https:\/\/diarioelpopular.com\/index.php\/2016\/07\/21\/trump-cuestiona-el-compromiso-de-estados-unidos-con-la-otan\/","title":{"rendered":"Trump cuestiona el compromiso de Estados Unidos con la OTAN"},"content":{"rendered":"<div id=\"attachment_467554\" style=\"width: 570px\" class=\"wp-caption aligncenter\"><a href=\"https:\/\/diarioelpopular.com\/wp-content\/uploads\/2016\/07\/1469104657_953458_1469104851_noticia_normal_recorte1.jpg\"><img loading=\"lazy\" decoding=\"async\" aria-describedby=\"caption-attachment-467554\" class=\"size-large wp-image-467554\" src=\"https:\/\/diarioelpopular.com\/wp-content\/uploads\/2016\/07\/1469104657_953458_1469104851_noticia_normal_recorte1-560x443.jpg\" alt=\"Donald Trump, este mi\u00e9rcoles, en la convenci\u00f3n republicana de Cleveland.\" width=\"560\" height=\"443\" \/><\/a><p id=\"caption-attachment-467554\" class=\"wp-caption-text\">Donald Trump, este mi\u00e9rcoles, en la convenci\u00f3n republicana de Cleveland.<\/p><\/div>\n<p style=\"color: #444444\">Si el candidato republicano\u00a0<a style=\"font-style: inherit;color: #016ca2\" href=\"http:\/\/www.nytimes.com\/2016\/07\/22\/us\/politics\/donald-trump-foreign-policy-interview.html\">Donald Trump<\/a>\u00a0gana las elecciones presidenciales del pr\u00f3ximo noviembre, los d\u00edas de Estados Unidos como aliado leal de sus socios europeos pueden estar contados. Antes del discurso de clausura de la convenci\u00f3n republicana en Cleveland, Trump declar\u00f3 que, si es presidente, no se sentir\u00e1 obligado a defender a los pa\u00edses de la OTAN en caso de ataque exterior, como prescribe el tratado de la organizaci\u00f3n.<\/p>\n<p style=\"color: #444444\">\u201cHay muchos miembros de la OTAN que no pagan las facturas\u201d, dice Trump en\u00a0<a style=\"font-style: inherit;color: #016ca2\" href=\"http:\/\/www.nytimes.com\/2016\/07\/21\/us\/politics\/donald-trump-issues.html?hp&amp;action=click&amp;pgtype=Homepage&amp;clickSource=story-heading&amp;module=a-lede-package-region&amp;region=top-news&amp;WT.nav=top-news\">una entrevista con\u00a0<em>The New York Times<\/em><\/a>, en alusi\u00f3n a las bajas contribuciones de varios al presupuesto de organizaci\u00f3n, en comparaci\u00f3n con las de los EE UU.<\/p>\n<div id=\"ds_cpp\" class=\"ds_cpp\" style=\"color: #444444\">\n<div class=\"label\" style=\"font-style: inherit\">Cuando el\u00a0<em>Times<\/em>\u00a0le pregunta si, en caso de un ataque de Rusia, los estados b\u00e1lticos, que son miembros de la OTAN, pueden confiar en que EE UU acudir\u00e1 a su ayuda, responde: \u201c\u00bfHan cumplido con sus obligaciones con nosotros? Si cumplen con sus obligaciones con nosotros, la respuesta es s\u00ed.\u201d<\/div>\n<\/div>\n<p style=\"color: #444444\">\u201c\u00bfY si no?\u201d, repregunta el\u00a0<em>Times<\/em>. \u201cBueno\u201d, responde Trump. \u201cNo digo \u2018si no\u2019. Digo que ahora hay muchos pa\u00edses que no han cumplido sus obligaciones con nosotros\u201d.<\/p>\n<p style=\"color: #444444\">La\u00a0<a style=\"font-style: inherit;color: #016ca2\" href=\"http:\/\/www.nato.int\/cps\/en\/natolive\/official_texts_17120.htm\">obligaci\u00f3n de la defensa mutua<\/a>\u00a0es el n\u00facleo de la OTAN, lo que le da sentido en \u00faltima instancia. Un ataque contra un miembro es un ataque contra todos. Desvincularse de esta obligaci\u00f3n rompe con casi siete d\u00e9cadas de implicaci\u00f3n de EE UU en la seguridad europea. Y rompe con la tradici\u00f3n de internacionalismo militar del Partido Republicano, cuyo liderazgo ha asumido oficialmente Trump en la convenci\u00f3n de Cleveland.<\/p>\n<p style=\"color: #444444\">El mi\u00e9rcoles, en su discurso a la convenci\u00f3n, el propio n\u00famero dos de Trump,\u00a0<a style=\"font-style: inherit;color: #016ca2\" href=\"http:\/\/internacional.elpais.com\/internacional\/2016\/07\/21\/estados_unidos\/1469062279_497602.html\">el candidato a la vicepresidencia Mike Pence<\/a>, dijo: &#8220;Donald Trump reconstruir\u00e1 nuestras fuerzas armadas y estar\u00e1 junto a nuestros aliados&#8221;. La frase refleja la ortodoxia republicana de las \u00faltimas d\u00e9cadas, pero no \u2014como m\u00ednimo en su segunda parte\u2014 el pensamiento de Donald Trump.<\/p>\n<p style=\"color: #444444\">No es la primera vez que Trump expresa dudas sobre la vigencia de la OTAN. Pero la claridad con la que formula estas amenazas, y el hecho de que lo haga en v\u00edsperas del discurso de clausura de la convenci\u00f3n \u2014seguramente el m\u00e1s importante de su campa\u00f1a\u2014 que hace inevitable su candidatura, multiplica el impacto de sus palabras. La posibilidad de que Trump sea presidente, que hasta hace unos meses pocos tomaban en serio, es real, y los socios y aliados miden cada palabra al mil\u00edmetro.<\/p>\n<p style=\"color: #444444\">\u201cNo tiene un conocimiento sofisticado de la pol\u00edtica de seguridad americana, as\u00ed que sigue sus instintos y dice tonter\u00edas\u201d, dice en Cleveland a EL PA\u00cdS\u00a0<a style=\"font-style: inherit;color: #016ca2\" href=\"https:\/\/twitter.com\/murphymike?ref_src=twsrc%5Egoogle%7Ctwcamp%5Eserp%7Ctwgr%5Eauthor\">Mike Murphy<\/a>, exasesor de pol\u00edticos republicanos como John McCain y Mitt Romney, candidatos presidenciales en 2008 y 2012 respectivamente. \u201cPotencialmente puede convertirse en un problema\u201d. Seg\u00fan Murphy, \u201csocavar la alianza de la OTAN reflejar\u00e1n el mal criterio de Trump y le da\u00f1ar\u00e1\u201d. Murphy aventura que en el discurso de clausura, Trump podr\u00eda intentar rectificar.<\/p>\n<p style=\"color: #444444\">El argumento de Trump es que EE UU gasta una enorme cantidad de dinero protegiendo a pa\u00edses ricos y que estos podr\u00edan sufragar ellos mismos la factura. No se refiere s\u00f3lo a los europeos, sino tambi\u00e9n a los aliados asi\u00e1ticos, otro de los pilares de la pol\u00edtica exterior norteamericana desde el final de la Segunda Guerra Mundial. Son pa\u00edses, dice Trump, \u201ccon una riqueza inmensa. Riqueza inmensa. Estamos hablando de pa\u00edses a los que les va muy bien. Entonces, s\u00ed, estar\u00eda absolutamente preparado para decirle a estos pa\u00edses: \u2018Felicidades, os defender\u00e9is solos\u201d.<\/p>\n","protected":false},"excerpt":{"rendered":"<p>El republicano condiciona la defensa de sus socios a que aporten m\u00e1s dinero a la organizaci\u00f3n<\/p>\n","protected":false},"author":5842,"featured_media":0,"comment_status":"open","ping_status":"open","sticky":false,"template":"","format":"standard","meta":{"footnotes":""},"categories":[24],"tags":[],"class_list":["post-467553","post","type-post","status-publish","format-standard","hentry","category-mundo"],"_links":{"self":[{"href":"https:\/\/diarioelpopular.com\/index.php\/wp-json\/wp\/v2\/posts\/467553","targetHints":{"allow":["GET"]}}],"collection":[{"href":"https:\/\/diarioelpopular.com\/index.php\/wp-json\/wp\/v2\/posts"}],"about":[{"href":"https:\/\/diarioelpopular.com\/index.php\/wp-json\/wp\/v2\/types\/post"}],"author":[{"embeddable":true,"href":"https:\/\/diarioelpopular.com\/index.php\/wp-json\/wp\/v2\/users\/5842"}],"replies":[{"embeddable":true,"href":"https:\/\/diarioelpopular.com\/index.php\/wp-json\/wp\/v2\/comments?post=467553"}],"version-history":[{"count":1,"href":"https:\/\/diarioelpopular.com\/index.php\/wp-json\/wp\/v2\/posts\/467553\/revisions"}],"predecessor-version":[{"id":467555,"href":"https:\/\/diarioelpopular.com\/index.php\/wp-json\/wp\/v2\/posts\/467553\/revisions\/467555"}],"wp:attachment":[{"href":"https:\/\/diarioelpopular.com\/index.php\/wp-json\/wp\/v2\/media?parent=467553"}],"wp:term":[{"taxonomy":"category","embeddable":true,"href":"https:\/\/diarioelpopular.com\/index.php\/wp-json\/wp\/v2\/categories?post=467553"},{"taxonomy":"post_tag","embeddable":true,"href":"https:\/\/diarioelpopular.com\/index.php\/wp-json\/wp\/v2\/tags?post=467553"}],"curies":[{"name":"wp","href":"https:\/\/api.w.org\/{rel}","templated":true}]}}