{"id":467635,"date":"2016-08-03T11:53:06","date_gmt":"2016-08-03T15:53:06","guid":{"rendered":"http:\/\/diarioelpopular.com\/?p=467635"},"modified":"2016-08-03T11:53:23","modified_gmt":"2016-08-03T15:53:23","slug":"el-calentamiento-global-y-la-emision-de-gases-efecto-invernadero-alcanzan-niveles-record","status":"publish","type":"post","link":"https:\/\/diarioelpopular.com\/index.php\/2016\/08\/03\/el-calentamiento-global-y-la-emision-de-gases-efecto-invernadero-alcanzan-niveles-record\/","title":{"rendered":"El calentamiento global y la emisi\u00f3n de gases efecto invernadero alcanzan niveles r\u00e9cord"},"content":{"rendered":"<p style=\"color: #444444\"><span lang=\"es\" style=\"font-style: inherit\" xml:lang=\"es\"><span style=\"font-style: inherit\"><span style=\"font-style: inherit\"><a href=\"https:\/\/diarioelpopular.com\/wp-content\/uploads\/2016\/08\/1470153337_792504_1470153400_noticia_normal_recorte1.jpg\"><img loading=\"lazy\" decoding=\"async\" class=\"aligncenter size-large wp-image-467636\" src=\"https:\/\/diarioelpopular.com\/wp-content\/uploads\/2016\/08\/1470153337_792504_1470153400_noticia_normal_recorte1-560x316.jpg\" alt=\"1470153337_792504_1470153400_noticia_normal_recorte1\" width=\"560\" height=\"316\" \/><\/a>El a\u00f1o 2015 bati\u00f3 un nuevo r\u00e9cord en emisi\u00f3n de gases de efecto invernadero e incremento global de las temperaturas, despu\u00e9s de un 2014 que ya alcanz\u00f3 marcas hist\u00f3ricas y dispar\u00f3 las alarmas sobre los efectos del cambio clim\u00e1tico. El informe El Estado del Clima que realiza cada a\u00f1o la Agencia Nacional de Oc\u00e9anos y Atm\u00f3sfera de EE UU (conocida habitualmente por sus siglas en ingl\u00e9s, NOAA) expone en su \u00faltima edici\u00f3n una tonelada de datos que arrojan una conclusi\u00f3n inquietante; se avecinan m\u00e1s sequ\u00edas, m\u00e1s inundaciones y se constata el deshielo de los polos.<\/span><\/span><\/span><\/p>\n<p style=\"color: #444444\"><span lang=\"es\" style=\"font-style: inherit\" xml:lang=\"es\"><span style=\"font-style: inherit\"><span style=\"font-style: inherit\">El Ni\u00f1o, el fen\u00f3meno c\u00edclico relacionado con el calentamiento del Pac\u00edfico, result\u00f3 el a\u00f1o pasado el m\u00e1s fuerte desde al menos 1950, seg\u00fan esta agencia, lo que contribuy\u00f3, junto al calentamiento global, a superar por primera vez en m\u00e1s de un grado cent\u00edgrado la temperatura media de mediados del siglo XVIII, que es el periodo que se considera representativo de las condiciones de vida preindustriales.<\/span><\/span><\/span><img loading=\"lazy\" decoding=\"async\" style=\"font-style: inherit\" src=\"http:\/\/i.jsrdn.com\/i\/1.gif?r=7ldi&amp;k=ZAl1cy1lYXN0LTFiCWgJaS1lN2UyY2Y3Nwl1CTVjNzE3YzBmLWU5MmUtNDdmOS1iMTkxLTcyZWZkZjhiY2UyNwl2CWVjMzMxNDMxLTAxZmYtNDMxNS1hMDcyLTZlYzY4ODEwMzE4OQl2bAkyMDE2MDgwMy4xNTQxCXZ0CTIwMTYwODAzLjE1NDEJdnMJMjAxNjA3MjEJdmMJMjAxNjA3MTIJaQlmNDM4YjA2Ny1lNmNjLTQyZmUtYjIyOC02OTYwN2RiMGY0ZGMJZglodHRwOi8vaW50ZXJuYWNpb25hbC5lbHBhaXMuY29tL2ludGVybmFjaW9uYWwvMjAxNi8wOC8wMi9hY3R1YWxpZGFkLzE0NzAxNTMzMzdfNzkyNTA0Lmh0bWwJcQljMDcwYjU0MS1hNDUxLTRlOWQtOGEzMi05Yzc2NTRhNmQ4ZTkJbQkyMjM0MgliCTI2MglnCTQxMAl0CTQwMDcJYwk0MDU3CWwJNDcxOQl6CTQyMjQJcwkxOTM0CXAJMjI0MDkJZ2MJQ0EJZ3IJT04JZ2QJMAluZQlpdgluZAlpdglzZAllbHBhaXMuY29tCW5mCWl2CXFwCTUwCXF0CTI1MDAJcG4Jc3BhbmlzaAl2bgl3b2NoaXRfbmFfdXNoZXJfMl9udWV2YXNfY2FuY2lvbmVzX2FudGVzXzIwMTYwNjEwMjMwNV81NzViM2ExN2U0YjBlZDNhNGZlMWFkMzUJZQlpbQlhCTEwNjQJbwk\" alt=\"\" width=\"1\" height=\"1\" border=\"0\" \/><\/p>\n<p style=\"color: #444444\"><span lang=\"es\" style=\"font-style: inherit\" xml:lang=\"es\"><span style=\"font-style: inherit\"><span style=\"font-style: inherit\">Respecto a un 2014 ya de r\u00e9cord, el incremento alcanz\u00f3 0,1 grados cent\u00edgrados. Y 2016 tambi\u00e9n apunta a batir m\u00e1ximos preocupantes, ya que los seis primeros meses han sido los m\u00e1s c\u00e1lidos en d\u00e9cadas.<\/span><\/span><\/span><\/p>\n<p style=\"color: #444444\"><span lang=\"es\" style=\"font-style: inherit\" xml:lang=\"es\"><span style=\"font-style: inherit\"><span style=\"font-style: inherit\"><span id=\"divtagdefaultwrapper\" style=\"font-style: inherit\"><span lang=\"en-US\" style=\"font-style: inherit\" xml:lang=\"en-US\">\u201cEl Ni\u00f1o fue el a\u00f1o pasado un claro recordatorio de c\u00f3mo los acontecimientos de corto plazo pueden amplificar la influencia relativa y los impactos que radican de la tendencias de largo plazo en el calentamiento global\u201d,<\/span>\u00a0<a style=\"font-style: inherit;color: #016ca2\" href=\"http:\/\/ametsoc.net\/sotc\/Chapter_01.pdf\" target=\"_blank\"><span lang=\"en-US\" style=\"font-style: inherit\" xml:lang=\"en-US\">apunta el documento<\/span><\/a><span lang=\"en-US\" style=\"font-style: inherit\" xml:lang=\"en-US\">.<\/span><\/span><\/span><\/span><\/span><\/p>\n<p style=\"color: #444444\"><span lang=\"es\" style=\"font-style: inherit\" xml:lang=\"es\"><span style=\"font-style: inherit\"><span style=\"font-style: inherit\">El extenso informe de la NOAA, elaborado por 450 cient\u00edficos de todo el mundo y hecho p\u00fablico este martes, se\u00f1ala tambi\u00e9n que el nivel de los oc\u00e9anos est\u00e1 unos 70 mil\u00edmetros por encima del de 1993. Cerca del ecuador, el n\u00famero de tormentas con nombre del a\u00f1o pasado tambi\u00e9n supera en buena medida la media anual del periodo 1981-2010. Y la temperatura del \u00c1rtico fue 1,2 grados superior a la de esos mismos a\u00f1os.<\/span><\/span><\/span><\/p>\n","protected":false},"excerpt":{"rendered":"<p>2015 fue el a\u00f1o m\u00e1s caluroso desde que existen registros y 2016 va camino de repetir el patr\u00f3n.<\/p>\n","protected":false},"author":5842,"featured_media":0,"comment_status":"open","ping_status":"open","sticky":false,"template":"","format":"standard","meta":{"footnotes":""},"categories":[24],"tags":[],"class_list":["post-467635","post","type-post","status-publish","format-standard","hentry","category-mundo"],"_links":{"self":[{"href":"https:\/\/diarioelpopular.com\/index.php\/wp-json\/wp\/v2\/posts\/467635","targetHints":{"allow":["GET"]}}],"collection":[{"href":"https:\/\/diarioelpopular.com\/index.php\/wp-json\/wp\/v2\/posts"}],"about":[{"href":"https:\/\/diarioelpopular.com\/index.php\/wp-json\/wp\/v2\/types\/post"}],"author":[{"embeddable":true,"href":"https:\/\/diarioelpopular.com\/index.php\/wp-json\/wp\/v2\/users\/5842"}],"replies":[{"embeddable":true,"href":"https:\/\/diarioelpopular.com\/index.php\/wp-json\/wp\/v2\/comments?post=467635"}],"version-history":[{"count":1,"href":"https:\/\/diarioelpopular.com\/index.php\/wp-json\/wp\/v2\/posts\/467635\/revisions"}],"predecessor-version":[{"id":467637,"href":"https:\/\/diarioelpopular.com\/index.php\/wp-json\/wp\/v2\/posts\/467635\/revisions\/467637"}],"wp:attachment":[{"href":"https:\/\/diarioelpopular.com\/index.php\/wp-json\/wp\/v2\/media?parent=467635"}],"wp:term":[{"taxonomy":"category","embeddable":true,"href":"https:\/\/diarioelpopular.com\/index.php\/wp-json\/wp\/v2\/categories?post=467635"},{"taxonomy":"post_tag","embeddable":true,"href":"https:\/\/diarioelpopular.com\/index.php\/wp-json\/wp\/v2\/tags?post=467635"}],"curies":[{"name":"wp","href":"https:\/\/api.w.org\/{rel}","templated":true}]}}