{"id":467772,"date":"2016-08-18T12:16:54","date_gmt":"2016-08-18T16:16:54","guid":{"rendered":"http:\/\/diarioelpopular.com\/?p=467772"},"modified":"2016-08-18T12:17:04","modified_gmt":"2016-08-18T16:17:04","slug":"donald-trump-remodela-de-nuevo-su-equipo-en-plena-caida-en-los-sondeos","status":"publish","type":"post","link":"https:\/\/diarioelpopular.com\/index.php\/2016\/08\/18\/donald-trump-remodela-de-nuevo-su-equipo-en-plena-caida-en-los-sondeos\/","title":{"rendered":"Donald Trump remodela de nuevo su equipo en plena ca\u00edda en los sondeos"},"content":{"rendered":"<p>&nbsp;<\/p>\n<div id=\"attachment_467773\" style=\"width: 570px\" class=\"wp-caption aligncenter\"><a href=\"https:\/\/diarioelpopular.com\/wp-content\/uploads\/2016\/08\/1471429567_596593_1471430380_noticia_normal_recorte1.jpg\"><img loading=\"lazy\" decoding=\"async\" aria-describedby=\"caption-attachment-467773\" class=\"size-large wp-image-467773\" src=\"https:\/\/diarioelpopular.com\/wp-content\/uploads\/2016\/08\/1471429567_596593_1471430380_noticia_normal_recorte1-560x359.jpg\" alt=\"Trump, durante un acto de campa\u00f1a en Wisconsin. \" width=\"560\" height=\"359\" \/><\/a><p id=\"caption-attachment-467773\" class=\"wp-caption-text\">Trump, durante un acto de campa\u00f1a en Wisconsin.<\/p><\/div>\n<p><span style=\"color: #111111\">Donald Trump, en plena ca\u00edda en los sondeos, tiene dos opciones: moderar su mensaje para presentar una imagen m\u00e1s presidencial, o dejar v\u00eda libre a su car\u00e1cter indomable. Con el nombramiento este mi\u00e9rcoles de Steve Bannon como jefe de campa\u00f1a, Trump opta por la segunda opci\u00f3n. Bannon es uno de los p\u00fagiles m\u00e1s efectivos de la derecha medi\u00e1tica, combativo con los dem\u00f3cratas y el\u00a0<\/span><em style=\"color: #111111\">establishment<\/em><span style=\"color: #111111\">\u00a0republicano. La remodelaci\u00f3n de su equipo diluye el papel en la campa\u00f1a del veterano consultor Paul Manafort, el hombre que deb\u00eda moderar a Trump.<\/span><\/p>\n<p style=\"color: #444444\">\u201cSoy quien soy\u201d, dijo el republicano Trump a una cadena de televisi\u00f3n de Wisconsin. \u201cSoy yo. No quiero cambiar\u201d.<\/p>\n<p style=\"color: #444444\">La campa\u00f1a de Trump, desde que en mayo se asegur\u00f3 la nominaci\u00f3n como candidato del Partido Republicano a las elecciones de noviembre, oscila entre dos extremos. De un lado, est\u00e1n quienes creen que debe refrenar su incontinencia verbal y atenerse a un guion: adoptar un mensaje que apele a la amplia coalici\u00f3n de votantes necesaria para ganar las elecciones presidenciales de noviembre. Otro grupo de asesores est\u00e1n convencidos que \u201chay que dejar que Trump sea Trump\u201d: su estilo improvisado y agresivo, su ret\u00f3rica nacionalpopulista, contra las \u00e9lites y los inmigrantes, le dio la victoria en las elecciones primarias ante 16 candidatos republicanos y le servir\u00e1 para derrotar a la dem\u00f3crata Hillary Clinton.<\/p>\n<section id=\"sumario_2|foto\" class=\"sumario_foto izquierda\" style=\"color: #444444\"><a style=\"font-style: inherit;color: #016ca2\" name=\"sumario_2\"><\/a><\/p>\n<div class=\"sumario__interior\" style=\"font-style: inherit\">\n<figure class=\"foto foto_w360\" style=\"font-style: inherit\"><img loading=\"lazy\" decoding=\"async\" style=\"font-style: inherit\" title=\"Stephen Bannon, nuevo presidente de campa\u00f1a de Trump, en una foto de archivo.\" src=\"http:\/\/ep01.epimg.net\/internacional\/imagenes\/2016\/08\/17\/actualidad\/1471429567_596593_1471430448_sumario_normal.jpg\" alt=\"Stephen Bannon, nuevo presidente de campa\u00f1a de Trump, en una foto de archivo.\" width=\"360\" height=\"373\" \/><figcaption class=\"foto-pie\" style=\"font-style: inherit;color: #646464\">Stephen Bannon, nuevo presidente de campa\u00f1a de Trump, en una foto de archivo.\u00a0<span class=\"foto-firma\" style=\"font-style: inherit;color: #111111\"><span class=\"foto-autor\" style=\"font-style: inherit\">DANNY MOLOSHOK<\/span>\u00a0<span class=\"foto-agencia\" style=\"font-style: inherit\">DANNY MOLOSHOK\/INVISION\/AP<\/span><\/span><\/figcaption><\/figure>\n<div class=\"sumario-texto\" style=\"font-style: inherit\"><\/div>\n<\/div>\n<\/section>\n<div id=\"ds_cpp\" class=\"ds_cpp\" style=\"color: #444444\">\n<div class=\"ds_cpp_inner\" style=\"font-style: inherit\">\n<div class=\"ds_body\" style=\"font-style: inherit\">\n<div id=\"ds_player_container\" style=\"font-style: inherit\">\n<div id=\"ds_content_frame_parent\" style=\"font-style: inherit\">\n<div style=\"font-style: inherit\">\u00a0El nombramiento de Bannon como jefe ejecutivo de campa\u00f1a es una victoria para esta segunda facci\u00f3n. La revista\u00a0<em>Bloomberg Business Week<\/em>\u00a0<a style=\"font-style: inherit;color: #016ca2\" href=\"http:\/\/www.bloomberg.com\/politics\/graphics\/2015-steve-bannon\/\">defini\u00f3<\/a>\u00a0el a\u00f1o pasado a Bannon como \u201cel agente m\u00e1s peligroso de la pol\u00edtica americana\u201d.<\/div>\n<\/div>\n<\/div>\n<\/div>\n<\/div>\n<\/div>\n<p style=\"color: #444444\">Este exoficial de la\u00a0<em>Navy<\/em>\u00a0y exbanquero en Goldman Sachs dirige el peque\u00f1o imperio medi\u00e1tico de\u00a0<em>Breitbart News<\/em>.\u00a0<em>Breitbart News<\/em>\u00a0ha florecido en los a\u00f1os del presidente Barack Obama y del movimiento populista Tea Party con un periodismo de guerrilla, hecho de esc\u00e1ndalos, algunos falsos. Disfruta de un amplio seguimiento en el movimiento conservador y representa una versi\u00f3n desenfadada, m\u00e1s juvenil y agresiva, en web y v\u00eddeo, que la cadena por cable Fox News, referente medi\u00e1tico de la derecha.<\/p>\n<p style=\"color: #444444\">Andrew Breitbart, el carism\u00e1tico fundador de Breitbart News, fallecido en 2012 a los 43 a\u00f1os, defini\u00f3 a su colega Bannon como el \u201c<a style=\"font-style: inherit;color: #016ca2\" href=\"https:\/\/www.youtube.com\/watch?v=GHs2coAzLJ8\">Leni Riefenstahl<\/a>\u00a0del movimiento Tea Party\u201d, en alusi\u00f3n a la cineasta que realiz\u00f3 los grandes documentales propagand\u00edsticos de Adolf Hitler.<\/p>\n<p style=\"color: #444444\">Bannon, adem\u00e1s de sus funciones de Breitbart News, es cofundador del<a style=\"font-style: inherit;color: #016ca2\" href=\"http:\/\/www.g-a-i.org\/\">Government Accountability Institute<\/a>\u00a0(Instituto de Rendici\u00f3n de Cuentas del Gobierno), que ha impulsado investigaciones period\u00edsticas sobre Clinton o el exgobernador de Florida Jeb Bush. Bush fue rival de Trump en las primarias republicanas y, a ojos del Tea Party y los\u00a0<em>trumpianos<\/em>, representa al detestado<em>establishment<\/em>.<\/p>\n<p style=\"color: #444444\">Esta es la segunda remodelaci\u00f3n del equipo de Trump en dos meses. En junio despidi\u00f3 al gerente de campa\u00f1a, Corey Lewandowsky, principal abogado de la estrategia de dejar que Trump actuase espont\u00e1neamente, sin cortapisas. Asumi\u00f3 las riendas Manafort, experimentado\u00a0<em>lobbista<\/em>\u00a0republicano que en el pasado asesor\u00f3 a dictadores como Mobutu Sese Seko o Ferdinand Marcos. Tambi\u00e9n ha trabajado para el presidente ucranio V\u00edktor Yanuk\u00f3vich. Su nombre figura en un libro de contabilidad del partido prorruso en Ucrania como destinatario de 12,7 millones de d\u00f3lares, seg\u00fan\u00a0<em>The New York Times<\/em>.<\/p>\n<p style=\"color: #444444\">Se supon\u00eda que Manafort deb\u00eda disciplinar a Trump. Pero en las \u00faltimas semanas, el candidato ha atacado a la familia de un soldado muerto en Irak, ha insinuado el uso de la fuerza contra Clinton y la ha acusado, a ella y al presidente Obama, de haber fundado el Estado Isl\u00e1mico.<\/p>\n<p style=\"color: #444444\">El anuncio del nuevo equipo coincide con las informaciones sobre el papel informal que Roger Ailes, expresidente de Fox News, como consejero de Trump. Trump y Ailes son amigos desde hace a\u00f1os. Ailes, uno de los art\u00edfices de la estrategia medi\u00e1tica de la derecha estadounidenses, acaba de perder su trabajo entre acusaciones de acoso sexual.<\/p>\n<p style=\"color: #444444\">El fichaje de Bannon y la cercan\u00eda con Ailes reflejan la promiscuidad entre Trump y los medios de comunicaci\u00f3n conservadores. Una de las claves del \u00e9xito de Trump entre las bases republicanas es que habla con una estridencia y descaro similar que los locutores de radio que, como Rush Limbaugh, en las \u00faltimas d\u00e9cadas han marcado el paso ideol\u00f3gico del Partido Republicano.<\/p>\n<p style=\"color: #444444\">Manafort no abandonar\u00e1 la campa\u00f1a, pero su papel queda diluido. Adem\u00e1s del fichaje de Bannon, Trump ha elevado a su asesora Kellyanne Conway al rango de gerente de campa\u00f1a.<\/p>\n<p style=\"color: #444444\">\u201cQuiero ganar\u201d,\u00a0<a style=\"font-style: inherit;color: #016ca2\" href=\"http:\/\/www.wsj.com\/articles\/donald-trump-overhauls-campaign-team-1471424401\">dijo Trump a<\/a>\u00a0<em>The Wall Street Journal<\/em>, el diario que adelant\u00f3 la noticia. \u201cPor eso traigo a unas personas fant\u00e1sticas que saben c\u00f3mo ganar y aman ganar\u201d.<\/p>\n","protected":false},"excerpt":{"rendered":"<p>El candidato republicano ficha al combativo jefe de Breitbart, altavoz medi\u00e1tico de la derecha populista<\/p>\n","protected":false},"author":5842,"featured_media":0,"comment_status":"open","ping_status":"open","sticky":false,"template":"","format":"standard","meta":{"footnotes":""},"categories":[24],"tags":[],"class_list":["post-467772","post","type-post","status-publish","format-standard","hentry","category-mundo"],"_links":{"self":[{"href":"https:\/\/diarioelpopular.com\/index.php\/wp-json\/wp\/v2\/posts\/467772","targetHints":{"allow":["GET"]}}],"collection":[{"href":"https:\/\/diarioelpopular.com\/index.php\/wp-json\/wp\/v2\/posts"}],"about":[{"href":"https:\/\/diarioelpopular.com\/index.php\/wp-json\/wp\/v2\/types\/post"}],"author":[{"embeddable":true,"href":"https:\/\/diarioelpopular.com\/index.php\/wp-json\/wp\/v2\/users\/5842"}],"replies":[{"embeddable":true,"href":"https:\/\/diarioelpopular.com\/index.php\/wp-json\/wp\/v2\/comments?post=467772"}],"version-history":[{"count":1,"href":"https:\/\/diarioelpopular.com\/index.php\/wp-json\/wp\/v2\/posts\/467772\/revisions"}],"predecessor-version":[{"id":467774,"href":"https:\/\/diarioelpopular.com\/index.php\/wp-json\/wp\/v2\/posts\/467772\/revisions\/467774"}],"wp:attachment":[{"href":"https:\/\/diarioelpopular.com\/index.php\/wp-json\/wp\/v2\/media?parent=467772"}],"wp:term":[{"taxonomy":"category","embeddable":true,"href":"https:\/\/diarioelpopular.com\/index.php\/wp-json\/wp\/v2\/categories?post=467772"},{"taxonomy":"post_tag","embeddable":true,"href":"https:\/\/diarioelpopular.com\/index.php\/wp-json\/wp\/v2\/tags?post=467772"}],"curies":[{"name":"wp","href":"https:\/\/api.w.org\/{rel}","templated":true}]}}