{"id":467869,"date":"2016-08-31T13:31:06","date_gmt":"2016-08-31T17:31:06","guid":{"rendered":"http:\/\/diarioelpopular.com\/?p=467869"},"modified":"2016-08-31T13:31:06","modified_gmt":"2016-08-31T17:31:06","slug":"trump-esta-usando-a-pena-nieto-no-es-bienvenido","status":"publish","type":"post","link":"https:\/\/diarioelpopular.com\/index.php\/2016\/08\/31\/trump-esta-usando-a-pena-nieto-no-es-bienvenido\/","title":{"rendered":"\u201cTrump est\u00e1 usando a Pe\u00f1a Nieto; no es bienvenido\u201d"},"content":{"rendered":"<p style=\"color: #444444\"><a href=\"https:\/\/diarioelpopular.com\/wp-content\/uploads\/2016\/08\/1472613520_572045_1472647094_portada_normal.jpg\"><img loading=\"lazy\" decoding=\"async\" class=\"aligncenter size-large wp-image-467870\" src=\"https:\/\/diarioelpopular.com\/wp-content\/uploads\/2016\/08\/1472613520_572045_1472647094_portada_normal-560x262.jpg\" alt=\"1472613520_572045_1472647094_portada_normal\" width=\"560\" height=\"262\" \/><\/a>Donald Trump no tiene amigos en M\u00e9xico. O al menos, no a la vista. El sorpresivo\u00a0<a style=\"font-style: inherit;color: #016ca2\" href=\"http:\/\/internacional.elpais.com\/internacional\/2016\/08\/31\/estados_unidos\/1472606963_908967.html\">anuncio de su reuni\u00f3n privada con el presidente Enrique Pe\u00f1a Nieto<\/a>\u00a0ha levantado un mar de cr\u00edticas. De poco sirvi\u00f3 que el mandatario justificara la visita rel\u00e1mpago como un intento de defender a sus ciudadanos del hombre que les ha acusado p\u00fablicamente de ser violadores y ladrones. \u201cCreo en el di\u00e1logo para proteger a los mexicanos donde quiera que est\u00e9n\u201d, dijo el presidente.<\/p>\n<p style=\"color: #444444\">Lejos de estas buenas intenciones, la mayor\u00eda de las reacciones entend\u00edan el encuentro como una claudicaci\u00f3n presidencial, en la que el \u00fanico beneficio proceder\u00eda de una excepcional petici\u00f3n de perd\u00f3n por parte Trump. \u201cEl dilema parece ser: o Trump pide una disculpa en forma a los mexicanos o Pe\u00f1a Nieto pierde la aprobaci\u00f3n que le queda\u201d, indic\u00f3 en Twitter el intelectual H\u00e9ctor Aguilar Cam\u00edn. \u201cSe\u00f1or presidente, d\u00edgale simplemente que usted es mexicano y est\u00e1 orgulloso de serlo\u201d,\u00a0<a style=\"font-style: inherit;color: #016ca2\" href=\"https:\/\/www.facebook.com\/jorge.castanedagutman\/videos\/1133502876717355\/\">le conmin\u00f3 en un v\u00eddeo el ex secretario de Relaciones Exteriores, Jorge Casta\u00f1eda.<\/a><\/p>\n<div id=\"ds_cpp\" class=\"ds_cpp\" style=\"color: #444444\">\n<div class=\"ds_cpp_inner\" style=\"font-style: inherit\">\n<div class=\"ds_body\" style=\"font-style: inherit\">\n<div id=\"ds_player_container\" style=\"font-style: inherit\">\n<div id=\"ds_content_frame_parent\" style=\"font-style: inherit\">\n<div style=\"font-style: inherit\">En un momento de extrema debilidad presidencial, con sus \u00edndices de valoraci\u00f3n bajo m\u00ednimos hist\u00f3ricos, la fisura abierta por la inesperada reuni\u00f3n fue r\u00e1pidamente aprovechada por la oposici\u00f3n. El presidente del derechista PAN, Ricardo Anaya, fue de los primeros en atacar: \u201c\u00bfEn qu\u00e9 cabeza cabe invitar a Donald Trump? Los mexicanos tenemos memoria y dignidad\u201d. M\u00e1s duro a\u00fan fue el l\u00edder en el Senado del izquierdista PRD, Miguel Barbosa: \u201cTu presencia en M\u00e9xico no es grata. \u00a1L\u00e1rgate! Vienes a tomarte la foto con quienes has ofendido\u201d.<\/div>\n<\/div>\n<\/div>\n<\/div>\n<\/div>\n<\/div>\n<p style=\"color: #444444\">En este mismo sentido se expres\u00f3 en una entrevista el expresidente Vicente Fox (2000-2006). \u201cTrump no es bienvenido a M\u00e9xico. No le queremos, no nos gusta, lo rechazamos. No entiendo por qu\u00e9 Pe\u00f1a le ha dado esta oportunidad, le est\u00e1 usando y est\u00e1 asumiendo un enorme riesgo pol\u00edtico: si se muestra blando (con Trump) se le considerar\u00e1 como un traidor porque no aceptamos ser ofendido como lo hemos sido. Es un error de Pe\u00f1a Nieto\u201d.<\/p>\n<p style=\"color: #444444\">Donald Trump est\u00e1 previsto que aterrice al final de la ma\u00f1ana en M\u00e9xico. Ser\u00e1 el momento en que Pe\u00f1a Nieto afronte el mayor reto internacional de su mandato. El cara a cara con quien ha despreciado e insultado a su pa\u00eds. Nadie le perdonar\u00e1 un error.<\/p>\n","protected":false},"excerpt":{"rendered":"<p>La visita rel\u00e1mpago del republicano levanta ampollas entre pol\u00edticos e intelectuales mexicanos<\/p>\n","protected":false},"author":5842,"featured_media":0,"comment_status":"open","ping_status":"open","sticky":false,"template":"","format":"standard","meta":{"footnotes":""},"categories":[23,24],"tags":[],"class_list":["post-467869","post","type-post","status-publish","format-standard","hentry","category-latinoamerica","category-mundo"],"_links":{"self":[{"href":"https:\/\/diarioelpopular.com\/index.php\/wp-json\/wp\/v2\/posts\/467869","targetHints":{"allow":["GET"]}}],"collection":[{"href":"https:\/\/diarioelpopular.com\/index.php\/wp-json\/wp\/v2\/posts"}],"about":[{"href":"https:\/\/diarioelpopular.com\/index.php\/wp-json\/wp\/v2\/types\/post"}],"author":[{"embeddable":true,"href":"https:\/\/diarioelpopular.com\/index.php\/wp-json\/wp\/v2\/users\/5842"}],"replies":[{"embeddable":true,"href":"https:\/\/diarioelpopular.com\/index.php\/wp-json\/wp\/v2\/comments?post=467869"}],"version-history":[{"count":1,"href":"https:\/\/diarioelpopular.com\/index.php\/wp-json\/wp\/v2\/posts\/467869\/revisions"}],"predecessor-version":[{"id":467871,"href":"https:\/\/diarioelpopular.com\/index.php\/wp-json\/wp\/v2\/posts\/467869\/revisions\/467871"}],"wp:attachment":[{"href":"https:\/\/diarioelpopular.com\/index.php\/wp-json\/wp\/v2\/media?parent=467869"}],"wp:term":[{"taxonomy":"category","embeddable":true,"href":"https:\/\/diarioelpopular.com\/index.php\/wp-json\/wp\/v2\/categories?post=467869"},{"taxonomy":"post_tag","embeddable":true,"href":"https:\/\/diarioelpopular.com\/index.php\/wp-json\/wp\/v2\/tags?post=467869"}],"curies":[{"name":"wp","href":"https:\/\/api.w.org\/{rel}","templated":true}]}}