{"id":468160,"date":"2016-10-04T19:04:03","date_gmt":"2016-10-04T23:04:03","guid":{"rendered":"http:\/\/diarioelpopular.com\/?p=468160"},"modified":"2016-10-04T19:04:11","modified_gmt":"2016-10-04T23:04:11","slug":"el-fmi-teme-una-ola-de-populismo-por-la-debilidad-economica-global","status":"publish","type":"post","link":"https:\/\/diarioelpopular.com\/index.php\/2016\/10\/04\/el-fmi-teme-una-ola-de-populismo-por-la-debilidad-economica-global\/","title":{"rendered":"El FMI teme una ola de populismo por la debilidad econ\u00f3mica global"},"content":{"rendered":"<p>&nbsp;<\/p>\n<div id=\"attachment_468161\" style=\"width: 570px\" class=\"wp-caption aligncenter\"><a href=\"https:\/\/diarioelpopular.com\/wp-content\/uploads\/2016\/10\/1475536407_646015_1475592092_noticia_fotograma.jpg\"><img loading=\"lazy\" decoding=\"async\" aria-describedby=\"caption-attachment-468161\" class=\"size-large wp-image-468161\" src=\"https:\/\/diarioelpopular.com\/wp-content\/uploads\/2016\/10\/1475536407_646015_1475592092_noticia_fotograma-560x314.jpg\" alt=\"Transe\u00fantes pasan frente a la sede del FMI en Washington.\" width=\"560\" height=\"314\" \/><\/a><p id=\"caption-attachment-468161\" class=\"wp-caption-text\">Transe\u00fantes pasan frente a la sede del FMI en Washington.<\/p><\/div>\n<p><span style=\"color: #111111\">El\u00a0<\/span><a style=\"color: #016ca2\" href=\"http:\/\/elpais.com\/tag\/fmi_fondo_monetario_internacional\/a\/\">Fondo Monetario Internacional\u00a0<\/a><span style=\"color: #111111\">advirti\u00f3 este martes en Washington, en el arranque de su reuni\u00f3n anual, de que las dificultades econ\u00f3micas alientan una deriva populista contraria a la inmigraci\u00f3n y al comercio internacional \u2014sobre todo en los pa\u00edses ricos\u2014 de muy dif\u00edcil retorno. El crecimiento mundial sigue a media asta ocho a\u00f1os despu\u00e9s de Gran Recesi\u00f3n y las clases medias se han empobrecido.\u00a0<\/span><a style=\"color: #016ca2\" href=\"http:\/\/elpais.com\/tag\/referendum_permanencia_reino_unido_ue\/a\">El adi\u00f3s de Reino Unido a la Uni\u00f3n Europea<\/a><span style=\"color: #111111\">\u00a0en el refer\u00e9ndum en junio es seg\u00fan un claro aviso de que no hay uni\u00f3n irreversible.<\/span><\/p>\n<p style=\"color: #444444\">Las jornadas arrancan con el reciente triunfo del\u00a0<a style=\"font-style: inherit;color: #016ca2\" href=\"http:\/\/internacional.elpais.com\/internacional\/2016\/10\/02\/colombia\/1475420001_242063.html\">&#8216;no&#8217; en el referendo del acuerdo de paz con las FARC<\/a>\u00a0en Colombia; el\u00a0<a style=\"font-style: inherit;color: #016ca2\" href=\"http:\/\/elpais.com\/tag\/referendum_permanencia_reino_unido_ue\/a\">proceso de Brexit<\/a>\u00a0empezando a dibujarse y la posibilidad de que un candidato\u00a0<em>outsider<\/em>, contrario a los actuales tratados comerciales y muy duro con la inmigraci\u00f3n, gobierne Estados Unidos en 2017:<a style=\"font-style: inherit;color: #016ca2\" href=\"http:\/\/elpais.com\/tag\/donald_trump\/a\">Donald Trump<\/a>. Ninguno de estos tres fen\u00f3menos tienen otra cosa en com\u00fan que el hecho de que ha tomado a las grandes instituciones de todo el mundo con el paso cambiado y destilan rebeld\u00eda contra el discurso de las \u00e9lites.<\/p>\n<p style=\"color: #444444\">Hay preocupaci\u00f3n en Washington. El informe de previsiones del Fondo ha dado un duro tijeretazo a la primera econom\u00eda del mundo: calcula un crecimiento del 1,6% para este a\u00f1o en Estados Unidos, seis d\u00e9cimas por debajo de lo que esperaba en julio, y un 2,2% para 2017, tres d\u00e9cimas menos. A Reino Unido ya le aplic\u00f3 un ajuste por el resultado del referendo en su actualizaci\u00f3n de julio: esta vez le sube una d\u00e9cima el pron\u00f3stico de 2016 (hasta el 1,8%) , pero recorta otra d\u00e9cima a 2017 (1,1%).<\/p>\n<p style=\"color: #444444\">El PIB mundial avanzar\u00e1 un 3,1% este a\u00f1o, lo mismo que se esperaba en julio, que es una d\u00e9cima menos que el a\u00f1o anterior, ya de por s\u00ed d\u00e9bil, si bien pa\u00edses en mala racha como Brasil y Rusia se reactivar\u00e1n permitir\u00e1n mejorar el ritmo hasta el 3,4% en 2017. China, el gigante asi\u00e1tico, tambi\u00e9n afloja el paso respecto a 2015: avanzar\u00e1 un 6,6% y un 6,2%, seg\u00fan los c\u00e1lculos del FMI.<\/p>\n<p style=\"color: #444444\">Aun as\u00ed, la languidez de la econom\u00eda mundial lleva preocupando al Fondo desde hace a\u00f1os. Lo que ha venido despu\u00e9s de la Gran Recesi\u00f3n, una reactivaci\u00f3n an\u00e9mica y en alarma permanente por los vaivenes pol\u00edticos, dura tanto que puede mutar en algo m\u00e1s grave. El Fondo alerta del \u201cfantasma\u201d de que este persistente estancamiento, sobre todo en las econom\u00edas avanzadas, \u201cpueda alentar m\u00e1s las llamadas populistas para restringir el comercio y la inmigraci\u00f3n\u201d.<\/p>\n<p style=\"color: #444444\">\u201cEl voto del\u00a0<a style=\"font-style: inherit;color: #016ca2\" href=\"http:\/\/elpais.com\/tag\/referendum_permanencia_reino_unido_ue\/a\"><em>Brexit<\/em><\/a>\u00a0refleja un resentimiento contra la migraci\u00f3n transfronteriza que ha alimentado el nacionalismo en Europa y puesto en tela de juicio la integraci\u00f3n europea\u201d, dijo este martes el economista jefe, Maurice Obstfeld. \u201cTensiones similares afectan al escenario pol\u00edtico de Estados Unidos \u2014continu\u00f3\u2014 donde la ret\u00f3rica anticomercio y antinmigraci\u00f3n han sido prominentes desde el principio de la campa\u00f1a electoral\u201d.<\/p>\n<h3 style=\"color: #111111\">M\u00e1s all\u00e1 de Trump<\/h3>\n<p style=\"color: #444444\">Las alarmas contra una ola proteccionista tienen que ver mucho con Donald Trump \u2013el magnate y candidato republicano a la Casa Blanca-, pero no solo con \u00e9l. Y no solo con Estados Unidos. Tanto en la primera potencia econ\u00f3mica como en Europa han aumentado las voces pol\u00edticas y sociales contrarias al futuro tratado de comercio trasatl\u00e1ntico (TTIP, en sus siglas en ingl\u00e9s), cuya negociaci\u00f3n ha entrado en v\u00eda muerta.\u00a0<a style=\"font-style: inherit;color: #016ca2\" href=\"http:\/\/economia.elpais.com\/economia\/2015\/10\/05\/actualidad\/1444048323_601347.html\">Y el Acuerdo Pac\u00edfico que firm\u00f3 Barack Obama (el TPP)<\/a>est\u00e1 en tela de juicio en la campa\u00f1a presidencial estadounidense: Trump lo ha amenazado y la dem\u00f3crata Hillary Clinton tambi\u00e9n cree que debe cambiarse.<\/p>\n<p style=\"color: #444444\">\u201cRetrasar el reloj en cuanto a comercio solo puede agravar y prolongar el abatimiento de la econom\u00eda\u201d, se\u00f1al\u00f3 Obstfeld este martes. Pero la globalizaci\u00f3n ha favorecido la deslocalizaci\u00f3n industrial a pa\u00edses con mano de obra m\u00e1s barata y la clase media de las econom\u00edas avanzadas (y, por tanto, m\u00e1s caras) ha sufrido la destrucci\u00f3n de ese otrora bien pagado empleo.<\/p>\n<section id=\"sumario_2|html\" class=\"sumario_html derecha\" style=\"color: #444444\"><a style=\"font-style: inherit;color: #016ca2\" name=\"sumario_2\"><\/a><\/p>\n<div class=\"sumario__interior\" style=\"font-style: inherit\">\n<div class=\"sumario-texto\" style=\"font-style: inherit\">\n<p class=\"texto_grande\" style=\"font-weight: bold;font-style: inherit;color: #000000\">China, el gigante asi\u00e1tico, tambi\u00e9n afloja el paso respecto a 2015: avanzar\u00e1 un 6,6% y un 6,2%, seg\u00fan el FMI.<\/p>\n<\/div>\n<\/div>\n<\/section>\n<p style=\"color: #444444\">Por eso el Fondo ha dado un giro y llama ahora tambi\u00e9n a combatir la desigualdad y, en pa\u00edses como Estados Unidos, a subir el salario m\u00ednimo. Porque los bajos sueldos tambi\u00e9n frenan el crecimiento de una econom\u00eda tan basada en el consumo.<\/p>\n<h3 style=\"color: #111111\">Ralentizaci\u00f3n en la eurozona<\/h3>\n<p style=\"color: #444444\">La zona euro crecer\u00e1 un 1,7% este a\u00f1o y un 1,5% el pr\u00f3ximo (una d\u00e9cima m\u00e1s de lo que esperaba en julio en ambos casos), frente al 2% de 2015, as\u00ed que el Fondo cree que el Banco Central Europeo debe mantener sus fuertes est\u00edmulos monetarios, e incluso debe pensar en reforzarlos si las cosas no mejoran. Y Jap\u00f3n, la tercera potencial mundial, tan solo avanzar\u00e1 medio punto este 2016 y un 0,6% en 2017.<\/p>\n<p style=\"color: #444444\">Las verdaderas consecuencias del Brexit, con todo, est\u00e1s por llegar. Tal y como advirti\u00f3 Obstfeld, &#8220;la incertidumbre har\u00e1 mella en la confianza de los inversores&#8221;. Este martes, la libre se desplom\u00f3.<\/p>\n<p style=\"color: #444444\">Las econom\u00edas emergentes han dado una peque\u00f1a buena noticia, porque su crecimiento se acelera por primera vez en seis a\u00f1os, hasta el 4,2% este a\u00f1o y el 4,6% el siguiente. Aunque no basta.<\/p>\n<p style=\"color: #444444\">El Fondo llevaba a\u00f1os esperando que el tir\u00f3n de los emergentes compensase una relajaci\u00f3n estructural del ritmo de expansi\u00f3n de econom\u00edas m\u00e1s maduras, pero esto no ha ocurrido. No es tan solo un problema de que la salida de la gran crisis de 2008 resulte fr\u00e1gil, sino que la capacidad del mundo para crecer haber encogido. Si comparamos con los promedios del periodo 1998-2007, se espera que el crecimiento potencial de largo plazo (lo que una econom\u00eda puede dar de s\u00ed si se ponen todos sus recursos en marcha) resulte m\u00e1s bajo en todas las regiones, sin excepci\u00f3n.<\/p>\n","protected":false},"excerpt":{"rendered":"<p>El freno de Estados Unidos y el efecto de &#8216;Brexit&#8217; lastran a las econom\u00edas desarrolladas<\/p>\n","protected":false},"author":5842,"featured_media":0,"comment_status":"open","ping_status":"open","sticky":false,"template":"","format":"standard","meta":{"footnotes":""},"categories":[24],"tags":[],"class_list":["post-468160","post","type-post","status-publish","format-standard","hentry","category-mundo"],"_links":{"self":[{"href":"https:\/\/diarioelpopular.com\/index.php\/wp-json\/wp\/v2\/posts\/468160","targetHints":{"allow":["GET"]}}],"collection":[{"href":"https:\/\/diarioelpopular.com\/index.php\/wp-json\/wp\/v2\/posts"}],"about":[{"href":"https:\/\/diarioelpopular.com\/index.php\/wp-json\/wp\/v2\/types\/post"}],"author":[{"embeddable":true,"href":"https:\/\/diarioelpopular.com\/index.php\/wp-json\/wp\/v2\/users\/5842"}],"replies":[{"embeddable":true,"href":"https:\/\/diarioelpopular.com\/index.php\/wp-json\/wp\/v2\/comments?post=468160"}],"version-history":[{"count":1,"href":"https:\/\/diarioelpopular.com\/index.php\/wp-json\/wp\/v2\/posts\/468160\/revisions"}],"predecessor-version":[{"id":468162,"href":"https:\/\/diarioelpopular.com\/index.php\/wp-json\/wp\/v2\/posts\/468160\/revisions\/468162"}],"wp:attachment":[{"href":"https:\/\/diarioelpopular.com\/index.php\/wp-json\/wp\/v2\/media?parent=468160"}],"wp:term":[{"taxonomy":"category","embeddable":true,"href":"https:\/\/diarioelpopular.com\/index.php\/wp-json\/wp\/v2\/categories?post=468160"},{"taxonomy":"post_tag","embeddable":true,"href":"https:\/\/diarioelpopular.com\/index.php\/wp-json\/wp\/v2\/tags?post=468160"}],"curies":[{"name":"wp","href":"https:\/\/api.w.org\/{rel}","templated":true}]}}