{"id":468391,"date":"2016-10-25T11:49:45","date_gmt":"2016-10-25T15:49:45","guid":{"rendered":"http:\/\/diarioelpopular.com\/?p=468391"},"modified":"2016-10-25T11:49:55","modified_gmt":"2016-10-25T15:49:55","slug":"la-iglesia-prohibe-esparcir-las-cenizas-de-los-difuntos-o-tenerlas-en-casa","status":"publish","type":"post","link":"https:\/\/diarioelpopular.com\/index.php\/2016\/10\/25\/la-iglesia-prohibe-esparcir-las-cenizas-de-los-difuntos-o-tenerlas-en-casa\/","title":{"rendered":"La Iglesia proh\u00edbe esparcir las cenizas de los difuntos o tenerlas en casa"},"content":{"rendered":"<div id=\"attachment_468392\" style=\"width: 570px\" class=\"wp-caption aligncenter\"><a href=\"https:\/\/diarioelpopular.com\/wp-content\/uploads\/2016\/10\/1477392380_549301_1477401927_noticia_fotograma.jpg\"><img loading=\"lazy\" decoding=\"async\" aria-describedby=\"caption-attachment-468392\" class=\"size-large wp-image-468392\" src=\"https:\/\/diarioelpopular.com\/wp-content\/uploads\/2016\/10\/1477392380_549301_1477401927_noticia_fotograma-560x315.jpg\" alt=\"El Papa en la plaza de San Pedro.\" width=\"560\" height=\"315\" \/><\/a><p id=\"caption-attachment-468392\" class=\"wp-caption-text\">El Papa en la plaza de San Pedro.<\/p><\/div>\n<p style=\"color: #444444\">La\u00a0<a style=\"font-style: inherit;color: #016ca2\" href=\"http:\/\/elpais.com\/tag\/iglesia_catolica\/a\">Iglesia cat\u00f3lica<\/a>\u00a0sigue prefiriendo enterrar a los muertos, pero en el caso de que \u2013por razones higi\u00e9nicas o por la voluntad expresa del finado\u2014se optase por la cremaci\u00f3n, proh\u00edbe desde hoy que las cenizas sean esparcidas, divididas entre los familiares o conservadas en casa. Seg\u00fan un documento redactado por la Congregaci\u00f3n para la Doctrina de la Fe \u2013el antiguo Santo Oficio&#8211; y firmado por el<a style=\"font-style: inherit;color: #016ca2\" href=\"http:\/\/elpais.com\/tag\/francisco_i\/a\">papa Francisco<\/a>, la prohibici\u00f3n pretende evitar cualquier \u201cmalentendido pante\u00edsta, naturalista o nihilista\u201d.<\/p>\n<p style=\"color: #444444\">El documento aprobado, que se titula Instruccion Ad resurgendum cum Christo y sustituye a otro de 1963, advierte de que &#8220;no se permite la dispersi\u00f3n de las cenizas en el aire, en la tierra o en el agua o en cualquier otra forma, o la conversi\u00f3n de las cenizas en recuerdos conmemorativos, en piezas de joyer\u00eda o en otros art\u00edculos&#8221;. Y va m\u00e1s all\u00e1: &#8220;En el caso de que el difunto hubiera sido sometido a la cremaci\u00f3n y la dispersi\u00f3n de sus cenizas en la naturaleza por razones contrarias a la fe cristiana, se le ha de negar el funeral&#8221;. La Congregaci\u00f3n para la Doctrina de la Fe justifica la elaboraci\u00f3n de un documento as\u00ed de dr\u00e1stico como reacci\u00f3n a las nuevas pr\u00e1cticas en la sepultura y en la cremaci\u00f3n &#8220;contrarias a la fe de la Iglesia&#8221;.<\/p>\n<p style=\"color: #444444\">La conservaci\u00f3n de las cenizas en el hogar solo se contemplar\u00e1 &#8220;en casos de graves y excepcionales circunstancias&#8221;, o cuando una persona lo pida &#8220;por piedad o cercan\u00eda&#8221;, ha explicado el consultor de la Congregaci\u00f3n de la Doctrina de la Fe, el espa\u00f1ol \u00c1ngel Rodr\u00edguez Lu\u00f1o, en la rueda de prensa de la presentaci\u00f3n del documento. Para la Iglesia, &#8220;la conservaci\u00f3n de las cenizas en un lugar sagrado ayuda a reducir el riesgo de apartar a los difuntos de la oraci\u00f3n&#8221;. Adem\u00e1s, &#8220;se evita la posibilidad de olvido, falta de respeto y malos tratos, que pueden sobrevenir sobre todo una vez pasada la primera generaci\u00f3n, as\u00ed como pr\u00e1cticas inconvenientes o supersticiosas&#8221;.<\/p>\n<p style=\"color: #444444\">Seg\u00fan la Congregaci\u00f3n para la Doctrina de la Fe, las cenizas deben mantenerse &#8220;por regla general en un lugar sagrado, es decir, en el cementerio o, si es el caso, en una iglesia o en un \u00e1rea especialmente dedicada a tal fin por la autoridad eclesi\u00e1stica competente. El prefecto de la Congregaci\u00f3n, el muy conservador cardenal alem\u00e1n Gerhard Mueller, lleg\u00f3 a decir durante la presentaci\u00f3n del documento: &#8220;Los muertos no son propiedad de los familiares, son hijos de Dios, forman parte de Dios y esperan en un campo santo su resurrecci\u00f3n&#8221;.<\/p>\n<p style=\"color: #444444\">Aunque la Iglesia admite que &#8220;no ve razones doctrinales&#8221; para prohibir la cremaci\u00f3n &#8211;&#8220;la cremaci\u00f3n del cad\u00e1ver no toca el alma y no impide a la omnipotencia divina resucitar el cuerpo&#8221;, el secretario de la Comisi\u00f3n Teol\u00f3gica Internacional, Serge-Thomas Bonino, la calific\u00f3 como &#8220;algo brutal&#8221;, por tratarse de &#8220;un proceso que no es natural, sino que interviene la t\u00e9cnica y que adem\u00e1s no permite a las personas cercanas acostumbrarse a la falta de un ser querido&#8221;.<\/p>\n","protected":false},"excerpt":{"rendered":"<p>El incumplimiento de esta medida puede suponer la negaci\u00f3n del funeral al fallecido<\/p>\n","protected":false},"author":5842,"featured_media":0,"comment_status":"open","ping_status":"open","sticky":false,"template":"","format":"standard","meta":{"footnotes":""},"categories":[24],"tags":[],"class_list":["post-468391","post","type-post","status-publish","format-standard","hentry","category-mundo"],"_links":{"self":[{"href":"https:\/\/diarioelpopular.com\/index.php\/wp-json\/wp\/v2\/posts\/468391","targetHints":{"allow":["GET"]}}],"collection":[{"href":"https:\/\/diarioelpopular.com\/index.php\/wp-json\/wp\/v2\/posts"}],"about":[{"href":"https:\/\/diarioelpopular.com\/index.php\/wp-json\/wp\/v2\/types\/post"}],"author":[{"embeddable":true,"href":"https:\/\/diarioelpopular.com\/index.php\/wp-json\/wp\/v2\/users\/5842"}],"replies":[{"embeddable":true,"href":"https:\/\/diarioelpopular.com\/index.php\/wp-json\/wp\/v2\/comments?post=468391"}],"version-history":[{"count":1,"href":"https:\/\/diarioelpopular.com\/index.php\/wp-json\/wp\/v2\/posts\/468391\/revisions"}],"predecessor-version":[{"id":468393,"href":"https:\/\/diarioelpopular.com\/index.php\/wp-json\/wp\/v2\/posts\/468391\/revisions\/468393"}],"wp:attachment":[{"href":"https:\/\/diarioelpopular.com\/index.php\/wp-json\/wp\/v2\/media?parent=468391"}],"wp:term":[{"taxonomy":"category","embeddable":true,"href":"https:\/\/diarioelpopular.com\/index.php\/wp-json\/wp\/v2\/categories?post=468391"},{"taxonomy":"post_tag","embeddable":true,"href":"https:\/\/diarioelpopular.com\/index.php\/wp-json\/wp\/v2\/tags?post=468391"}],"curies":[{"name":"wp","href":"https:\/\/api.w.org\/{rel}","templated":true}]}}