{"id":468486,"date":"2016-11-06T15:12:40","date_gmt":"2016-11-06T20:12:40","guid":{"rendered":"http:\/\/diarioelpopular.com\/?p=468486"},"modified":"2016-11-06T15:12:51","modified_gmt":"2016-11-06T20:12:51","slug":"sin-obama-en-cartel-cae-el-interes-electoral-de-los-negros","status":"publish","type":"post","link":"https:\/\/diarioelpopular.com\/index.php\/2016\/11\/06\/sin-obama-en-cartel-cae-el-interes-electoral-de-los-negros\/","title":{"rendered":"Sin Obama en cartel, cae el inter\u00e9s electoral de los negros"},"content":{"rendered":"<p><a href=\"https:\/\/diarioelpopular.com\/wp-content\/uploads\/2016\/11\/1478381266_035318_1478453820_noticia_fotograma.jpg\"><img loading=\"lazy\" decoding=\"async\" class=\"aligncenter size-large wp-image-468487\" src=\"https:\/\/diarioelpopular.com\/wp-content\/uploads\/2016\/11\/1478381266_035318_1478453820_noticia_fotograma-560x315.jpg\" alt=\"1478381266_035318_1478453820_noticia_fotograma\" width=\"560\" height=\"315\" \/><\/a>La Universidad Howard en Washington es un microcosmos que permite calibrar el apetito electoral de la juventud negra. El campus de la universidad, referencia hist\u00f3rica de la comunidad afroamericana y con estudiantes procedentes de todo Estados Unidos, refleja los temores de la campa\u00f1a dem\u00f3crata. Sin Barack Obama y con <a href=\"http:\/\/elpais.com\/tag\/hillary_clinton\/a\/\">Hillary Clinton<\/a> de candidata en las <a href=\"http:\/\/elpais.com\/tag\/elecciones_eeuu\/a\/\">elecciones presidenciales<\/a> del martes, cae el inter\u00e9s electoral de los negros. El republicano Donald Trump conf\u00eda en desmovilizar a las minor\u00edas raciales, que tienden a votar al Partido Dem\u00f3crata.<\/p>\n<div id=\"cuerpo_noticia\" class=\"articulo-cuerpo\">\n<p>Jeff, negro de 21 a\u00f1os, votar\u00e1 a Clinton porque es la \u201cmenos mala de dos diablos\u201d, una frase habitual entre muchos votantes. Pero este estudiante de marketing, que llama \u201cracista\u201d a <a href=\"http:\/\/elpais.com\/tag\/donald_trump\/a\/\">Trump<\/a>, asegura que \u201cmucha gente negra\u201d no votar\u00e1. No solo influye que Obama, el primer presidente negro, no se presente a los comicios, sino tambi\u00e9n el pasado del matrimonio Clinton: en los noventa, ante el crimen rampante en EE UU, apostaron por pol\u00edticas de mano dura que contribuyeron a la encarcelaci\u00f3n masiva de afroamericanos.<\/p>\n<p>\u201cNo quiero votar a Hillary porque no creo que el Partido Dem\u00f3crata haga mucho para ayudar a la gente negra\u201d, dice Jamillia Joy, estudiante de 18 a\u00f1os de sociolog\u00eda. Votar\u00e1 a Jill Stein, la candidata verde. El motivo, esgrime, es que Clinton no aborda las ra\u00edces de los problemas socioecon\u00f3micos que golpean a la comunidad negra.<\/p>\n<p>Asegura que sus tres hermanos se han visto afectados por la ley de 1994, bajo la presidencia de Bill Clinton, que endureci\u00f3 las condenas, por ejemplo imponiendo cadenas perpetuas por <a href=\"http:\/\/internacional.elpais.com\/internacional\/2015\/08\/22\/actualidad\/1440222830_648781.html\">acumular<\/a> tres delitos. Joy proviene de un barrio conflictivo de Chicago, que describe como un \u201cEstado de vigilancia policial\u201d.<\/p>\n<p>Para ganar las elecciones, Clinton necesita movilizar a buena parte de la coalici\u00f3n de votantes j\u00f3venes, urbanos y de minor\u00edas raciales que impuls\u00f3 a <a href=\"http:\/\/elpais.com\/tag\/barack_obama\/a\/\">Obama<\/a> en las elecciones de 2008 y 2012. Los datos preliminares de voto anticipado en algunos Estados clave inquietan a los dem\u00f3cratas. En Carolina del Norte, el apoyo negro a Clinton es un 16% m\u00e1s bajo que en 2012, seg\u00fan los datos de mediados de esta semana. En Florida, el porcentaje de afroamericanos que han votado anticipadamente ha pasado en cuatro a\u00f1os del 25% al 15%.<\/p>\n<section id=\"sumario_1|foto\" class=\"sumario_foto centro\"><a name=\"sumario_1\"><\/a><\/p>\n<div class=\"sumario__interior\">\n<figure class=\"foto foto_w980\"><a class=\"enlace\" title=\"ampliar foto\"> <img loading=\"lazy\" decoding=\"async\" title=\"Jeff, estudiante de marketing de 21 a\u00f1os, el viernes en el campus de Howard\" src=\"http:\/\/ep01.epimg.net\/internacional\/imagenes\/2016\/11\/05\/estados_unidos\/1478381266_035318_1478383172_sumario_normal.jpg\" alt=\"Jeff, estudiante de marketing de 21 a\u00f1os, el viernes en el campus de Howard\" width=\"980\" height=\"631\" \/> <span class=\"boton_ampliar\">ampliar foto<\/span> <\/a><figcaption class=\"foto-pie\">Jeff, estudiante de marketing de 21 a\u00f1os, el viernes en el campus de Howard <span class=\"foto-firma\"><span class=\"foto-autor\">JOAN FAUS<\/span> <\/span><\/figcaption><\/figure>\n<div class=\"sumario-texto\"><\/div>\n<\/div>\n<\/section>\n<p>El descenso se atribuye a la ausencia de Obama en el cartel electoral, que propici\u00f3 una movilizaci\u00f3n r\u00e9cord de negros. Tambi\u00e9n a los intentos republicanos de dificultar el voto afroamericano en Estados como Carolina del Norte con impedimentos para registrarse. Y a la <a href=\"http:\/\/elpais.com\/elpais\/2016\/04\/08\/videos\/1460106568_037411.html\">reticencia<\/a> que mantienen algunos negros con los Clinton.<\/p>\n<p>El presidente se <a href=\"http:\/\/internacional.elpais.com\/internacional\/2016\/11\/01\/estados_unidos\/1478026304_285029.html\">ha volcado<\/a> en los \u00faltimos d\u00edas en tratar de revertir las cifras negativas con un marat\u00f3n de m\u00edtines y entrevistas period\u00edsticas enfocadas al p\u00fablico afroamericano. La campa\u00f1a de Clinton conf\u00eda en poder compensar un descenso del voto negro con aumentos significativos del apoyo de hispanos y mujeres con estudios universitarios.<\/p>\n<p>Clinton tambi\u00e9n conecta menos que Obama con los j\u00f3venes. Fue uno de sus puntos flacos en las primarias dem\u00f3cratas ante el senador Bernie Sanders. En 2012, apoyaron a Obama el 91% de los j\u00f3venes negros y el 74% de los latinos, seg\u00fan datos del proyecto Black Youth de la Universidad de Chicago. Para Clinton, se estiman en el 80% y 63% respectivamente.<\/p>\n<p>Kira Porter, estudiante de 18 a\u00f1os de marketing, no podr\u00e1 votar por unos problemas administrativos. Dice que lo har\u00eda por Clinton por su cercan\u00eda a Obama. Elogia al presidente, pero minimiza su contribuci\u00f3n a sanar la brecha racial. \u201cHay mayor concienciaci\u00f3n sobre lo qu\u00e9 ocurre en la comunidad negra, pero todav\u00eda hay opresi\u00f3n. En la brutalidad policial, en los trabajos\u2026\u201d, sostiene.<\/p>\n<section id=\"sumario_2|foto\" class=\"sumario_foto centro\"><a name=\"sumario_2\"><\/a><\/p>\n<div class=\"sumario__interior\">\n<figure class=\"foto foto_w980\"><a class=\"enlace\" title=\"ampliar foto\"> <img loading=\"lazy\" decoding=\"async\" title=\"Houston Griffin y Kira Porter, estudiantes de 18 a\u00f1os de biolog\u00eda y marketing en Howard\" src=\"http:\/\/ep01.epimg.net\/internacional\/imagenes\/2016\/11\/05\/estados_unidos\/1478381266_035318_1478384495_sumario_normal.jpg\" alt=\"Houston Griffin y Kira Porter, estudiantes de 18 a\u00f1os de biolog\u00eda y marketing en Howard\" width=\"980\" height=\"629\" \/> <span class=\"boton_ampliar\">ampliar foto<\/span> <\/a><figcaption class=\"foto-pie\">Houston Griffin y Kira Porter, estudiantes de 18 a\u00f1os de biolog\u00eda y marketing en Howard <span class=\"foto-firma\"><span class=\"foto-autor\">JOAN FAUS<\/span> <\/span><\/figcaption><\/figure>\n<div class=\"sumario-texto\"><\/div>\n<\/div>\n<\/section>\n<p>Houston Griffin, estudiante de biolog\u00eda de 18 a\u00f1os, ya ha votado por Clinton. Le parece cercana a los afroamericanos y ser\u00eda la primera presidenta del pa\u00eds. Dice que algunos amigos suyos que eran reticentes a respaldar a la dem\u00f3crata lo har\u00e1n ahora ante el temor de una victoria de Trump.<\/p>\n<p>En el campus de Howard, que fue un <a href=\"http:\/\/internacional.elpais.com\/internacional\/2013\/11\/12\/actualidad\/1384228927_641366.html\">caldo de cultivo<\/a> del activismo negro de los a\u00f1os cincuenta y sesenta, apenas se ven referencias a las elecciones. Pese a que la pol\u00edtica siempre ha impregnado la universidad: pronunciaron discursos los l\u00edderes negros Martin Luther King y Malcom X, y los presidentes John F. Kennedy y, el pasado mayo, Obama.<\/p>\n<p>La \u00fanica referencia visible a las elecciones es un cartel en uno de los accesos al campus que evidencia los recelos a ambos candidatos. Publicita la convenci\u00f3n, este domingo en la universidad, sobre la autodeterminaci\u00f3n negra con im\u00e1genes burlonas de Clinton y Trump.<\/p>\n<\/div>\n","protected":false},"excerpt":{"rendered":"<p>El descenso de la participaci\u00f3n inquieta a la campa\u00f1a de Clinton ante el repunte de Trump<\/p>\n","protected":false},"author":5842,"featured_media":0,"comment_status":"open","ping_status":"open","sticky":false,"template":"","format":"standard","meta":{"footnotes":""},"categories":[24],"tags":[],"class_list":["post-468486","post","type-post","status-publish","format-standard","hentry","category-mundo"],"_links":{"self":[{"href":"https:\/\/diarioelpopular.com\/index.php\/wp-json\/wp\/v2\/posts\/468486","targetHints":{"allow":["GET"]}}],"collection":[{"href":"https:\/\/diarioelpopular.com\/index.php\/wp-json\/wp\/v2\/posts"}],"about":[{"href":"https:\/\/diarioelpopular.com\/index.php\/wp-json\/wp\/v2\/types\/post"}],"author":[{"embeddable":true,"href":"https:\/\/diarioelpopular.com\/index.php\/wp-json\/wp\/v2\/users\/5842"}],"replies":[{"embeddable":true,"href":"https:\/\/diarioelpopular.com\/index.php\/wp-json\/wp\/v2\/comments?post=468486"}],"version-history":[{"count":1,"href":"https:\/\/diarioelpopular.com\/index.php\/wp-json\/wp\/v2\/posts\/468486\/revisions"}],"predecessor-version":[{"id":468488,"href":"https:\/\/diarioelpopular.com\/index.php\/wp-json\/wp\/v2\/posts\/468486\/revisions\/468488"}],"wp:attachment":[{"href":"https:\/\/diarioelpopular.com\/index.php\/wp-json\/wp\/v2\/media?parent=468486"}],"wp:term":[{"taxonomy":"category","embeddable":true,"href":"https:\/\/diarioelpopular.com\/index.php\/wp-json\/wp\/v2\/categories?post=468486"},{"taxonomy":"post_tag","embeddable":true,"href":"https:\/\/diarioelpopular.com\/index.php\/wp-json\/wp\/v2\/tags?post=468486"}],"curies":[{"name":"wp","href":"https:\/\/api.w.org\/{rel}","templated":true}]}}