{"id":468495,"date":"2016-11-06T22:39:01","date_gmt":"2016-11-07T03:39:01","guid":{"rendered":"http:\/\/diarioelpopular.com\/?p=468495"},"modified":"2016-11-06T22:39:11","modified_gmt":"2016-11-07T03:39:11","slug":"la-esclavitud-indigena-no-contada","status":"publish","type":"post","link":"https:\/\/diarioelpopular.com\/index.php\/2016\/11\/06\/la-esclavitud-indigena-no-contada\/","title":{"rendered":"La esclavitud ind\u00edgena no contada"},"content":{"rendered":"<div id=\"cuerpo_noticia\" class=\"articulo-cuerpo\">\n<p><a href=\"https:\/\/diarioelpopular.com\/wp-content\/uploads\/2016\/11\/1478222219_586007_1478224450_noticia_normal_recorte1.jpg\"><img loading=\"lazy\" decoding=\"async\" class=\"aligncenter size-large wp-image-468496\" src=\"https:\/\/diarioelpopular.com\/wp-content\/uploads\/2016\/11\/1478222219_586007_1478224450_noticia_normal_recorte1-560x260.jpg\" alt=\"1478222219_586007_1478224450_noticia_normal_recorte1\" width=\"560\" height=\"260\" \/><\/a>Los historiadores saben casi todo de la esclavitud africana; donde fueron capturados, las condiciones en que viajaban, el nombre de sus due\u00f1os o cuantos mor\u00edan en la traves\u00eda a Am\u00e9rica. Se sabe tambi\u00e9n que la malaria o la viruela tra\u00eddas por los espa\u00f1oles fueron el principal motivo de mortandad entre los ind\u00edgenas de Am\u00e9rica. O, al menos, eso es lo que se pensaba hasta la aparici\u00f3n de &#8216;<em>La otra esclavitud: la historia desconocida de la esclavitud de los indios en Am\u00e9rica<\/em> (Houghton Mifflin Harcourt, 2016),<\/p>\n<p>El libro del profesor mexicano de la Universidad de California Andr\u00e9s Res\u00e9ndez, concluye que desde la llegada de Colon hasta fin de siglo XIX hubo entre 2&#8217;5 y 5 millones de esclavos y que fue uno de los principales motivos de muerte entre los ind\u00edgenas del Caribe, que lleg\u00f3 a reducir su poblaci\u00f3n hasta un 90 %.<\/p>\n<p>La investigaci\u00f3n, que dedica cien p\u00e1ginas a detallar los archivos y los documentos consultados a lo largo de siete a\u00f1os en Espa\u00f1a, M\u00e9xico o Estados Unidos, revela que a pesar de que la Corona prohibi\u00f3 la esclavitud, \u00e9sta se sigui\u00f3 practicando camuflada bajo f\u00f3rmulas legales que han dificultado su investigaci\u00f3n.<\/p>\n<p>Mientras que la esclavitud africana siempre fue legal, los ind\u00edgenas no aparecen en los documentos. Sin embargo, la primera actividad comercial de Crist\u00f3bal Colon en el Nuevo Mundo consisti\u00f3 en mandar a Europa cuatro carabelas con 550 esclavos ind\u00edgenas para subastarlos en mercados del Mediterr\u00e1neo.<\/p>\n<p>Con este libro, disponible s\u00f3lo en ingl\u00e9s, Res\u00e9ndez, fue seleccionado entre los cinco finalistas del National Book Award.<\/p>\n<section id=\"sumario_1|foto\" class=\"sumario_foto derecha\"><a name=\"sumario_1\"><\/a><\/p>\n<div class=\"sumario__interior\">\n<figure class=\"foto foto_w360\"><img loading=\"lazy\" decoding=\"async\" title=\"Portada del libro\" src=\"http:\/\/ep01.epimg.net\/internacional\/imagenes\/2016\/11\/04\/mexico\/1478222219_586007_1478223141_sumario_normal.jpg\" alt=\"Portada del libro\" width=\"360\" height=\"543\" \/><figcaption class=\"foto-pie\">Portada del libro<\/figcaption><\/figure>\n<div class=\"sumario-texto\"><\/div>\n<\/div>\n<\/section>\n<p><strong>Pregunta: Se han escrito m\u00e1s de 15.000 libros sobre esclavitud africana pero s\u00f3lo 20 monograf\u00edas sobre esclavitud ind\u00edgena \u00bfPor qu\u00e9 este desconocimiento?<\/strong><\/p>\n<p><strong>Respuesta<\/strong>: En Estados Unidos la gente cuando oye esclavitud piensa en africanos y pocas en ind\u00edgenas. La esclavitud africana siempre fue legal y, por tanto, eran los hombres eran tasados a la entrada de los puertos y aparecen en facturas, ventas o testamentos. Pero como los ind\u00edgenas no ten\u00edan que cruzar el Atl\u00e1ntico no aparecen en bit\u00e1coras ni registros portuarios.<\/p>\n<p>P<strong>: \u00bfPor qu\u00e9 este desconocimiento? \u00bfDeliberado o dejadez?<\/strong><\/p>\n<p>R: Creo que lo segundo. El problema de ra\u00edz fueron las buenas intenciones de la corona espa\u00f1ola que en 1542 prohibi\u00f3 la esclavitud sin excepci\u00f3n alguna. Eso provoc\u00f3 que la esclavitud de pueblos nativos americanos existiera contra la ley de y de forma clandestina. Los due\u00f1os de los esclavos indios intentando mantener su dominio sobre ellos se inventaron eufemismos e instituciones para prolongar esta pr\u00e1ctica sin violentar la ley ni la prohibici\u00f3n.<\/p>\n<p><strong>P: Espa\u00f1a prohibi\u00f3 antes que nadie, en 1542, la esclavitud sin excepci\u00f3n alguna. \u00bfSe puede hablar de una Corona bien intencionada pero de s\u00fabditos corruptos?<\/strong><\/p>\n<p>Es correcto. Me sorprendi\u00f3 descubrir que la Corona emprendi\u00f3 una cruzada antiesclavista de enormes proporciones en el Siglo XVII que fue pr\u00e1cticamente desconocida y que lleg\u00f3 un siglo antes del Siglo de las Luces. La corona trat\u00f3 de liberar a los indios, pero siempre hubo excepciones para ind\u00edgenas ind\u00f3mitos o dif\u00edciles de controlar prolongando la esclavitud como un m\u00e9todo para someter a los ind\u00edgenas.<\/p>\n<p><strong>P: \u00bfFue la esclavitud el primer motivo de mortandad en el Nuevo Mundo?<\/strong><\/p>\n<section id=\"sumario_4|foto\" class=\"sumario_foto izquierda\"><a name=\"sumario_4\"><\/a><\/p>\n<div class=\"sumario__interior\">\n<figure class=\"foto foto_w360\"><img loading=\"lazy\" decoding=\"async\" title=\"La esclavitud ind\u00edgena no contada\" src=\"http:\/\/ep01.epimg.net\/internacional\/imagenes\/2016\/11\/04\/mexico\/1478222219_586007_1478223693_sumario_normal.jpg\" alt=\"La esclavitud ind\u00edgena no contada\" width=\"360\" height=\"291\" \/><\/figure>\n<div class=\"sumario-texto\"><\/div>\n<\/div>\n<\/section>\n<p>No podemos olvidarnos de las epidemias, pero tampoco podemos descartar la explotaci\u00f3n ind\u00edgena tan descarnada que se dio en los primeros a\u00f1os como un factor igualmente importante en la desaparici\u00f3n de las poblaciones ind\u00edgenas en esos primeros a\u00f1os en el Caribe. En La Espa\u00f1ola, la isla que comparten Hait\u00ed y Rep\u00fablica Dominicana, estaban los dep\u00f3sitos de oro de m\u00e1s importantes del Caribe y entre 5.000 y 10.000 indios fueron llevados a estos lavaderos s\u00f3lo entre 1500 y 1510. Sin embargo, desde La Espa\u00f1ola no se reportaron enfermedades hasta 26 a\u00f1os despu\u00e9s de la llegada de Colon. Estas epidemias de las que tanto hacemos \u00e9nfasis llegaron m\u00e1s tarde.<\/p>\n<p>Hay tambi\u00e9n una sinergia entre esclavitud y epidemias. Las cacer\u00edas de esclavos esparcieron g\u00e9rmenes y \u00e9stos produjeron muertos que hab\u00eda que reemplazar.<\/p>\n<p><strong>P: \u00bfPor qu\u00e9 no se hab\u00eda ten\u00eddo en cuenta la esclavitud?<\/strong><\/p>\n<p>La teor\u00eda que se basa principalmente en factores biol\u00f3gicos surge en los a\u00f1os 60, en la escuela de Berkley, y considera las epidemias como son el principal motivo de desaparici\u00f3n de la poblaci\u00f3n. El libro aporta documentaci\u00f3n de las expediciones para traer esclavos indios desde Las Antillas y se aprecia claramente una alt\u00edsima mortalidad.<\/p>\n<p><strong>P: \u00bfCu\u00e1l es el perfil del esclavista?<\/strong><\/p>\n<p>La Corona prohibi\u00f3 la esclavitud pero introdujo tres excepciones. Los indios can\u00edbales, los indios esclavizados por otros indios y los capturados durante las guerras justas. Esto sirvi\u00f3 como excusa para emitir licencias a los grupos armados que iban de Cuba a Bahamas, llamadas islas in\u00fatiles, para conseguir esclavos y venderlos. Los due\u00f1os de esclavos eran gente bien conectada porque pod\u00eda comprar estas licencias y ten\u00eda medios para organizar expediciones a estas islas y traer indios. Estas \u00e9lites eran due\u00f1os de encomiendas en las minas de oro o la producci\u00f3n de ca\u00f1a de az\u00facar y para ello necesitaban mano de obra, que era m\u00e1s barata que traerla de \u00c1frica era m\u00e1s caro.<\/p>\n<section id=\"sumario_3|foto\" class=\"sumario_foto derecha\"><a name=\"sumario_3\"><\/a><\/p>\n<div class=\"sumario__interior\">\n<figure class=\"foto foto_w360\"><img loading=\"lazy\" decoding=\"async\" title=\"La esclavitud ind\u00edgena no contada\" src=\"http:\/\/ep01.epimg.net\/internacional\/imagenes\/2016\/11\/04\/mexico\/1478222219_586007_1478223277_sumario_normal.jpg\" alt=\"La esclavitud ind\u00edgena no contada\" width=\"360\" height=\"258\" \/><\/figure>\n<div class=\"sumario-texto\"><\/div>\n<\/div>\n<\/section>\n<p><strong>P: \u00bfConviv\u00edan ind\u00edgenas y africanos?<\/strong><\/p>\n<p>En las minas de Parral (Chihuahua) conviv\u00edan, por ejemplo, esclavos africanos, indios sometidos e indios libres que iban voluntariamente a trabajar por un salario. Me sorprendi\u00f3 fue ver los precios. Un esclavo africano en Parral, en el S. XVII, costaba entre 300 y 500 pesos y uno ind\u00edgena entre 100 y 150 pesos. Los esclavos africanos eran m\u00e1s caros porque ten\u00edan m\u00e1s conocimiento y un buen entrenamiento en la extracci\u00f3n de materiales preciosos.<\/p>\n<p><strong>P: \u00bfCu\u00e1l fue la relaci\u00f3n de Col\u00f3n y Cort\u00e9s con la esclavitud?<\/strong><\/p>\n<p>Antes de descubrir Am\u00e9rica, Col\u00f3n estuvo a lo que hoy es Ghana y vio que el tr\u00e1fico de esclavos de Portugal podr\u00eda ser un negocio rentable. A\u00f1os despu\u00e9s, al no descubrir ni especies ni seda en su viaje a Am\u00e9rica, escribi\u00f3 a los reyes espa\u00f1oles para decirles que en Am\u00e9rica hab\u00eda muchos hombres de mejor calidad que los africanos. La primera actividad comercial de Crist\u00f3bal colon en el Nuevo Mundo consisti\u00f3 en mandar a Europa cuatro carabelas con 550 esclavos ind\u00edgenas para subastarlos en mercados del Mediterr\u00e1neo<\/p>\n<section id=\"sumario_2|foto\" class=\"sumario_foto derecha\"><a name=\"sumario_2\"><\/a><\/p>\n<div class=\"sumario__interior\">\n<figure class=\"foto foto_w360\"><img loading=\"lazy\" decoding=\"async\" title=\"La esclavitud ind\u00edgena no contada\" src=\"http:\/\/ep01.epimg.net\/internacional\/imagenes\/2016\/11\/04\/mexico\/1478222219_586007_1478223220_sumario_normal.jpg\" alt=\"La esclavitud ind\u00edgena no contada\" width=\"360\" height=\"322\" \/><\/figure>\n<div class=\"sumario-texto\"><\/div>\n<\/div>\n<\/section>\n<p>Hern\u00e1n Cort\u00e9s captur\u00f3 esclavos de guerra pero tambi\u00e9n fue un empresario de minas de oro y ten\u00eda algunas de las encomiendas m\u00e1s grandes. Hay documentos notariales que demuestran la venta de las minas y con ellas los indios que ah\u00ed trabajan. Fue uno de los esclavistas m\u00e1s conocidos de su tiempo.<\/p>\n<p><strong>P: \u00bfSe da tambi\u00e9n el fen\u00f3meno de los ind\u00edgenas esclavizando ind\u00edgenas?<\/strong><\/p>\n<p>La esclavitud no la inventaron los europeos, eran pr\u00e1cticas que ya exist\u00edan en el continente americano desde tiempos inmemorables con los mayas o los aztecas. Con la llegada de los espa\u00f1oles comienzan los desplazamientos masivos de esclavos desde el sur de Estados Unidos, Arizona y Nuevo M\u00e9xico, a las minas de Parral (Chihuahua) y los comanches y los yutas se vuelven dominantes abasteciendo a otros pueblos ind\u00edgenas as\u00ed como a los espa\u00f1oles. El jefe apache Ger\u00f3nimo odiaba a los mexicanos.<\/p>\n<\/div>\n","protected":false},"excerpt":{"rendered":"<p>Un libro del mexicano Andr\u00e9s Res\u00e9ndez, finalista del National Book Award, revela detalles desconocidos sobre la esclavitud en el Nuevo Mundo y la incluye como uno de los principales motivos de mortandad<\/p>\n","protected":false},"author":5842,"featured_media":0,"comment_status":"open","ping_status":"open","sticky":false,"template":"","format":"standard","meta":{"footnotes":""},"categories":[23],"tags":[],"class_list":["post-468495","post","type-post","status-publish","format-standard","hentry","category-latinoamerica"],"_links":{"self":[{"href":"https:\/\/diarioelpopular.com\/index.php\/wp-json\/wp\/v2\/posts\/468495","targetHints":{"allow":["GET"]}}],"collection":[{"href":"https:\/\/diarioelpopular.com\/index.php\/wp-json\/wp\/v2\/posts"}],"about":[{"href":"https:\/\/diarioelpopular.com\/index.php\/wp-json\/wp\/v2\/types\/post"}],"author":[{"embeddable":true,"href":"https:\/\/diarioelpopular.com\/index.php\/wp-json\/wp\/v2\/users\/5842"}],"replies":[{"embeddable":true,"href":"https:\/\/diarioelpopular.com\/index.php\/wp-json\/wp\/v2\/comments?post=468495"}],"version-history":[{"count":1,"href":"https:\/\/diarioelpopular.com\/index.php\/wp-json\/wp\/v2\/posts\/468495\/revisions"}],"predecessor-version":[{"id":468497,"href":"https:\/\/diarioelpopular.com\/index.php\/wp-json\/wp\/v2\/posts\/468495\/revisions\/468497"}],"wp:attachment":[{"href":"https:\/\/diarioelpopular.com\/index.php\/wp-json\/wp\/v2\/media?parent=468495"}],"wp:term":[{"taxonomy":"category","embeddable":true,"href":"https:\/\/diarioelpopular.com\/index.php\/wp-json\/wp\/v2\/categories?post=468495"},{"taxonomy":"post_tag","embeddable":true,"href":"https:\/\/diarioelpopular.com\/index.php\/wp-json\/wp\/v2\/tags?post=468495"}],"curies":[{"name":"wp","href":"https:\/\/api.w.org\/{rel}","templated":true}]}}