{"id":468518,"date":"2016-11-09T08:40:11","date_gmt":"2016-11-09T13:40:11","guid":{"rendered":"http:\/\/diarioelpopular.com\/?p=468518"},"modified":"2016-11-09T08:40:50","modified_gmt":"2016-11-09T13:40:50","slug":"un-loco-a-cargo-del-manicomio","status":"publish","type":"post","link":"https:\/\/diarioelpopular.com\/index.php\/2016\/11\/09\/un-loco-a-cargo-del-manicomio\/","title":{"rendered":"Un loco a cargo del manicomio"},"content":{"rendered":"<div class=\"firma \" style=\"color: #a4a4a4\">\n<div class=\"autor\" style=\"font-style: inherit\">\n<div class=\"autor-texto\" style=\"font-style: inherit\">\n<div id=\"attachment_468519\" style=\"width: 570px\" class=\"wp-caption aligncenter\"><a href=\"https:\/\/diarioelpopular.com\/wp-content\/uploads\/2016\/11\/1478668003_908217_1478682689_noticia_fotograma.jpg\"><img loading=\"lazy\" decoding=\"async\" aria-describedby=\"caption-attachment-468519\" class=\"size-large wp-image-468519\" src=\"https:\/\/diarioelpopular.com\/wp-content\/uploads\/2016\/11\/1478668003_908217_1478682689_noticia_fotograma-560x315.jpg\" alt=\"Un simpatizante de Trump muestra en Nueva York uno de los esl\u00f3ganes de su campa\u00f1a: &quot;Hagamos America grande de nuevo&quot;.\" width=\"560\" height=\"315\" \/><\/a><p id=\"caption-attachment-468519\" class=\"wp-caption-text\">Un simpatizante de Trump muestra en Nueva York uno de los esl\u00f3ganes de su campa\u00f1a: &#8220;Hagamos America grande de nuevo&#8221;.<\/p><\/div>\n<p><span class=\"autor-nombre\" style=\"font-weight: bold;font-style: inherit\"><a style=\"font-weight: inherit;font-style: inherit;color: #111111\" title=\"Ver todas las noticias de John Carlin\" href=\"http:\/\/elpais.com\/autor\/john_carlin\/a\/\">JOHN CARLIN<\/a><\/span><\/p>\n<p style=\"color: #444444\">Ocurri\u00f3 lo impensable. Visto desde el resto de planeta tierra,\u00a0<a style=\"font-style: inherit;color: #016ca2\" href=\"http:\/\/internacional.elpais.com\/internacional\/2016\/11\/08\/actualidad\/1478603130_588370.html\">los estadounidenses han sucumbido al suicidio pol\u00edtico colectivo<\/a>.<\/p>\n<p style=\"color: #444444\">Estaban ah\u00ed en lo alto de\u00a0<a style=\"font-style: inherit;color: #016ca2\" href=\"http:\/\/internacional.elpais.com\/internacional\/2016\/09\/13\/actualidad\/1473758253_969912.html\">Trump Tower<\/a>\u00a0mirando para abajo, contemplando tirarse. Oyeron a los que les rogaban que no lo hicieran pero no les hicieron caso. La locura se impuso a la raz\u00f3n. Se dio el salto al vac\u00edo. El delirio se ha hecho realidad.<\/p>\n<p style=\"color: #444444\">Trump en el ala oeste de la Casa Blanca ser\u00e1, en el mejor de los casos, un Cantinflas interpretando el papel de Cal\u00edgula en una versi\u00f3n moderna del declive y ca\u00edda del imperio. En el peor, representa una amenaza para la estabilidad mundial.<\/p>\n<p style=\"color: #444444\">Antes incluso del resultado electoral, ante la mera posibilidad de que\u00a0<a style=\"font-style: inherit;color: #016ca2\" href=\"http:\/\/internacional.elpais.com\/internacional\/2015\/07\/03\/actualidad\/1435949985_312558.html\">el bufonesco magnate neoyorquino<\/a>pudiese ganar las elecciones, el resto del mundo miraba Estados Unidos con una mezcla de risa y pavor.\u00a0<a style=\"font-style: inherit;color: #016ca2\" href=\"http:\/\/www.nytimes.com\/2016\/11\/06\/world\/middleeast\/irans-latest-propaganda-tool-the-clinton-trump-debates-on-live-tv.html\" target=\"_blank\">Una historia en\u00a0<em>The New York Times<\/em>\u00a0del lunes contaba que el r\u00e9gimen iran\u00ed hab\u00eda roto con su tradici\u00f3n de censura<\/a>\u00a0y permitido transmitir en directo en la televisi\u00f3n estatal los debates entre Trump y Hillary Clinton durante la campa\u00f1a electoral. El Gran Satan\u00e1s, calculaba, se ridiculizaba solo.<\/p>\n<section id=\"sumario_2|html\" class=\"sumario_html derecha\" style=\"color: #444444\"><a style=\"font-style: inherit;color: #016ca2\" name=\"sumario_2\"><\/a><\/p>\n<div class=\"sumario__interior\" style=\"font-style: inherit\">\n<div class=\"sumario-texto\" style=\"font-style: inherit\">\n<blockquote style=\"font-weight: bold;color: #000000\">\n<p style=\"font-weight: inherit;font-style: inherit\">Los analfabetos pol\u00edticos que votaron a Trump han ca\u00eddo en lo que la historia juzgar\u00e1 como un acto de criminal irresponsabilidad hacia su propio pa\u00eds<\/p>\n<\/blockquote>\n<\/div>\n<\/div>\n<\/section>\n<p style=\"color: #444444\">A la misma conclusi\u00f3n habr\u00e1n llegado hoy los pol\u00edticos y dem\u00e1s habitantes de la mayor\u00eda de los pa\u00edses del mundo. Pero pocos ahora se van a re\u00edr. En Estados Unidos buena parte de la naci\u00f3n llorar\u00e1: entre ellos muchos de los que tienen un nivel educativo m\u00e1s alto de la media, de los que saben distinguir entre los hechos y las mentiras, de los que se interesan por lo que ocurre fuera de sus fronteras,\u00a0<a style=\"font-style: inherit;color: #016ca2\" href=\"http:\/\/internacional.elpais.com\/internacional\/2016\/10\/11\/actualidad\/1476197367_882944.html\">sin excluir a varios altos mandos del partido republicano<\/a>\u00a0que Trump en teor\u00eda representa. El desconsuelo ser\u00e1 tremendo; la divisi\u00f3n dentro del pa\u00eds, abismal; la herida social que se ha abierto, imposible de cicatrizar a corto plazo.<\/p>\n<p style=\"color: #444444\">La victoria de Trump es, entre otros horrores,\u00a0<a style=\"font-style: inherit;color: #016ca2\" href=\"http:\/\/elpais.com\/elpais\/2016\/09\/28\/opinion\/1475088411_908433.html\">una victoria para la supremac\u00eda blanca<\/a>. Se sentir\u00e1n inc\u00f3modos o vulnerables en su pa\u00eds los negros, los hispanos y los musulmanes.<\/p>\n<p style=\"color: #444444\">Los analfabetos pol\u00edticos que votaron a Trump han ca\u00eddo en lo que la historia juzgar\u00e1 como un acto de criminal irresponsabilidad hacia su propio pa\u00eds y, aunque pocos de ellos lo entender\u00e1n, hacia el mundo entero. Que una naci\u00f3n tan pr\u00f3spera con una democracia tan antigua haya cometido semejante disparate pone en cuesti\u00f3n como nunca la noci\u00f3n sagrada en Occidente de que la democracia representativa es el modelo de gobierno a seguir para la humanidad.<\/p>\n<p style=\"color: #444444\">Con la victoria de Trump nos encontramos de repente sin br\u00fajula en tierra desconocida. El electorado estadounidense ha preferido un narcisista ignorante, vulgar, racista y descontrolado como presidente a una mujer seria, inteligente y capaz como Clinton. Ha puesto a un loco a cargo del manicomio: lo cual dar\u00eda risa si uno no se parara a pensar que el manicomio en cuesti\u00f3n es la potencia nuclear n\u00famero uno del mundo.<\/p>\n<\/div>\n<\/div>\n<\/div>\n","protected":false},"excerpt":{"rendered":"<p>Trump ser\u00e1 un Cantinflas en el papel de Cal\u00edgula en una versi\u00f3n moderna de la ca\u00edda del imperio<\/p>\n","protected":false},"author":5842,"featured_media":0,"comment_status":"open","ping_status":"open","sticky":false,"template":"","format":"standard","meta":{"footnotes":""},"categories":[24],"tags":[],"class_list":["post-468518","post","type-post","status-publish","format-standard","hentry","category-mundo"],"_links":{"self":[{"href":"https:\/\/diarioelpopular.com\/index.php\/wp-json\/wp\/v2\/posts\/468518","targetHints":{"allow":["GET"]}}],"collection":[{"href":"https:\/\/diarioelpopular.com\/index.php\/wp-json\/wp\/v2\/posts"}],"about":[{"href":"https:\/\/diarioelpopular.com\/index.php\/wp-json\/wp\/v2\/types\/post"}],"author":[{"embeddable":true,"href":"https:\/\/diarioelpopular.com\/index.php\/wp-json\/wp\/v2\/users\/5842"}],"replies":[{"embeddable":true,"href":"https:\/\/diarioelpopular.com\/index.php\/wp-json\/wp\/v2\/comments?post=468518"}],"version-history":[{"count":1,"href":"https:\/\/diarioelpopular.com\/index.php\/wp-json\/wp\/v2\/posts\/468518\/revisions"}],"predecessor-version":[{"id":468520,"href":"https:\/\/diarioelpopular.com\/index.php\/wp-json\/wp\/v2\/posts\/468518\/revisions\/468520"}],"wp:attachment":[{"href":"https:\/\/diarioelpopular.com\/index.php\/wp-json\/wp\/v2\/media?parent=468518"}],"wp:term":[{"taxonomy":"category","embeddable":true,"href":"https:\/\/diarioelpopular.com\/index.php\/wp-json\/wp\/v2\/categories?post=468518"},{"taxonomy":"post_tag","embeddable":true,"href":"https:\/\/diarioelpopular.com\/index.php\/wp-json\/wp\/v2\/tags?post=468518"}],"curies":[{"name":"wp","href":"https:\/\/api.w.org\/{rel}","templated":true}]}}