{"id":468527,"date":"2016-11-10T12:21:38","date_gmt":"2016-11-10T17:21:38","guid":{"rendered":"http:\/\/diarioelpopular.com\/?p=468527"},"modified":"2016-11-10T12:21:46","modified_gmt":"2016-11-10T17:21:46","slug":"los-migrantes-siempre-hemos-tenido-miedo-pero-ahora-mas","status":"publish","type":"post","link":"https:\/\/diarioelpopular.com\/index.php\/2016\/11\/10\/los-migrantes-siempre-hemos-tenido-miedo-pero-ahora-mas\/","title":{"rendered":"\u201cLos migrantes siempre hemos tenido miedo, pero ahora m\u00e1s\u201d"},"content":{"rendered":"<p style=\"color: #444444\"><a href=\"https:\/\/diarioelpopular.com\/wp-content\/uploads\/2016\/11\/1478716913_046691_1478789837_noticia_fotograma.jpg\"><img loading=\"lazy\" decoding=\"async\" class=\"aligncenter size-large wp-image-468528\" src=\"https:\/\/diarioelpopular.com\/wp-content\/uploads\/2016\/11\/1478716913_046691_1478789837_noticia_fotograma-560x315.jpg\" alt=\"1478716913_046691_1478789837_noticia_fotograma\" width=\"560\" height=\"315\" \/><\/a>En la puerta trasera de la embajada estadounidense un muro de hormig\u00f3n pone el primer freno al sue\u00f1o americano. Del otro lado, un centenar de mexicanos esperan su cita con carpetas llenas de papeles y el miedo pintado en los ojos. La visa a Estados Unidos nunca hab\u00eda sido un tr\u00e1mite sencillo, pero este mi\u00e9rcoles hacen fila con\u00a0<a style=\"font-style: inherit;color: #016ca2\" href=\"http:\/\/internacional.elpais.com\/internacional\/2016\/11\/09\/estados_unidos\/1478647677_279555.html\" target=\"_blank\">la noticia de que Donald Trump<\/a>\u00a0y su mensaje racista han ganado las elecciones. La tensi\u00f3n se corta con un cuchillo. El d\u00eda es gris y hace fr\u00edo. Los nervios, ya conocidos, se mezclan con una pregunta sin respuesta: &#8220;\u00bfHar\u00e1 ese hombre todo lo que prometi\u00f3?&#8221;.<\/p>\n<p style=\"color: #444444\">&#8220;Los migrantes\u00a0<a style=\"font-style: inherit;color: #016ca2\" href=\"http:\/\/internacional.elpais.com\/internacional\/2015\/06\/17\/actualidad\/1434507228_187374.html\" target=\"_blank\">siempre hemos tenido miedo<\/a>. Pero ahora m\u00e1s&#8221;, explica Pedro Mu\u00f1oz, oaxaque\u00f1o de 50 a\u00f1os. \u00c9l ha vivido en Estados Unidos como ilegal y fue deportado, ahora acompa\u00f1a y asesora a los que tienen la intenci\u00f3n de cruzarse legalmente. &#8220;La victoria de este se\u00f1or va a hacer que quienes pretenden jugarse la vida en la frontera como mojados, se lo piensen dos veces. Pero le digo yo que lo seguir\u00e1n haciendo. La miseria y la necesidad que se vive aqu\u00ed es la que empuja a saltar, con Trump o sin Trump&#8221;, resume.<\/p>\n<section id=\"sumario_1|apoyos\" class=\"sumario_apoyos derecha\" style=\"color: #444444\"><a style=\"font-style: inherit;color: #016ca2\" name=\"sumario_1\"><\/a><\/p>\n<div class=\"sumario__interior\" style=\"font-style: inherit\">\n<header class=\"sumario-encabezado\" style=\"font-style: inherit\">\n<h3 class=\"sumario-titulo\" style=\"font-style: inherit;color: #111111\"><span class=\"sin_enlace\" style=\"font-weight: inherit;font-style: inherit\">M\u00c1S INFORMACI\u00d3N<\/span><\/h3>\n<\/header>\n<div class=\"sumario-texto\" style=\"font-style: inherit\">\n<div class=\"apoyos\" style=\"font-style: inherit\">\n<ul class=\"apoyos-listado\" style=\"font-style: inherit\">\n<li class=\"apoyo_ apoyo_sinfoto\" style=\"font-style: inherit\"><span class=\"apoyo-titulo\" style=\"font-style: inherit\"><a style=\"font-style: inherit;color: #000000\" href=\"http:\/\/internacional.elpais.com\/internacional\/2016\/11\/09\/mexico\/1478679909_201057.html\">El triunfo de Trump deja en M\u00e9xico m\u00e1s preguntas que certezas<\/a><\/span><\/li>\n<li class=\"apoyo_ apoyo_sinfoto\" style=\"font-style: inherit\"><span class=\"apoyo-titulo\" style=\"font-style: inherit\"><a style=\"font-style: inherit;color: #000000\" href=\"http:\/\/internacional.elpais.com\/internacional\/2016\/11\/09\/estados_unidos\/1478647677_279555.html\">Donald Trump, elegido presidente de Estados Unidos<\/a><\/span><\/li>\n<li class=\"apoyo_ apoyo_sinfoto\" style=\"font-style: inherit\"><span class=\"apoyo-titulo\" style=\"font-style: inherit\"><a style=\"font-style: inherit;color: #000000\" href=\"http:\/\/internacional.elpais.com\/internacional\/2016\/11\/08\/mexico\/1478629803_395711.html\">Los 10 insultos de Donald Trump a M\u00e9xico<\/a><\/span><\/li>\n<li class=\"apoyo_ apoyo_sinfoto\" style=\"font-style: inherit\"><span class=\"apoyo-titulo\" style=\"font-style: inherit\"><a style=\"font-style: inherit;color: #000000\" href=\"http:\/\/verne.elpais.com\/verne\/2016\/11\/09\/articulo\/1478663825_483904.html\">La p\u00e1gina de inmigraci\u00f3n de Canad\u00e1 se cae justo cuando Trump se adelanta en el recuento<\/a><\/span><\/li>\n<li class=\"apoyo_ apoyo_sinfoto\" style=\"font-style: inherit\"><span class=\"apoyo-titulo\" style=\"font-style: inherit\"><a style=\"font-style: inherit;color: #000000\" href=\"http:\/\/internacional.elpais.com\/internacional\/2016\/11\/09\/actualidad\/1478682437_056833.html\">Las pol\u00e9micas de Trump, desde el muro con M\u00e9xico a la negaci\u00f3n del cambio clim\u00e1tico<\/a><\/span><\/li>\n<\/ul>\n<\/div>\n<\/div>\n<\/div>\n<\/section>\n<div id=\"ds_cpp\" class=\"ds_cpp\" style=\"color: #444444\"><\/div>\n<p style=\"color: #444444\">En la calle no se r\u00ede nadie. El d\u00eda no est\u00e1 para bromas. M\u00e1s de 50 millones de estadounidenses han condenado a M\u00e9xico a la resignaci\u00f3n. El debate sobre\u00a0<a style=\"font-style: inherit;color: #016ca2\" href=\"http:\/\/internacional.elpais.com\/internacional\/2016\/11\/09\/actualidad\/1478682437_056833.html\" target=\"_blank\">el pol\u00e9mico muro de Trump<\/a>\u00a0suena hoy a un tema viejo, entre otras cosas, porque el muro ya existe desde hace d\u00e9cadas, tanto en la frontera, como en las puertas amuralladas de una embajada infranqueable. El precio del d\u00f3lar, si llegar\u00e1n o no las remesas de sus familiares o si podr\u00e1n ir a ver a su hijo sin que le traten como a un delincuente, son las principales preocupaciones que mantienen en vilo a muchos de los que esperan este mi\u00e9rcoles en su cita con los\u00a0<em>gringos<\/em>.<\/p>\n<p style=\"color: #444444\">Sobre una banqueta espera Antolina Ben\u00edtez, de 34 a\u00f1os. &#8220;<a style=\"font-style: inherit;color: #016ca2\" href=\"http:\/\/elpais.com\/internacional\/2016\/11\/09\/estados_unidos\/1478647677_279555.html\" target=\"_blank\">Cuando gan\u00f3 Florida<\/a>me di cuenta de que esto iba en serio. Lo primero que pens\u00e9 es en mi familia que vive all\u00ed&#8221;, se\u00f1ala preocupada. &#8220;Hay quienes piensan en regresar, porque no sabemos hasta d\u00f3nde se van a limitar sus derechos. Una de mis hermanas, que est\u00e1 sin papeles, s\u00ed ha pensado en volver, con todo lo que conlleva, sobre todo, el renunciar al sue\u00f1o de que sus hijos tengan un futuro mejor&#8221;.<\/p>\n<p style=\"color: #444444\">&#8220;El problema es que el mensaje de Trump\u00a0<a style=\"font-style: inherit;color: #016ca2\" href=\"http:\/\/internacional.elpais.com\/internacional\/2016\/11\/08\/mexico\/1478629803_395711.html\" target=\"_blank\">no s\u00f3lo iba contra los migrantes<\/a>. Tambi\u00e9n, contra los que viven all\u00ed, que ya son ciudadanos, ellos van a tener que sufrir el racismo. Algunos de mis familiares que viven en Georgia me han contado que les preocupa que les escuchen hablando espa\u00f1ol&#8221;, apunta Ernestina Velasco, de 34 a\u00f1os. Y a\u00f1ade enfadada: &#8220;Solo espero que a este se\u00f1or no se le ocurra volver a venir a M\u00e9xico&#8221;.<\/p>\n<p style=\"color: #444444\">&#8220;Puede que el sue\u00f1o americano ahora\u00a0<a style=\"font-style: inherit;color: #016ca2\" href=\"http:\/\/verne.elpais.com\/verne\/2016\/11\/09\/articulo\/1478663825_483904.html\" target=\"_blank\">se encuentre en Canad\u00e1<\/a>. Desde luego, Estados Unidos ya no ser\u00e1 la primera opci\u00f3n&#8221;, se plantea Ben\u00edtez.\u00a0La joven abogada cuenta desesperada que est\u00e1 en\u00a0<em>shock<\/em>, que no le ha dado tiempo a asimilar el triunfo de Trump. &#8220;Puede que nunca haya tenido tanto sentido esta famosa: Ahora s\u00ed pobre M\u00e9xico, tan cerca de Estados Unidos y tan lejos de Dios&#8221;.<\/p>\n","protected":false},"excerpt":{"rendered":"<p>Algunos mexicanos cuentan sus impresiones poco despu\u00e9s de conocer la victoria de Trump<\/p>\n","protected":false},"author":5842,"featured_media":0,"comment_status":"open","ping_status":"open","sticky":false,"template":"","format":"standard","meta":{"footnotes":""},"categories":[23,24],"tags":[],"class_list":["post-468527","post","type-post","status-publish","format-standard","hentry","category-latinoamerica","category-mundo"],"_links":{"self":[{"href":"https:\/\/diarioelpopular.com\/index.php\/wp-json\/wp\/v2\/posts\/468527","targetHints":{"allow":["GET"]}}],"collection":[{"href":"https:\/\/diarioelpopular.com\/index.php\/wp-json\/wp\/v2\/posts"}],"about":[{"href":"https:\/\/diarioelpopular.com\/index.php\/wp-json\/wp\/v2\/types\/post"}],"author":[{"embeddable":true,"href":"https:\/\/diarioelpopular.com\/index.php\/wp-json\/wp\/v2\/users\/5842"}],"replies":[{"embeddable":true,"href":"https:\/\/diarioelpopular.com\/index.php\/wp-json\/wp\/v2\/comments?post=468527"}],"version-history":[{"count":2,"href":"https:\/\/diarioelpopular.com\/index.php\/wp-json\/wp\/v2\/posts\/468527\/revisions"}],"predecessor-version":[{"id":468530,"href":"https:\/\/diarioelpopular.com\/index.php\/wp-json\/wp\/v2\/posts\/468527\/revisions\/468530"}],"wp:attachment":[{"href":"https:\/\/diarioelpopular.com\/index.php\/wp-json\/wp\/v2\/media?parent=468527"}],"wp:term":[{"taxonomy":"category","embeddable":true,"href":"https:\/\/diarioelpopular.com\/index.php\/wp-json\/wp\/v2\/categories?post=468527"},{"taxonomy":"post_tag","embeddable":true,"href":"https:\/\/diarioelpopular.com\/index.php\/wp-json\/wp\/v2\/tags?post=468527"}],"curies":[{"name":"wp","href":"https:\/\/api.w.org\/{rel}","templated":true}]}}