{"id":468671,"date":"2016-11-22T14:37:22","date_gmt":"2016-11-22T19:37:22","guid":{"rendered":"http:\/\/diarioelpopular.com\/?p=468671"},"modified":"2016-11-22T14:37:30","modified_gmt":"2016-11-22T19:37:30","slug":"no-llamaras-gordo-a-kim-jong-un-en-china","status":"publish","type":"post","link":"https:\/\/diarioelpopular.com\/index.php\/2016\/11\/22\/no-llamaras-gordo-a-kim-jong-un-en-china\/","title":{"rendered":"No llamar\u00e1s \u201cgordo\u201d a Kim Jong-un en China"},"content":{"rendered":"<div id=\"attachment_468672\" style=\"width: 570px\" class=\"wp-caption aligncenter\"><a href=\"https:\/\/diarioelpopular.com\/wp-content\/uploads\/2016\/11\/1479828800_052426_1479831997_noticia_normal.jpg\"><img loading=\"lazy\" decoding=\"async\" aria-describedby=\"caption-attachment-468672\" class=\"size-large wp-image-468672\" src=\"https:\/\/diarioelpopular.com\/wp-content\/uploads\/2016\/11\/1479828800_052426_1479831997_noticia_normal-560x373.jpg\" alt=\"Kim Jong-un inspecciona un batall\u00f3n de operaciones especiales bajo la Unidad 525 del Ej\u00e9rcito Popular Coreano en un lugar no revelado. Fotograf\u00eda sin fecha publicada por la KCNA el 4 de noviembre de 2016.\" width=\"560\" height=\"373\" \/><\/a><p id=\"caption-attachment-468672\" class=\"wp-caption-text\">Kim Jong-un inspecciona un batall\u00f3n de operaciones especiales bajo la Unidad 525 del Ej\u00e9rcito Popular Coreano en un lugar no revelado. Fotograf\u00eda sin fecha publicada por la KCNA el 4 de noviembre de 2016.<\/p><\/div>\n<p class=\"Body\" style=\"color: #444444\">Ni \u201cgordo\u201d ni \u201cobeso\u201d. Desde que hered\u00f3 el poder en diciembre de 2011,\u00a0<a style=\"font-style: inherit;color: #016ca2\" href=\"http:\/\/elpais.com\/tag\/kim_jong_un\/a\/\">Kim Jong-un<\/a>\u00a0ha engordado de manera visible. Aunque en su pa\u00eds es algo tab\u00fa, en el resto del mundo el peso del l\u00edder supremo norcoreano es objeto constante de memes y chascarrillos. China, vecino de Corea del Norte, no era una excepci\u00f3n. Hasta ahora: los censores del ciberespacio chino, el m\u00e1s transitado del mundo, han bloqueado el t\u00e9rmino \u201cJin San Pang\u201d, o \u201cKim Tercero el Gordo\u201d, el mote con que los internautas de este pa\u00eds le hab\u00edan bautizado popularmente.<\/p>\n<p class=\"Body\" style=\"color: #444444\">Una prueba en Baidu, el principal buscador chino, no arroja ning\u00fan resultado. Tampoco reconoce el t\u00e9rmino Weibo, una de las principales redes sociales chinas.<\/p>\n<p class=\"Body\" style=\"color: #444444\">Seg\u00fan el peri\u00f3dico de Hong Kong Apple Daily, la desaparici\u00f3n de este apodo por arte de birlibirloque se debe a la presi\u00f3n del gobierno norcoreano. Aunque internet est\u00e1 bloqueado oficialmente en Corea del Norte, donde los ciudadanos corrientes solo pueden acceder a una intranet muy limitada, el r\u00e9gimen estaba molesto con las alusiones que consideraba poco respetuosas de sus vecinos.<\/p>\n<p class=\"Body\" style=\"color: #444444\">Y quiz\u00e1 en parte para facilitar una mejora de las\u00a0<a style=\"font-style: inherit;color: #016ca2\" href=\"http:\/\/internacional.elpais.com\/internacional\/2014\/07\/03\/actualidad\/1404391094_718545.html\">relaciones transfronterizas, muy fr\u00edas durante el mandato del joven Kim<\/a>, y en parte para evitar que el trato irreverente de los internautas se extienda a sus propios l\u00edderes, China ha accedido. \u201cEl Gobierno chino est\u00e1 comprometido a crear un clima sano y civilizado de expresi\u00f3n de las opiniones\u201d, ha declarado el portavoz del Ministerio de Exteriores en Pek\u00edn, Geng Shuang. \u201cNo aprobamos las referencias a l\u00edderes de ning\u00fan pa\u00eds mediante burlas o alusiones insultantes\u201d, ha indicado Geng, que no obstante insiste en que las informaciones sobre la censura al apodo \u201cno respetan los hechos\u201d.<\/p>\n<p class=\"Body\" style=\"color: #444444\">Seg\u00fan los servicios secretos surcoreanos, Kim -el tercero en una dinast\u00eda en la que ha estado precedido al mando del pa\u00eds por su padre Kim Jong-il y su abuelo Kim Il-sung- ha engordado 40 kilos en 4 a\u00f1os y ha pasado de pesar 90 kilos a ponerse en 130.<\/p>\n<p class=\"Body\" style=\"color: #444444\">El exceso de peso podr\u00eda explicar su desaparici\u00f3n de la vida p\u00fablica durante 40 d\u00edas a finales de 2014 y su reaparici\u00f3n\u00a0<a style=\"font-style: inherit;color: #016ca2\" href=\"http:\/\/internacional.elpais.com\/internacional\/2014\/10\/14\/actualidad\/1413268470_093068.html\">caminando con un bast\u00f3n<\/a>. Entonces, los analistas consideraron que podr\u00eda deberse a un ataque de gota -una enfermedad que padecieron su padre y su abuelo y que tiene entre sus posibles causas un consumo excesivo de carne roja- o una rotura de tobillo por demasiada carga. Entonces, el r\u00e9gimen norcoreano indic\u00f3 que su l\u00edder supremo hab\u00eda padecido problemas de salud por haber recorrido f\u00e1bricas de todo el pa\u00eds de manera demasiado intensa.<\/p>\n<p class=\"Body\" style=\"color: #444444\">Aunque el r\u00e9gimen norcoreano recibe constantes cr\u00edticas desde el exterior sobre sus violaciones de los derechos humanos y su programa nuclear, los comentarios sobre la vida personal o el aspecto de su l\u00edder suscitan una irritaci\u00f3n especial.<\/p>\n<p class=\"Body\" style=\"color: #444444\">En mayo pasado fue\u00a0<a style=\"font-style: inherit;color: #016ca2\" href=\"http:\/\/internacional.elpais.com\/internacional\/2016\/05\/09\/actualidad\/1462773184_058360.html\">expulsado del pa\u00eds el corresponsal de la televisi\u00f3n brit\u00e1nica BBC Rupert Wingfield-Hayes<\/a>. Uno de los posibles motivos que se barajaron fue que el periodista hab\u00eda descrito a Kim como \u201ccorpulento\u201d en uno de sus reportajes.<\/p>\n<p class=\"Body\" style=\"color: #444444\">El veto de la censura no parece haber importado mucho a los internautas chinos, ya muy experimentados en hallar juegos de palabras y expresiones que les permitan saltarse los frecuentes bloqueos. \u201cKim Tercero el Gordo\u201d\uff08\u91d1\u4e09\u80d6\uff09 se ha convertido ahora en \u201cKim Tercero de la Media Luna\u201d (\u91d1\u4e09\u6708\u534a\uff09, resultado de dividir el ideograma &#8220;pang&#8221;\uff08\u80d6 \uff0c\u201cgordo\u201c\uff09 en sus dos componentes, \u201cyue\u201d (\u6708\uff0cluna) y \u201cban\u201d (\u534a\uff0c mitad).<\/p>\n","protected":false},"excerpt":{"rendered":"<p>Los censores bloquean las b\u00fasquedas del mote &#8220;Kim Tercero el Gordo&#8221; en las redes sociales chinas<\/p>\n","protected":false},"author":5842,"featured_media":0,"comment_status":"open","ping_status":"open","sticky":false,"template":"","format":"standard","meta":{"footnotes":""},"categories":[24],"tags":[],"class_list":["post-468671","post","type-post","status-publish","format-standard","hentry","category-mundo"],"_links":{"self":[{"href":"https:\/\/diarioelpopular.com\/index.php\/wp-json\/wp\/v2\/posts\/468671","targetHints":{"allow":["GET"]}}],"collection":[{"href":"https:\/\/diarioelpopular.com\/index.php\/wp-json\/wp\/v2\/posts"}],"about":[{"href":"https:\/\/diarioelpopular.com\/index.php\/wp-json\/wp\/v2\/types\/post"}],"author":[{"embeddable":true,"href":"https:\/\/diarioelpopular.com\/index.php\/wp-json\/wp\/v2\/users\/5842"}],"replies":[{"embeddable":true,"href":"https:\/\/diarioelpopular.com\/index.php\/wp-json\/wp\/v2\/comments?post=468671"}],"version-history":[{"count":1,"href":"https:\/\/diarioelpopular.com\/index.php\/wp-json\/wp\/v2\/posts\/468671\/revisions"}],"predecessor-version":[{"id":468673,"href":"https:\/\/diarioelpopular.com\/index.php\/wp-json\/wp\/v2\/posts\/468671\/revisions\/468673"}],"wp:attachment":[{"href":"https:\/\/diarioelpopular.com\/index.php\/wp-json\/wp\/v2\/media?parent=468671"}],"wp:term":[{"taxonomy":"category","embeddable":true,"href":"https:\/\/diarioelpopular.com\/index.php\/wp-json\/wp\/v2\/categories?post=468671"},{"taxonomy":"post_tag","embeddable":true,"href":"https:\/\/diarioelpopular.com\/index.php\/wp-json\/wp\/v2\/tags?post=468671"}],"curies":[{"name":"wp","href":"https:\/\/api.w.org\/{rel}","templated":true}]}}