{"id":468674,"date":"2016-11-22T14:41:49","date_gmt":"2016-11-22T19:41:49","guid":{"rendered":"http:\/\/diarioelpopular.com\/?p=468674"},"modified":"2016-11-23T15:22:36","modified_gmt":"2016-11-23T20:22:36","slug":"trump-se-retirara-del-tratado-comercial-del-pacifico-nada-mas-llegar-al-gobierno","status":"publish","type":"post","link":"https:\/\/diarioelpopular.com\/index.php\/2016\/11\/22\/trump-se-retirara-del-tratado-comercial-del-pacifico-nada-mas-llegar-al-gobierno\/","title":{"rendered":"Trump se retirar\u00e1 del tratado comercial del Pac\u00edfico nada m\u00e1s llegar al Gobierno"},"content":{"rendered":"<div id=\"attachment_468675\" style=\"width: 570px\" class=\"wp-caption aligncenter\"><a href=\"https:\/\/diarioelpopular.com\/wp-content\/uploads\/2016\/11\/1479770909_267101_1479841204_noticia_fotograma.jpg\"><img loading=\"lazy\" decoding=\"async\" aria-describedby=\"caption-attachment-468675\" class=\"size-large wp-image-468675\" src=\"https:\/\/diarioelpopular.com\/wp-content\/uploads\/2016\/11\/1479770909_267101_1479841204_noticia_fotograma-560x315.jpg\" alt=\"Donald Trump, presidente electo de los EEUU, durante el mensaje sobre los primeros 100 d\u00edas de su gobierno\" width=\"560\" height=\"315\" \/><\/a><p id=\"caption-attachment-468675\" class=\"wp-caption-text\">Donald Trump, presidente electo de los EEUU, durante el mensaje sobre los primeros 100 d\u00edas de su gobierno<\/p><\/div>\n<p style=\"color: #444444\">Adi\u00f3s al\u00a0<a style=\"font-style: inherit;color: #016ca2\" href=\"http:\/\/elpais.com\/tag\/tpp_acuerdo_estrategico_transpacifico_asociacion_economica\/a\">tratado comercial con el Pac\u00edfico (TPP)<\/a>, m\u00e1s restricciones en inmigraci\u00f3n y nuevas incompatibilidades entre los grupos de presi\u00f3n y los pol\u00edticos de Washington, as\u00ed comenzar\u00e1 el nuevo Gobierno de\u00a0<a style=\"font-style: inherit;color: #016ca2\" href=\"http:\/\/elpais.com\/tag\/donald_trump\/a\">Donald Trump<\/a>\u00a0en Estados Unidos. El presidente electo emiti\u00f3 este lunes un comunicado en v\u00eddeo en el que anuncia un paquete de medidas para los primeros 100 d\u00edas de su mandato, que arranca el 21 de enero, y certific\u00f3 la muerte de la alianza econ\u00f3mica estrella que impuls\u00f3 Barack Obama. No menciona, en cambio, medidas cruciales de su campa\u00f1a, como las deportaciones masivas de extranjeros irregulares, la construcci\u00f3n del muro con M\u00e9xico o el fin de la reforma sanitaria de Obama.<\/p>\n<p style=\"color: #444444\">El empresario neoyorquino, un republicano heterodoxo, ha llegado a la Casa Blanca con la promesa de poner &#8220;a Am\u00e9rica primero&#8221;, y eso, en versi\u00f3n\u00a0<em>trumpiana<\/em>, pasa, para empezar, por embridar la apertura comercial estadounidense y apostar por negociar nuevos pactos bilaterales frente a los grandes tratados. &#8220;Voy a emitir una notificaci\u00f3n de intenciones para retirar el Asociaci\u00f3n Transpac\u00edfica [TPP, en sus siglas en ingl\u00e9s], un desastre potencial para nuestro pa\u00eds. En su lugar, negociaremos acuerdos comerciales bilaterales justos que devuelvan los empleos industriales a orillas de Am\u00e9rica&#8221;, se\u00f1al\u00f3 Trump.<\/p>\n<p style=\"color: #444444\">El TPP, firmado en 2015, establec\u00eda un nuevo marco de libre comercio entre 12 pa\u00edses del Pac\u00edfico, liderados por Estados Unidos y Jap\u00f3n, pero que no inclu\u00eda a China. El descuelgue de la primera potencia marc\u00f3 este fin de semana\u00a0<a style=\"font-style: inherit;color: #016ca2\" href=\"http:\/\/internacional.elpais.com\/internacional\/2016\/11\/18\/america\/1479495356_710127.html\" target=\"_blank\">la cumbre de Asia-Pac\u00edfico (APEC),<\/a>\u00a0que acab\u00f3 con una declaraci\u00f3n en defensa de libre comercio como respuesta a la ret\u00f3rica de Trump.<\/p>\n<p style=\"color: #444444\">El presidente saliente, Barack Obama, firm\u00f3 esa declaraci\u00f3n, muy consciente de que su proyecto comercial estaba ya herido de muerte. De hecho, una vez pasadas las elecciones, renunci\u00f3 a llevarlo al Congreso para su ratificaci\u00f3n. El presidente chino, Xi Jinping, advirti\u00f3 durante la cumbre en Lima que\u00a0<a style=\"font-style: inherit;color: #016ca2\" href=\"http:\/\/internacional.elpais.com\/internacional\/2016\/11\/19\/actualidad\/1479575479_798498.html\">el gigante asi\u00e1tico est\u00e1 dispuesto a asumir m\u00e1s aperturismo<\/a>, lo que deja a Estados Unidos fuera de ese papel central.<\/p>\n<p style=\"color: #444444\">El giro proteccionista de Estados Unidos no es exclusivo de Trump. El programa de la dem\u00f3crata Hillary Clinton inclu\u00eda a su vez revisar el TTP para mejorar la protecci\u00f3n de los intereses estadounidenses. El presidente republicano tambi\u00e9n ha dicho que quiere renegociar el acuerdo con M\u00e9xico y Canad\u00e1 (Nafta, en sus siglas en ingl\u00e9s), que ve como un destructor de empleo.<\/p>\n<h3 style=\"color: #111111\">Ni muro ni deportaciones<\/h3>\n<p style=\"color: #444444\">Trump tambi\u00e9n confirma en su plan para los primeros 100 que habr\u00e1 m\u00e1s mano dura con la inmigraci\u00f3n. El comunicado no menciona las deportaciones de los indocumentados ni el famoso muro de separaci\u00f3n con M\u00e9xico, pero s\u00ed dedicar\u00e1 al Departamento de Empleo a &#8220;investigar todos los abusos de los programas de visado que minan al trabajador estadounidense&#8221;.<\/p>\n<p style=\"color: #444444\">&#8220;Mi agenda estar\u00e1 basada en un principal b\u00e1sico sencillo: poner a Am\u00e9rica primero&#8221;, afirma el pr\u00f3ximo presidente de Estados Unidos, cuya campa\u00f1a electoral transcurri\u00f3 a lomos de mensajes muy nacionalistas y, en ocasiones, racistas.<\/p>\n<p style=\"color: #444444\">En energ\u00eda, Trump afirma que cancelar\u00e1 &#8220;restricciones destructivas para el empleo&#8221;, lo que incluye el\u00a0<em>shale gas<\/em>\u00a0y el carb\u00f3n limpio, lo que, en su opini\u00f3n, &#8220;crear\u00e1 mucho millones de puestos de trabajo bien pagados&#8221;. Tambi\u00e9n rebajar\u00e1 la carga regulatoria, dice, con una norma seg\u00fan la cual &#8220;por cada nueva regulaci\u00f3n, dos antiguas tendr\u00e1n que ser eliminadas&#8221;.<\/p>\n<p style=\"color: #444444\">El Gobierno de Trump tambi\u00e9n comenzar\u00e1 sus reformas en materia de seguridad nacional con una plan de protecci\u00f3n ante posible ciberataques de las infraestructuras vitales. Por otra parte, llevar\u00e1 adelante un prometido plan para combatir la corrupci\u00f3n pol\u00edtica -&#8220;Drenar el pantano&#8221;, lo ha bautizado- con la prohibici\u00f3n de que cualquier empleado de la Administraci\u00f3n pueda convertirse en lobista durante los cinco primeros a\u00f1os despu\u00e9s de dejar el servicio p\u00fablico.<\/p>\n<p style=\"color: #444444\">Esta lista de acciones ejecutivas, seg\u00fan Trump, ha sido elaborada por su equipo de transici\u00f3n. Mientras, el presidente electo prosigue su ronda de reuniones en la Torre Trump de Nueva York para formar un nuevo Ejecutivo.<\/p>\n","protected":false},"excerpt":{"rendered":"<p>El presidente electo anuncia un paquete de medidas para los primeros 100 d\u00edas que no incluyen el muro con M\u00e9xico ni el fin de la reforma sanitaria de Obama<\/p>\n","protected":false},"author":5842,"featured_media":0,"comment_status":"open","ping_status":"open","sticky":false,"template":"","format":"standard","meta":{"footnotes":""},"categories":[24],"tags":[],"class_list":["post-468674","post","type-post","status-publish","format-standard","hentry","category-mundo"],"_links":{"self":[{"href":"https:\/\/diarioelpopular.com\/index.php\/wp-json\/wp\/v2\/posts\/468674","targetHints":{"allow":["GET"]}}],"collection":[{"href":"https:\/\/diarioelpopular.com\/index.php\/wp-json\/wp\/v2\/posts"}],"about":[{"href":"https:\/\/diarioelpopular.com\/index.php\/wp-json\/wp\/v2\/types\/post"}],"author":[{"embeddable":true,"href":"https:\/\/diarioelpopular.com\/index.php\/wp-json\/wp\/v2\/users\/5842"}],"replies":[{"embeddable":true,"href":"https:\/\/diarioelpopular.com\/index.php\/wp-json\/wp\/v2\/comments?post=468674"}],"version-history":[{"count":1,"href":"https:\/\/diarioelpopular.com\/index.php\/wp-json\/wp\/v2\/posts\/468674\/revisions"}],"predecessor-version":[{"id":468676,"href":"https:\/\/diarioelpopular.com\/index.php\/wp-json\/wp\/v2\/posts\/468674\/revisions\/468676"}],"wp:attachment":[{"href":"https:\/\/diarioelpopular.com\/index.php\/wp-json\/wp\/v2\/media?parent=468674"}],"wp:term":[{"taxonomy":"category","embeddable":true,"href":"https:\/\/diarioelpopular.com\/index.php\/wp-json\/wp\/v2\/categories?post=468674"},{"taxonomy":"post_tag","embeddable":true,"href":"https:\/\/diarioelpopular.com\/index.php\/wp-json\/wp\/v2\/tags?post=468674"}],"curies":[{"name":"wp","href":"https:\/\/api.w.org\/{rel}","templated":true}]}}