{"id":468746,"date":"2016-11-28T15:14:00","date_gmt":"2016-11-28T20:14:00","guid":{"rendered":"http:\/\/diarioelpopular.com\/?p=468746"},"modified":"2016-11-28T15:14:12","modified_gmt":"2016-11-28T20:14:12","slug":"trump-amenaza-con-liquidar-el-acuerdo-con-cuba","status":"publish","type":"post","link":"https:\/\/diarioelpopular.com\/index.php\/2016\/11\/28\/trump-amenaza-con-liquidar-el-acuerdo-con-cuba\/","title":{"rendered":"Trump amenaza con \u201cliquidar el acuerdo\u201d con Cuba"},"content":{"rendered":"<p>&nbsp;<\/p>\n<div id=\"attachment_468747\" style=\"width: 570px\" class=\"wp-caption aligncenter\"><a href=\"https:\/\/diarioelpopular.com\/wp-content\/uploads\/2016\/11\/1480344358_265855_1480344581_noticia_normal_recorte1.jpg\"><img loading=\"lazy\" decoding=\"async\" aria-describedby=\"caption-attachment-468747\" class=\"size-large wp-image-468747\" src=\"https:\/\/diarioelpopular.com\/wp-content\/uploads\/2016\/11\/1480344358_265855_1480344581_noticia_normal_recorte1-560x330.jpg\" alt=\"Trump abandona su residencia en Florida este domingo.\" width=\"560\" height=\"330\" \/><\/a><p id=\"caption-attachment-468747\" class=\"wp-caption-text\">Trump abandona su residencia en Florida este domingo.<\/p><\/div>\n<p><span style=\"color: #111111\">Donald Trump ha recurrido al lenguaje que mejor conoce, el de los negocios y el de las redes sociales, para lanzar este lunes una amenaza a Cuba: si no mejora las condiciones del \u201cacuerdo\u201d por el que Washington y La Habana acercan posiciones desde hace casi dos a\u00f1os, en cuanto asuma la presidencia estadounidense lo dar\u00e1 por terminado, echando por tierra, o da\u00f1ando significativamente, la\u00a0<\/span><a style=\"color: #016ca2\" href=\"http:\/\/internacional.elpais.com\/internacional\/2016\/03\/20\/actualidad\/1458456684_965374.html\" target=\"_blank\">normalizaci\u00f3n de relaciones<\/a><span style=\"color: #111111\">\u00a0comenzada por Barack Obama hace casi dos a\u00f1os.<\/span><\/p>\n<p style=\"color: #444444\">\u201cSi Cuba no se muestra dispuesta a ofrecer un mejor acuerdo para los cubanos, para los cubanoamericanos y para el pueblo estadounidense en general, liquidar\u00e9 el acuerdo\u201d, dijo el presidente electo en un tuit.<\/p>\n<p style=\"color: #444444\">El mensaje en las redes sociales coincide con el inicio de los tributos en Cuba por\u00a0<a style=\"font-style: inherit;color: #016ca2\" href=\"http:\/\/internacional.elpais.com\/internacional\/2016\/11\/26\/actualidad\/1480138154_493516.html\" target=\"_blank\">la muerte de Fidel Castro<\/a>\u00a0y con la llegada a La Habana\u00a0<a style=\"font-style: inherit;color: #016ca2\" href=\"http:\/\/internacional.elpais.com\/internacional\/2016\/11\/28\/estados_unidos\/1480349931_995946.html\">del primer vuelo comercial regular a la capital cubana desde Estados Unidos en m\u00e1s de medio siglo,<\/a>\u00a0un paso m\u00e1s en la normalizaci\u00f3n de relaciones y en las crecientes inversiones en la isla de compa\u00f1\u00edas norteamericanas. Es adem\u00e1s el primer mensaje que lanza Trump sobre la isla desde que el s\u00e1bado se pronunciara sobre el deceso del \u201cbrutal dictador\u201d cubano.<\/p>\n<section id=\"sumario_1|html\" class=\"sumario_html centro\" style=\"color: #444444\"><a style=\"font-style: inherit;color: #016ca2\" name=\"sumario_1\"><\/a><\/p>\n<div class=\"sumario__interior\" style=\"font-style: inherit\">\n<div class=\"sumario-texto\" style=\"font-style: inherit\">\n<div class=\"SandboxRoot env-bp-350\" style=\"color: #1c2022\">\n<div id=\"twitter-widget-0\" class=\"EmbeddedTweet js-clickToOpenTarget\" lang=\"en\">\n<div class=\"EmbeddedTweet-tweet\">\n<blockquote class=\"Tweet h-entry js-tweetIdInfo subject expanded&lt;br \/&gt; \n<p>                    is-deciderHtmlWhitespace\" cite=\"https:\/\/twitter.com\/realDonaldTrump\/status\/803237535178772481\"><\/p>\n<div class=\"Tweet-header u-cf\">\n<div class=\"Tweet-brand u-floatRight\"><span class=\"u-hiddenInNarrowEnv\"><a class=\"FollowButton follow-button profile\" style=\"font-weight: bold;color: #55acee\" title=\"Follow Donald J. Trump on Twitter\" href=\"https:\/\/twitter.com\/realDonaldTrump\">\u00a0Follow<\/a><\/span><\/div>\n<div class=\"TweetAuthor \"><a class=\"TweetAuthor-link Identity u-linkBlend\" style=\"color: inherit\" href=\"https:\/\/twitter.com\/realDonaldTrump\"><span class=\"TweetAuthor-avatar Identity-avatar\"><img decoding=\"async\" class=\"Avatar\" src=\"https:\/\/pbs.twimg.com\/profile_images\/1980294624\/DJT_Headshot_V2_normal.jpg\" alt=\"\" \/><\/span><span class=\"TweetAuthor-name Identity-name customisable-highlight\" style=\"font-weight: bold\" title=\"Donald J. Trump\">Donald J. Trump<\/span>\u00a0<\/a><\/p>\n<div class=\"Icon Icon--verified \" title=\"Verified Account\"><\/div>\n<p><a class=\"TweetAuthor-link Identity u-linkBlend\" style=\"color: inherit\" href=\"https:\/\/twitter.com\/realDonaldTrump\"><span class=\"TweetAuthor-verifiedBadge\"><span class=\"u-hiddenVisually\">\u2714<\/span><\/span><span class=\"TweetAuthor-screenName Identity-screenName\" dir=\"ltr\" style=\"color: #697882\" title=\"@realDonaldTrump\">@realDonaldTrump<\/span><\/a><\/p>\n<\/div>\n<\/div>\n<div class=\"Tweet-body e-entry-content\">\n<p class=\"Tweet-text e-entry-title\" dir=\"ltr\" lang=\"en\">If Cuba is unwilling to make a better deal for the Cuban people, the Cuban\/American people and the U.S. as a whole, I will terminate deal.<\/p>\n<div class=\"Tweet-metadata dateline\" style=\"color: #697882\"><a class=\"u-linkBlend u-url customisable-highlight long-permalink\" style=\"color: inherit\" href=\"https:\/\/twitter.com\/realDonaldTrump\/status\/803237535178772481\">9:02 AM &#8211; 28 Nov 2016<\/a><\/div>\n<div class=\"Tweet-metadata dateline\" style=\"color: #697882\"><\/div>\n<\/div>\n<\/blockquote>\n<\/div>\n<\/div>\n<\/div>\n<\/div>\n<\/div>\n<\/section>\n<p style=\"color: #444444\"><a style=\"font-style: inherit;color: #016ca2\" href=\"http:\/\/internacional.elpais.com\/internacional\/2016\/11\/26\/estados_unidos\/1480142740_152677.html\">En ese comunicado<\/a>, tambi\u00e9n promet\u00eda que, como presidente, har\u00e1 lo posible \u201cpara garantizar que los cubanos pueden comenzar de una vez su camino hacia la prosperidad y la libertad\u201d, aunque no lleg\u00f3 a concretar la amenaza que s\u00ed ha formulado ahora. Con todo, tampoco en este nuevo mensaje explica qu\u00e9 estar\u00eda dispuesto a \u201cliquidar\u201d de una creciente relaci\u00f3n en la que tambi\u00e9n est\u00e1n en juego muchos intereses econ\u00f3micos de EE UU.<\/p>\n<p style=\"color: #444444\">En los casi dos a\u00f1os de cauto acercamiento,\u00a0<a style=\"font-style: inherit;color: #016ca2\" href=\"http:\/\/internacional.elpais.com\/internacional\/2015\/07\/19\/actualidad\/1437329072_097279.html\">Obama ha restablecido las relaciones diplom\u00e1ticas con Cuba<\/a>, donde ha reabierto su embajada, y el pasado marzo se convirti\u00f3 en el primer presidente estadounidense en casi un siglo en visitar la isla. El dem\u00f3crata tambi\u00e9n ha flexibilizado las condiciones para viajar a la isla, aunque hacer turismo es algo que sigue estando, oficialmente, vetado a los estadounidenses. M\u00e1s significativos si caben son los cambios en la pol\u00edtica comercial. Aunque Obama no puede eliminar por s\u00ed solo el embargo \u2014que al ser ley es cosa del Congreso\u2014, s\u00ed ha estirado hasta el m\u00e1ximo los l\u00edmites dentro de las normativas para permitir un creciente intercambio comercial con vistas, por un lado, a incentivar la iniciativa privada en la isla y, por otro, para incentivar lo que numerosas empresas estadounidenses ven como un mercado natural, y sobre todo cercano, para sus productos.<\/p>\n<p style=\"color: #444444\">La mayor\u00eda de expertos considera por ello que aunque\u00a0<a style=\"font-style: inherit;color: #016ca2\" href=\"http:\/\/internacional.elpais.com\/internacional\/2016\/11\/27\/estados_unidos\/1480282686_902874.html\" target=\"_blank\">Trump puede llegar a ralentizar la normalizaci\u00f3n de relaciones<\/a>\u00a0e incluso frenar algunas medidas, es muy improbable que vaya a revertir todos los pasos, puesto que supondr\u00eda un golpe fuerte a grandes intereses econ\u00f3micos estadounidenses, desde las grandes aerol\u00edneas \u2014que van a operar hasta 110 vuelos diarios a Cuba antes de fin de a\u00f1o\u2014 a los agricultores que tambi\u00e9n presionan por hacer m\u00e1s negocios con la isla.<\/p>\n<p style=\"color: #444444\">Una de las personas m\u00e1s pr\u00f3ximas a Trump, su asesora y exjefa de campa\u00f1a Kellyanne Conway, matizaba ya el domingo las declaraciones de Trump sobre Cuba. El presidente electo \u201cest\u00e1 abierto a estudiar y, de hecho, a reiniciar las relaciones con Cuba\u201d, asegur\u00f3 en la cadena ABC. \u201cSu cr\u00edtica a lo que ha pasado en los dos \u00faltimos a\u00f1os es muy simple: que no hemos recibido nada a cambio\u201d de la apertura, afirm\u00f3. Seg\u00fan indic\u00f3, Trump afronta las negociaciones con Cuba como hace con intereses comerciales: \u201cNo puedes renunciar a todo y no recibir nada a cambio\u201d.<\/p>\n","protected":false},"excerpt":{"rendered":"<p>El presidente electo afirma que La Habana debe ofrecer mejores condiciones a los cubanos y a EE UU si quiere mantener la normalizaci\u00f3n de relaciones<\/p>\n","protected":false},"author":5842,"featured_media":0,"comment_status":"open","ping_status":"open","sticky":false,"template":"","format":"standard","meta":{"footnotes":""},"categories":[23,24],"tags":[],"class_list":["post-468746","post","type-post","status-publish","format-standard","hentry","category-latinoamerica","category-mundo"],"_links":{"self":[{"href":"https:\/\/diarioelpopular.com\/index.php\/wp-json\/wp\/v2\/posts\/468746","targetHints":{"allow":["GET"]}}],"collection":[{"href":"https:\/\/diarioelpopular.com\/index.php\/wp-json\/wp\/v2\/posts"}],"about":[{"href":"https:\/\/diarioelpopular.com\/index.php\/wp-json\/wp\/v2\/types\/post"}],"author":[{"embeddable":true,"href":"https:\/\/diarioelpopular.com\/index.php\/wp-json\/wp\/v2\/users\/5842"}],"replies":[{"embeddable":true,"href":"https:\/\/diarioelpopular.com\/index.php\/wp-json\/wp\/v2\/comments?post=468746"}],"version-history":[{"count":2,"href":"https:\/\/diarioelpopular.com\/index.php\/wp-json\/wp\/v2\/posts\/468746\/revisions"}],"predecessor-version":[{"id":468749,"href":"https:\/\/diarioelpopular.com\/index.php\/wp-json\/wp\/v2\/posts\/468746\/revisions\/468749"}],"wp:attachment":[{"href":"https:\/\/diarioelpopular.com\/index.php\/wp-json\/wp\/v2\/media?parent=468746"}],"wp:term":[{"taxonomy":"category","embeddable":true,"href":"https:\/\/diarioelpopular.com\/index.php\/wp-json\/wp\/v2\/categories?post=468746"},{"taxonomy":"post_tag","embeddable":true,"href":"https:\/\/diarioelpopular.com\/index.php\/wp-json\/wp\/v2\/tags?post=468746"}],"curies":[{"name":"wp","href":"https:\/\/api.w.org\/{rel}","templated":true}]}}