{"id":468849,"date":"2016-12-06T09:32:22","date_gmt":"2016-12-06T14:32:22","guid":{"rendered":"http:\/\/diarioelpopular.com\/?p=468849"},"modified":"2016-12-06T09:32:30","modified_gmt":"2016-12-06T14:32:30","slug":"un-asesor-asegura-que-trump-no-quiere-despedazar-el-nafta","status":"publish","type":"post","link":"https:\/\/diarioelpopular.com\/index.php\/2016\/12\/06\/un-asesor-asegura-que-trump-no-quiere-despedazar-el-nafta\/","title":{"rendered":"Un asesor asegura que Trump no quiere \u201cdespedazar\u201d el NAFTA"},"content":{"rendered":"<p>&nbsp;<\/p>\n<div id=\"attachment_468850\" style=\"width: 570px\" class=\"wp-caption aligncenter\"><a href=\"https:\/\/diarioelpopular.com\/wp-content\/uploads\/2016\/12\/1480989814_611282_1480989990_noticia_normal_recorte1.jpg\"><img loading=\"lazy\" decoding=\"async\" aria-describedby=\"caption-attachment-468850\" class=\"size-large wp-image-468850\" src=\"https:\/\/diarioelpopular.com\/wp-content\/uploads\/2016\/12\/1480989814_611282_1480989990_noticia_normal_recorte1-560x374.jpg\" alt=\"Donald Trump durante su visita a la f\u00e1brica que cambi\u00f3 sus planes de llevarse parte de su producci\u00f3n a M\u00e9xico \" width=\"560\" height=\"374\" \/><\/a><p id=\"caption-attachment-468850\" class=\"wp-caption-text\">Donald Trump durante su visita a la f\u00e1brica que cambi\u00f3 sus planes de llevarse parte de su producci\u00f3n a M\u00e9xico<\/p><\/div>\n<p><span style=\"color: #111111\">La revisi\u00f3n del Tratado de Libre Comercio de Am\u00e9rica del Norte, el NAFTA, sigue en lo m\u00e1s alto de la lista de prioridades del presidente electo, Donald Trump. Pero la intenci\u00f3n del republicano, pese a sus constantes cr\u00edticas al acuerdo, no es \u201cdespedazarlo\u201d, sino \u201cajustarlo\u201d a las necesidades estadounidenses, asegur\u00f3 este lunes en Washington un asesor del equipo de transici\u00f3n de Trump.<\/span><\/p>\n<p style=\"color: #444444\">\u201cNo creo que estemos buscando despedazar el NAFTA, sino que lo que queremos hacer es ajustarlo a la medida adecuada y hacerlo m\u00e1s justo\u201d, dijo Anthony Scaramucci. El asesor de Trump habl\u00f3 ante un grupo de altos empresarios reunidos por un grupo bipartidista, No Labels, en Washington para discutir los planes econ\u00f3micos del presidente electo y, seg\u00fan el diario\u00a0<a style=\"font-style: inherit;color: #016ca2\" href=\"http:\/\/thehill.com\/business-a-lobbying\/business-a-lobbying\/308764-transition-official-trump-will-not-rip-up-nafta\" target=\"_blank\"><em>The Hill<\/em><\/a>, que fue el que revel\u00f3 el encuentro, para intentar apaciguar sus inquietudes ante las amenazas proteccionistas del pr\u00f3ximo inquilino de la Casa Blanca.<\/p>\n<p style=\"color: #444444\">Trump hizo de las cr\u00edticas al NAFTA y a otros acuerdos comerciales, como el TPP, uno de los pilares de su campa\u00f1a, junto a los insultos a los inmigrantes mexicanos y la promesa de construir un muro fronterizo con M\u00e9xico. Ha prometido que una de sus primeras decisiones tras instalarse en el Despacho Oval, el 20 de enero,\u00a0<a style=\"font-style: inherit;color: #016ca2\" href=\"http:\/\/internacional.elpais.com\/internacional\/2016\/11\/15\/estados_unidos\/1479243334_645767.html\">ser\u00e1 \u201cnegociar o abandonar\u201d el NAFTA<\/a>. La semana pasada, escogi\u00f3 para su primer acto multitudinario desde la noche electoral una visita a la empresa Carrier en Indiana para anunciar el rescate de mil empleos de esa f\u00e1brica de aparatos de aire acondicionado que planeaba llevarse parte de su producci\u00f3n a M\u00e9xico. \u201c<a style=\"font-style: inherit;color: #016ca2\" href=\"http:\/\/internacional.elpais.com\/internacional\/2016\/12\/01\/estados_unidos\/1480606860_031527.html\">Las compa\u00f1\u00edas no volver\u00e1n a marcharse de Estados Unidos sin consecuencias\u201d<\/a>, prometi\u00f3 entre aplausos de los trabajadores, ante quienes volvi\u00f3 a criticar duramente el acuerdo comercial norteamericano. \u201cTenemos NAFTA, que es un desastre total y completo\u201d, asever\u00f3.<\/p>\n<p style=\"color: #444444\">Pese a los constantes ataques a M\u00e9xico, donde hay una profunda preocupaci\u00f3n ante el impacto de Trump en su econom\u00eda, Scaramucci asegur\u00f3 a los empresarios que el magnate mantiene una \u201cgran relaci\u00f3n\u201d con el presidente mexicano, Enrique Pe\u00f1a Nieto, a quien provoc\u00f3\u00a0<a style=\"font-style: inherit;color: #016ca2\" href=\"http:\/\/internacional.elpais.com\/internacional\/2016\/09\/01\/mexico\/1472748928_854251.html\">una profunda crisis pol\u00edtica<\/a>despu\u00e9s de visitarlo de forma intempestiva en agosto. \u201cHablan de forma regular\u201d, agreg\u00f3 el asesor sin dar m\u00e1s detalles. Aunque Trump y Pe\u00f1a Nieto confirmaron poco despu\u00e9s de la victoria electoral del republicano\u00a0<a style=\"font-style: inherit;color: #016ca2\" href=\"http:\/\/internacional.elpais.com\/internacional\/2016\/11\/09\/actualidad\/1478727839_720039.html\">su intenci\u00f3n de retomar el di\u00e1logo e incluso verse antes de la toma de posesi\u00f3n<\/a>\u00a0del magnate, por el momento no se ha fijado una fecha para ese encuentro.<\/p>\n","protected":false},"excerpt":{"rendered":"<p>Anthony Scaramucci afirma tambi\u00e9n que Trump habla \u201cde forma regular\u201d con Pe\u00f1a Nieto<\/p>\n","protected":false},"author":5842,"featured_media":0,"comment_status":"open","ping_status":"open","sticky":false,"template":"","format":"standard","meta":{"footnotes":""},"categories":[23,24],"tags":[],"class_list":["post-468849","post","type-post","status-publish","format-standard","hentry","category-latinoamerica","category-mundo"],"_links":{"self":[{"href":"https:\/\/diarioelpopular.com\/index.php\/wp-json\/wp\/v2\/posts\/468849","targetHints":{"allow":["GET"]}}],"collection":[{"href":"https:\/\/diarioelpopular.com\/index.php\/wp-json\/wp\/v2\/posts"}],"about":[{"href":"https:\/\/diarioelpopular.com\/index.php\/wp-json\/wp\/v2\/types\/post"}],"author":[{"embeddable":true,"href":"https:\/\/diarioelpopular.com\/index.php\/wp-json\/wp\/v2\/users\/5842"}],"replies":[{"embeddable":true,"href":"https:\/\/diarioelpopular.com\/index.php\/wp-json\/wp\/v2\/comments?post=468849"}],"version-history":[{"count":1,"href":"https:\/\/diarioelpopular.com\/index.php\/wp-json\/wp\/v2\/posts\/468849\/revisions"}],"predecessor-version":[{"id":468851,"href":"https:\/\/diarioelpopular.com\/index.php\/wp-json\/wp\/v2\/posts\/468849\/revisions\/468851"}],"wp:attachment":[{"href":"https:\/\/diarioelpopular.com\/index.php\/wp-json\/wp\/v2\/media?parent=468849"}],"wp:term":[{"taxonomy":"category","embeddable":true,"href":"https:\/\/diarioelpopular.com\/index.php\/wp-json\/wp\/v2\/categories?post=468849"},{"taxonomy":"post_tag","embeddable":true,"href":"https:\/\/diarioelpopular.com\/index.php\/wp-json\/wp\/v2\/tags?post=468849"}],"curies":[{"name":"wp","href":"https:\/\/api.w.org\/{rel}","templated":true}]}}