{"id":468888,"date":"2016-12-08T09:19:53","date_gmt":"2016-12-08T14:19:53","guid":{"rendered":"http:\/\/diarioelpopular.com\/?p=468888"},"modified":"2016-12-08T09:20:05","modified_gmt":"2016-12-08T14:20:05","slug":"el-galaxy-s8-de-samsung-tendra-un-chasis-completo-de-cristal","status":"publish","type":"post","link":"https:\/\/diarioelpopular.com\/index.php\/2016\/12\/08\/el-galaxy-s8-de-samsung-tendra-un-chasis-completo-de-cristal\/","title":{"rendered":"El Galaxy S8 de Samsung tendr\u00e1 un chasis completo de cristal"},"content":{"rendered":"<div id=\"attachment_468889\" style=\"width: 570px\" class=\"wp-caption aligncenter\"><a href=\"https:\/\/diarioelpopular.com\/wp-content\/uploads\/2016\/12\/1481193194_418182_1481194367_noticia_normal_recorte1.jpg\"><img loading=\"lazy\" decoding=\"async\" aria-describedby=\"caption-attachment-468889\" class=\"size-large wp-image-468889\" src=\"https:\/\/diarioelpopular.com\/wp-content\/uploads\/2016\/12\/1481193194_418182_1481194367_noticia_normal_recorte1-560x374.jpg\" alt=\"Imagen de la presentaci\u00f3n del Samsung Galaxy S7 en el Mobile World Congress (MWC).\" width=\"560\" height=\"374\" \/><\/a><p id=\"caption-attachment-468889\" class=\"wp-caption-text\">Imagen de la presentaci\u00f3n del Samsung Galaxy S7 en el Mobile World Congress (MWC).<\/p><\/div>\n<p class=\"Cuerpo\" style=\"color: #444444\">Parada completa de motores. Samsung parece estar recomponiendo poco a poco el colapso vivido debido a\u00a0<a style=\"font-style: inherit;color: #016ca2\" href=\"http:\/\/tecnologia.elpais.com\/tecnologia\/2016\/10\/11\/actualidad\/1476162906_201226.html\">la tragedia del Galaxy Note 7<\/a>, y sin la presi\u00f3n ya de los plazos, el gigante coreano quiere hacer una\u00a0<em>rentr\u00e9<\/em>\u00a0con la que volver a lo m\u00e1s alto en el mercado de los\u00a0<em>smartphones<\/em>. Seg\u00fan publica hoy\u00a0<a style=\"font-style: inherit;color: #016ca2\" href=\"https:\/\/www.bloomberg.com\/news\/articles\/2016-12-08\/samsung-said-to-plan-all-screen-design-in-new-galaxy-s8-phones-iwfyts38\">Bloomberg<\/a>, Samsung presentar\u00e1 a comienzos del a\u00f1o que viene el Galaxy S8, un terminal que por su dise\u00f1o y prestaciones promete romper con todo lo visto hasta la fecha.<\/p>\n<p class=\"Cuerpo\" style=\"color: #444444\">El Galaxy S8 contar\u00e1 con un chasis por completo en cristal con el que lograr\u00e1, adem\u00e1s de una est\u00e9tica de primer nivel, ofrecer al usuario varias ventajas colaterales. La primera de ellas y m\u00e1s llamativa es que, seg\u00fan fuentes &#8220;conocedoras del caso&#8221;, dice Bloomberg, el\u00a0<em>smartphone<\/em>\u00a0carecer\u00eda de marcos y la pantalla llegar\u00eda hasta los extremos, algo que tan buenos resultados le dio en el<a style=\"font-style: inherit;color: #016ca2\" href=\"http:\/\/tecnologia.elpais.com\/tecnologia\/2016\/03\/10\/actualidad\/1457614661_056562.html\">S7 Edge<\/a>, pero ahora adem\u00e1s extendiendo el cuerpo acristalado por la trasera del terminal. Esta obsesi\u00f3n por ampliar la superficie de pantalla le llevar\u00eda tambi\u00e9n a acabar con el bot\u00f3n\u00a0<em>home<\/em>\u00a0f\u00edsico de la parte inferior, en un movimiento que nos recuerda en parte al dado por Apple en el\u00a0<a style=\"font-style: inherit;color: #016ca2\" href=\"http:\/\/elpais.com\/tag\/iphone_7\/a\">iPhone 7<\/a>.<\/p>\n<p class=\"Cuerpo\" style=\"color: #444444\">En este sentido y aunque los detalles son escasos, la filtraci\u00f3n se refiere a que el bot\u00f3n estar\u00eda integrado en la propia pantalla en la parte inferior y podr\u00eda contar con alg\u00fan tipo de sensor h\u00e1ptico para reproducir al tacto la sensaci\u00f3n de pulsaci\u00f3n, como en el terminal de los de Cupertino. La otra gran derivada del empleo de un chasis \u00edntegramente acristalado es el adelgazamiento del mismo: se espera que el nuevo S8 sea sensiblemente menos grueso. Y aunque Samsung<a style=\"font-style: inherit;color: #016ca2\" href=\"https:\/\/www.youtube.com\/watch?v=xJChOzoR8Rs\">ridiculiz\u00f3 a Apple<\/a>\u00a0en la presentaci\u00f3n del Note 7 por eliminar el jack de auriculares en el iPhone, seg\u00fan diversas fuentes, los coreanos\u00a0<a style=\"font-style: inherit;color: #016ca2\" href=\"http:\/\/www.sammobile.com\/2016\/12\/06\/exclusive-galaxy-s8-is-not-going-to-feature-a-3-5mm-headphone-jack\/\">har\u00e1n lo propio en el Galaxy S8<\/a>.<\/p>\n<p class=\"Cuerpo\" style=\"color: #444444\">As\u00ed, el fabricante emplear\u00eda en el esperado terminal un \u00fanico puerto USB Type-C mediante el cual los usuarios deber\u00e1n conectar los auriculares, o bien, l\u00f3gicamente, hacerlo de forma inal\u00e1mbrica a trav\u00e9s del Bluetooth. La eliminaci\u00f3n del jack permitir\u00eda lograr un chasis m\u00e1s fino sin perder la capacidad de la bater\u00eda, que ahora ocupar\u00eda parte del espacio consagrado a dicho puerto. Estos cambios en el dise\u00f1o permitir\u00edan a Samsung dar prioridad al tama\u00f1o de pantalla y ligereza del equipo sin perder un \u00e1pice de la experiencia de uso que. en definitiva. marca la diferencia entre un terminal y otro. Samsung no ha querido ni desmentir ni confirmar el rumor, pero en cualquier caso, tampoco falta mucho para salir de dudas puesto que se espera que el fabricante presente el S8 en el inminente<a style=\"font-style: inherit;color: #016ca2\" href=\"https:\/\/www.mobileworldcongress.com\/\">Mobile World Congress<\/a>\u00a0que dar\u00e1 comienzo el pr\u00f3ximo mes de febrero.<\/p>\n","protected":false},"excerpt":{"rendered":"<p>Un informe filtrado asegura que el &#8216;smartphone&#8217; va a romper moldes con su dise\u00f1o y prestaciones<\/p>\n","protected":false},"author":5842,"featured_media":0,"comment_status":"open","ping_status":"open","sticky":false,"template":"","format":"standard","meta":{"footnotes":""},"categories":[24],"tags":[],"class_list":["post-468888","post","type-post","status-publish","format-standard","hentry","category-mundo"],"_links":{"self":[{"href":"https:\/\/diarioelpopular.com\/index.php\/wp-json\/wp\/v2\/posts\/468888","targetHints":{"allow":["GET"]}}],"collection":[{"href":"https:\/\/diarioelpopular.com\/index.php\/wp-json\/wp\/v2\/posts"}],"about":[{"href":"https:\/\/diarioelpopular.com\/index.php\/wp-json\/wp\/v2\/types\/post"}],"author":[{"embeddable":true,"href":"https:\/\/diarioelpopular.com\/index.php\/wp-json\/wp\/v2\/users\/5842"}],"replies":[{"embeddable":true,"href":"https:\/\/diarioelpopular.com\/index.php\/wp-json\/wp\/v2\/comments?post=468888"}],"version-history":[{"count":1,"href":"https:\/\/diarioelpopular.com\/index.php\/wp-json\/wp\/v2\/posts\/468888\/revisions"}],"predecessor-version":[{"id":468890,"href":"https:\/\/diarioelpopular.com\/index.php\/wp-json\/wp\/v2\/posts\/468888\/revisions\/468890"}],"wp:attachment":[{"href":"https:\/\/diarioelpopular.com\/index.php\/wp-json\/wp\/v2\/media?parent=468888"}],"wp:term":[{"taxonomy":"category","embeddable":true,"href":"https:\/\/diarioelpopular.com\/index.php\/wp-json\/wp\/v2\/categories?post=468888"},{"taxonomy":"post_tag","embeddable":true,"href":"https:\/\/diarioelpopular.com\/index.php\/wp-json\/wp\/v2\/tags?post=468888"}],"curies":[{"name":"wp","href":"https:\/\/api.w.org\/{rel}","templated":true}]}}