{"id":468905,"date":"2016-12-08T11:14:49","date_gmt":"2016-12-08T16:14:49","guid":{"rendered":"http:\/\/diarioelpopular.com\/?p=468905"},"modified":"2016-12-08T11:15:01","modified_gmt":"2016-12-08T16:15:01","slug":"un-terremoto-de-65-sacude-la-costa-norte-de-california","status":"publish","type":"post","link":"https:\/\/diarioelpopular.com\/index.php\/2016\/12\/08\/un-terremoto-de-65-sacude-la-costa-norte-de-california\/","title":{"rendered":"Un terremoto de 6,5 sacude la costa norte de California"},"content":{"rendered":"<div id=\"attachment_468906\" style=\"width: 570px\" class=\"wp-caption aligncenter\"><a href=\"https:\/\/diarioelpopular.com\/wp-content\/uploads\/2016\/12\/1481210635_449802_1481211097_noticia_normal_recorte1.jpg\"><img loading=\"lazy\" decoding=\"async\" aria-describedby=\"caption-attachment-468906\" class=\"size-large wp-image-468906\" src=\"https:\/\/diarioelpopular.com\/wp-content\/uploads\/2016\/12\/1481210635_449802_1481211097_noticia_normal_recorte1-560x308.jpg\" alt=\"Localizaci\u00f3n del terremoto, seg\u00fan el Servicio Geol\u00f3gico de EE UU.\" width=\"560\" height=\"308\" \/><\/a><p id=\"caption-attachment-468906\" class=\"wp-caption-text\">Localizaci\u00f3n del terremoto, seg\u00fan el Servicio Geol\u00f3gico de EE UU.<\/p><\/div>\n<p style=\"color: #444444\">Un terremoto de 6,5 ha sido registrado este jueves en el oc\u00e9ano Pac\u00edfico, a unos 160 kil\u00f3metros de la costa norte de California, frente a la localidad de Eureka, seg\u00fan ha informado el Servicio Geol\u00f3gico de Estados Unidos (USGS, en sus siglas inglisas). El se\u00edsmo ha sido localizado a diez kil\u00f3metros de profundidad y no ha provocado que se active la alerta de tsunami por parte del Servicio de Alerta de Maremotos del Pac\u00edfico. Por el momento no ha habido informes de que el sismo haya causado v\u00edctimas o da\u00f1os materiales.<\/p>\n<p style=\"color: #444444\">El temblor ocurri\u00f3 a las 14:49 GMT, su hipocentro se localiz\u00f3 a 12,1 kil\u00f3metros de profundidad y su epicentro a 160 kil\u00f3metros al oeste de la localidad costera de Ferndale, a\u00f1adi\u00f3 el USGS, sin aportar m\u00e1s detalles. Inicialmente se inform\u00f3 de que el terremoto fue de 6,8, pero la intensidad fue posteriormente rebajada a 6,5.<\/p>\n<p style=\"color: #444444\">La sacudida se ha sentido en San Francisco, seg\u00fan ha informado la agencia Reuters. &#8220;Sent\u00ed c\u00f3mo durante 20 segundos las luces se mov\u00edan&#8221;, detalla un ciudadano de San Francisco en un tuit que cita Reuters.<\/p>\n<p style=\"color: #444444\">California es una zona de notable actividad s\u00edsmica, provocada por su situaci\u00f3n, en plena \u00a0falla de San Andr\u00e9s. La costa norte de California es una de las m\u00e1s activas por lo que regularmente se producen temblores de tierra. De hecho, en los \u00faltimos d\u00edas ha habido varios de menor intensidad.<\/p>\n<p style=\"color: #444444\">En San Francisco es d\u00edficil olvidarse de \u0142os se\u00edsmos. No solo por la cantidad de placas, recuerdos y fotograf\u00edas rememorando tanto el de 1906, cuyo incendio posterior arrag\u00f3 casi toda la ciudad, tan solo la Avenida Van Ness fue capaz de ejercer de cortafuegos, sino tambi\u00e9n porque cada martes, a las 12 del mediod\u00eda suena una alarma en toda la ciudad. Segundos despu\u00e9s del susto inicial, los altavoces llaman a la calma: &#8220;This is just a test, this is just a test&#8221;. (Esto es solo una prueba).<\/p>\n","protected":false},"excerpt":{"rendered":"<p>El se\u00edsmo se ha sentido en San Francisco y no ha provocado alerta de tsunami<\/p>\n","protected":false},"author":5842,"featured_media":0,"comment_status":"open","ping_status":"open","sticky":false,"template":"","format":"standard","meta":{"footnotes":""},"categories":[24],"tags":[],"class_list":["post-468905","post","type-post","status-publish","format-standard","hentry","category-mundo"],"_links":{"self":[{"href":"https:\/\/diarioelpopular.com\/index.php\/wp-json\/wp\/v2\/posts\/468905","targetHints":{"allow":["GET"]}}],"collection":[{"href":"https:\/\/diarioelpopular.com\/index.php\/wp-json\/wp\/v2\/posts"}],"about":[{"href":"https:\/\/diarioelpopular.com\/index.php\/wp-json\/wp\/v2\/types\/post"}],"author":[{"embeddable":true,"href":"https:\/\/diarioelpopular.com\/index.php\/wp-json\/wp\/v2\/users\/5842"}],"replies":[{"embeddable":true,"href":"https:\/\/diarioelpopular.com\/index.php\/wp-json\/wp\/v2\/comments?post=468905"}],"version-history":[{"count":1,"href":"https:\/\/diarioelpopular.com\/index.php\/wp-json\/wp\/v2\/posts\/468905\/revisions"}],"predecessor-version":[{"id":468907,"href":"https:\/\/diarioelpopular.com\/index.php\/wp-json\/wp\/v2\/posts\/468905\/revisions\/468907"}],"wp:attachment":[{"href":"https:\/\/diarioelpopular.com\/index.php\/wp-json\/wp\/v2\/media?parent=468905"}],"wp:term":[{"taxonomy":"category","embeddable":true,"href":"https:\/\/diarioelpopular.com\/index.php\/wp-json\/wp\/v2\/categories?post=468905"},{"taxonomy":"post_tag","embeddable":true,"href":"https:\/\/diarioelpopular.com\/index.php\/wp-json\/wp\/v2\/tags?post=468905"}],"curies":[{"name":"wp","href":"https:\/\/api.w.org\/{rel}","templated":true}]}}