{"id":469018,"date":"2016-12-20T15:28:22","date_gmt":"2016-12-20T20:28:22","guid":{"rendered":"http:\/\/diarioelpopular.com\/?p=469018"},"modified":"2016-12-20T15:28:29","modified_gmt":"2016-12-20T20:28:29","slug":"el-isis-se-atribuye-la-autoria-del-atentado-de-berlin","status":"publish","type":"post","link":"https:\/\/diarioelpopular.com\/index.php\/2016\/12\/20\/el-isis-se-atribuye-la-autoria-del-atentado-de-berlin\/","title":{"rendered":"El ISIS se atribuye la autor\u00eda del atentado de Berl\u00edn"},"content":{"rendered":"<div id=\"attachment_469019\" style=\"width: 570px\" class=\"wp-caption aligncenter\"><a href=\"https:\/\/diarioelpopular.com\/wp-content\/uploads\/2016\/12\/1482217316_656189_1482247254_noticia_fotograma.jpg\"><img loading=\"lazy\" decoding=\"async\" aria-describedby=\"caption-attachment-469019\" class=\"size-large wp-image-469019\" src=\"https:\/\/diarioelpopular.com\/wp-content\/uploads\/2016\/12\/1482217316_656189_1482247254_noticia_fotograma-560x315.jpg\" alt=\"El cami\u00f3n que atropell\u00f3 a varias personas en Berl\u00edn. En v\u00eddeo, el ministro alem\u00e1n del Interior confirma que se trat\u00f3 de un ataque y la polic\u00eda no confirma si el detenido fue el autor.\" width=\"560\" height=\"315\" \/><\/a><p id=\"caption-attachment-469019\" class=\"wp-caption-text\">El cami\u00f3n que atropell\u00f3 a varias personas en Berl\u00edn. En v\u00eddeo, el ministro alem\u00e1n del Interior confirma que se trat\u00f3 de un ataque y la polic\u00eda no confirma si el detenido fue el autor.<\/p><\/div>\n<p style=\"color: #444444\">El autodenominado Estado Isl\u00e1mico (ISIS, por sus siglas en ingl\u00e9s) se ha atribuido a \u00faltima hora de este martes la autor\u00eda del atentado contra\u00a0<a style=\"font-style: inherit;color: #016ca2\" href=\"http:\/\/elpais.com\/internacional\/2016\/12\/19\/actualidad\/1482176155_449814.html\">un mercadillo de Navidad al oeste de Berl\u00edn<\/a>, que el lunes mat\u00f3 a 12 personas al atropellarlas con un cami\u00f3n e hiri\u00f3 a otras 48. La organizaci\u00f3n terrorista lo ha hecho a trav\u00e9s de un comunicado en su agencia, Amaq, poco despu\u00e9s de que la polic\u00eda liberase, sin cargos, al \u00fanico sospechoso que ten\u00eda detenido, seg\u00fan ha informado la fiscal\u00eda. El terrorista, por tanto, sigue a la fuga. Tras la asunci\u00f3n de la autor\u00eda del ISIS, el de Berl\u00edn se confirma como el primer atentado del ISIS con v\u00edctimas mortales en territorio alem\u00e1n. &#8220;El autor de la operaci\u00f3n de Berl\u00edn es un soldado del Estado Isl\u00e1mico en respuesta a los llamamientos para atacar a ciudadanos de pa\u00edses que forman parte de la coalici\u00f3n internacional&#8221;, dice el comunicado de los yihadistas.<\/p>\n<p style=\"color: #444444\">El arrestado era un paquistan\u00ed de 23 a\u00f1os, solicitante de asilo. Ya este martes por la ma\u00f1ana, las autoridades\u00a0<a style=\"font-style: inherit;color: #016ca2\" href=\"http:\/\/internacional.elpais.com\/internacional\/2016\/12\/19\/actualidad\/1482178716_707076.html\" target=\"_blank\">manifestaban sus dudas sobre el detenido<\/a>\u00a0fuese el verdadero responsable del atropello mortal.\u00a0\u00a0<span style=\"font-style: inherit\">&#8220;En estos momentos no estamos muy seguros de que realmente [el detenido] sea [el autor]. No podemos confirmar si realmente era el conductor&#8221;, dijo en una rueda de prensa\u00a0<span style=\"font-style: inherit\">el presidente de la polic\u00eda de Berl\u00edn, Klaus Kandt<\/span>.<\/span>\u00a0El arrestado, que no estaba en las bases de datos de sospechosos de terrorismo, hab\u00eda negado todos los hechos que se le imputaban.<\/p>\n<section id=\"sumario_6|video\" class=\"sumario_video centro\" style=\"color: #444444\"><a style=\"font-style: inherit;color: #016ca2\" name=\"sumario_6\"><\/a><\/p>\n<div id=\"sumario__interior\" style=\"font-style: inherit\">\n<div id=\"videonoticia\" class=\"media\" style=\"font-style: inherit\">\n<figure class=\"foto  media\" style=\"font-style: inherit\">\n<div id=\"multimediaPlayer_868144097\" class=\"video_MPEP\" style=\"font-style: inherit\">\n<div id=\"divimg_de852c50c73049d5a3b304249e44e792-2\" class=\"img_MPEP\" style=\"font-style: inherit\"><a id=\"posicionador_de852c50c73049d5a3b304249e44e792-2\" class=\"posicionador\" style=\"font-style: inherit;color: #016ca2\" title=\"La polic\u00eda alemana habla de presunto ataque terrorista\"><\/a><img loading=\"lazy\" decoding=\"async\" id=\"caratula_de852c50c73049d5a3b304249e44e792-2\" style=\"font-style: inherit\" src=\"http:\/\/ep02.epimg.net\/elpais\/videos\/2016\/12\/19\/videos\/1482178876_526470_84636000_fotograma_4.jpg\" alt=\"\" width=\"640\" height=\"358\" border=\"0\" \/><\/div>\n<\/div>\n<\/figure>\n<\/div>\n<\/div>\n<\/section>\n<p style=\"color: #444444\">La investigaci\u00f3n no ha avanzado por ese lado, pero la pista del atentado se confirmaba desde por la ma\u00f1ana,\u00a0<a style=\"font-style: inherit;color: #016ca2\" href=\"http:\/\/epv.elpais.com\/epv\/2016\/12\/20\/seccion_internacional\/1482231903_872385.html\" target=\"_blank\">cuando la canciller alemana, Angela Merkel, revelaba<\/a>\u00a0que &#8220;con la informaci\u00f3n disponible&#8221; todo apunta a que el atropello m\u00faltiple se debe a un &#8220;atentado terrorista&#8221;. Merkel a\u00f1adi\u00f3 tambi\u00e9n que, si se confirma que el autor es un solicitante de asilo, &#8220;ser\u00e1 dif\u00edcil de soportar&#8221;, en referencia a las informaciones que apuntaban al paquistan\u00ed que posteriormente ha sido liberado.\u00a0<span style=\"font-style: inherit\">&#8220;Si se confirma que el agresor hab\u00eda pedido protecci\u00f3n en nuestro pa\u00eds esto ser\u00eda especialmente repugnante&#8221;, dijo. Sobre todo para<\/span>aquellos alemanes que se han esforzado por ayudar a los refugiados. Merkel ha pedido que el miedo no paralice a los alemanes.<\/p>\n<section id=\"sumario_7|foto\" class=\"sumario_foto centro\" style=\"color: #444444\"><a style=\"font-style: inherit;color: #016ca2\" name=\"sumario_7\"><\/a><\/p>\n<div class=\"sumario__interior\" style=\"font-style: inherit\">\n<figure class=\"foto foto_w980\" style=\"font-style: inherit\"><a class=\"enlace\" style=\"font-style: inherit;color: #016ca2\" title=\"pulsa en la foto\" href=\"http:\/\/www.elpais.com\/elpais\/2016\/12\/20\/media\/1482252905_893498.html\"><img loading=\"lazy\" decoding=\"async\" style=\"font-style: inherit\" title=\"El ISIS se atribuye la autor\u00eda del atentado de Berl\u00edn\" src=\"http:\/\/ep01.epimg.net\/internacional\/imagenes\/2016\/12\/20\/actualidad\/1482217316_656189_1482259103_sumario_normal.png\" alt=\"El ISIS se atribuye la autor\u00eda del atentado de Berl\u00edn\" width=\"980\" height=\"522\" \/><span class=\"boton_ampliar\">pulsa en la foto<\/span><\/a><\/figure>\n<div class=\"sumario-texto\" style=\"font-style: inherit\"><\/div>\n<\/div>\n<\/section>\n<p style=\"color: #444444\">La polic\u00eda cree que el autor del ataque rob\u00f3 el cami\u00f3n, mat\u00f3 a tiros a su conductor oficial \u2014un hombre de nacionalidad polaca, como el ch\u00f3fer, fue hallado muerto dentro de la cabina, al parecer en el lugar del copiloto\u2014 y lo empotr\u00f3 contra la multitud, avanzando durante 50 metros por el interior del mercadillo, entre casetas de comida y puestos de venta de adornos\u00a0 Una acci\u00f3n muy similar a la perpetrada en julio por terroristas yihadistas en Niza (Francia). Ninguna organizaci\u00f3n se ha atribuido el brutal atropello.<\/p>\n<p style=\"color: #444444\">L<span style=\"font-style: inherit\">a emisora local RBB (Radio y Televisi\u00f3n P\u00fablica de Berl\u00edn) y\u00a0<em>Die Welt,<\/em>\u00a0citando fuentes policiales, detallan que el detenido ahora liberado se trata de\u00a0<span style=\"font-style: inherit\">Navid B., nacido el 1 de enero de 1993 en la ciudad paquistan\u00ed de Turbat y que entr\u00f3 en Alemania por el paso fronterizo de Passau, la linde con Austria. Ambos medios insisten en que el sospechoso hab\u00eda sido arrestado con anterioridad como supuesto autor de delitos comunes y menores.<\/span><\/span><\/p>\n<p style=\"color: #444444\">Su detenci\u00f3n, seg\u00fan ha informado\u00a0<em>Die Welt,<\/em>\u00a0se produjo gracias a un testigo que, tras ver como se bajaba del cami\u00f3n y se daba a la fuga tras atropellar a decenas de personas, le sigui\u00f3. Ese ciudadano alert\u00f3 a la Polic\u00eda y estuvo hablando por tel\u00e9fono con el servicio de emergencias mientras persegu\u00eda al sospechoso hasta el Tiergarten, el principal parque de Berl\u00edn, donde fue finalmente detenido.<\/p>\n<p style=\"color: #444444\"><span style=\"font-style: inherit\"><span style=\"font-style: inherit\">Una unidad especial de la polic\u00eda alemana entr\u00f3 este martes en un albergue de refugiados de Berl\u00edn, situado en un hangar\u00a0<span style=\"font-style: inherit\">del antiguo aeropuerto de Tempelhof, en el centro de la ciudad. Un centro que desde el a\u00f1o pasado, y debido a la gran afluencia de peticionarios de asilo, se habilit\u00f3 como centro de acogida.<\/span><\/span><\/span><\/p>\n<h3 style=\"color: #111111\"><span style=\"font-weight: inherit;font-style: inherit\">El veh\u00edculo de matr\u00edcula polaca<br \/>\n<\/span><\/h3>\n<p style=\"color: #444444\">El veh\u00edculo que se convirti\u00f3 en un arma mortal tiene matr\u00edcula de Danzig (Polonia). El responsable de la compa\u00f1\u00eda propietaria del veh\u00edculo declar\u00f3 que el conductor oficial del veh\u00edculo es su primo \u2014tambi\u00e9n polaco\u2014, y que hab\u00eda viajado con ese cami\u00f3n hacia Berl\u00edn con la intenci\u00f3n de pasar la noche en la ciudad, pero que en ning\u00fan momento ten\u00eda que atravesar el centro.<\/p>\n<p style=\"color: #444444\"><span style=\"font-style: inherit\">El due\u00f1o de la empresa dudaba de la posibilidad de que el conductor, con 15 a\u00f1os de experiencia, fuera el responsable del supuesto accidente y apuntaba la posibilidad de que se tratara de un robo o un secuestro, lo que m\u00e1s tarde pareci\u00f3 confirmar la polic\u00eda. Los datos de GPS del veh\u00edculo indican que hacia mediod\u00eda del lunes estaba detenido frente a la sede de la empresa en Berl\u00edn y que volvi\u00f3 a ser puesto en marcha hacia las cuatro de la tarde. El ataque contra el mercadillo se produjo sobre las ocho de la tarde.<\/span><\/p>\n<p style=\"color: #444444\"><span style=\"font-style: inherit\"><span style=\"font-style: inherit\">Los ministros de Interior de los 16 estados federados alemanes acordaron este martes con el titular del Ministerio federal, Thomas de Maizi\u00e8re,\u00a0<span style=\"font-style: inherit\">mantener abiertos los mercadillos de Navidad, con nuevas medidas de seguridad si son necesarias. No obstante,\u00a0<span style=\"font-style: inherit\">los responsables de la ciudad-estado de Berl\u00edn han pedido a las empresas que gestionan los mercadillos en la capital que no abran hoy &#8220;en consideraci\u00f3n a las v\u00edctimas y sus familiares&#8221;.<\/span><\/span><\/span><\/span><\/p>\n","protected":false},"excerpt":{"rendered":"<p>La polic\u00eda deja en libertad al sospechoso que ten\u00eda detenido por el ataque que ha causado 12 muertos<\/p>\n","protected":false},"author":5842,"featured_media":0,"comment_status":"open","ping_status":"open","sticky":false,"template":"","format":"standard","meta":{"footnotes":""},"categories":[24],"tags":[],"class_list":["post-469018","post","type-post","status-publish","format-standard","hentry","category-mundo"],"_links":{"self":[{"href":"https:\/\/diarioelpopular.com\/index.php\/wp-json\/wp\/v2\/posts\/469018","targetHints":{"allow":["GET"]}}],"collection":[{"href":"https:\/\/diarioelpopular.com\/index.php\/wp-json\/wp\/v2\/posts"}],"about":[{"href":"https:\/\/diarioelpopular.com\/index.php\/wp-json\/wp\/v2\/types\/post"}],"author":[{"embeddable":true,"href":"https:\/\/diarioelpopular.com\/index.php\/wp-json\/wp\/v2\/users\/5842"}],"replies":[{"embeddable":true,"href":"https:\/\/diarioelpopular.com\/index.php\/wp-json\/wp\/v2\/comments?post=469018"}],"version-history":[{"count":1,"href":"https:\/\/diarioelpopular.com\/index.php\/wp-json\/wp\/v2\/posts\/469018\/revisions"}],"predecessor-version":[{"id":469020,"href":"https:\/\/diarioelpopular.com\/index.php\/wp-json\/wp\/v2\/posts\/469018\/revisions\/469020"}],"wp:attachment":[{"href":"https:\/\/diarioelpopular.com\/index.php\/wp-json\/wp\/v2\/media?parent=469018"}],"wp:term":[{"taxonomy":"category","embeddable":true,"href":"https:\/\/diarioelpopular.com\/index.php\/wp-json\/wp\/v2\/categories?post=469018"},{"taxonomy":"post_tag","embeddable":true,"href":"https:\/\/diarioelpopular.com\/index.php\/wp-json\/wp\/v2\/tags?post=469018"}],"curies":[{"name":"wp","href":"https:\/\/api.w.org\/{rel}","templated":true}]}}