{"id":469044,"date":"2016-12-21T09:42:53","date_gmt":"2016-12-21T14:42:53","guid":{"rendered":"http:\/\/diarioelpopular.com\/?p=469044"},"modified":"2016-12-21T09:43:01","modified_gmt":"2016-12-21T14:43:01","slug":"donald-trump-rompe-con-la-cautela-de-barack-obama-ante-el-terrorismo","status":"publish","type":"post","link":"https:\/\/diarioelpopular.com\/index.php\/2016\/12\/21\/donald-trump-rompe-con-la-cautela-de-barack-obama-ante-el-terrorismo\/","title":{"rendered":"Donald Trump rompe con la cautela de Barack Obama ante el terrorismo"},"content":{"rendered":"<p>&nbsp;<\/p>\n<div id=\"attachment_469045\" style=\"width: 570px\" class=\"wp-caption aligncenter\"><a href=\"https:\/\/diarioelpopular.com\/wp-content\/uploads\/2016\/12\/1482262115_689750_1482263404_noticia_normal_recorte1.jpg\"><img loading=\"lazy\" decoding=\"async\" aria-describedby=\"caption-attachment-469045\" class=\"size-large wp-image-469045\" src=\"https:\/\/diarioelpopular.com\/wp-content\/uploads\/2016\/12\/1482262115_689750_1482263404_noticia_normal_recorte1-560x330.jpg\" alt=\"El presidente electo, Donald Trump, con Barack Obama, en la reuni\u00f3n que mantuvieron el 10 de noviembre \" width=\"560\" height=\"330\" \/><\/a><p id=\"caption-attachment-469045\" class=\"wp-caption-text\">El presidente electo, Donald Trump, con Barack Obama, en la reuni\u00f3n que mantuvieron el 10 de noviembre<\/p><\/div>\n<p><span style=\"color: #111111\">Los ataques en Berl\u00edn y Ankara han expuesto las diferencias profundas que separan al todav\u00eda presidente estadounidense, Barack Obama, de su sucesor, Donald Trump. El dem\u00f3crata Obama ve el terrorismo como un fen\u00f3meno que afecta tanto a sociedades de mayor\u00eda cristiana y musulmana, pero que no supone una amenaza existencial para Estados Unidos. El\u00a0<\/span><a style=\"color: #016ca2\" href=\"https:\/\/twitter.com\/realDonaldTrump\/status\/810988379051610112\">republicano Trump\u00a0<\/a><span style=\"color: #111111\">habla en t\u00e9rminos de lucha de civilizaciones entre islamistas radicales y sus v\u00edctimas cristianas y aboga, sin concretar c\u00f3mo, por \u201cerradicarlos de la faz de la tierra\u201d.<\/span><\/p>\n<p style=\"color: #444444\">Parece, leyendo los comunicados de ambos sobre los atentados del lunes, que hablen de realidades paralelas, y en nombre de pa\u00edses y valores distintos. El<a style=\"font-style: inherit;color: #016ca2\" href=\"https:\/\/www.theatlantic.com\/international\/archive\/2016\/12\/ankara-berlin-trump-obama\/511202\/\">periodista Peter Beinart<\/a>\u00a0realiz\u00f3 en\u00a0<em>The Atlantic<\/em>\u00a0un an\u00e1lisis textual de la reacci\u00f3n de los dos presidentes, y concluy\u00f3 que las palabras y el tono revelaban el contraste entre ambas visiones.<\/p>\n<p style=\"color: #444444\">\u201cEl equipo de Obama define la lucha contra el terrorismo como un conflicto que enfrenta a pa\u00edses de todo tipo ideol\u00f3gico y religioso contra un enemigo sin estado, mientras que el equipo de Trump lo define como un conflicto entre la cristiandad y el islam\u201d, escribe Beinart. \u201cLa implicaci\u00f3n natural de la visi\u00f3n del mundo de Obama es que prevenir el terrorismo requiere la cooperaci\u00f3n entre naciones muy distintas. La implicaci\u00f3n natural de la de Trump es que prevenir el terrorismo requiere mantener a los musulmanes fuera [de EE UU]\u201d.<\/p>\n<div id=\"ds_cpp\" class=\"ds_cpp\" style=\"color: #444444\">\n<div class=\"label\" style=\"font-style: inherit\">La\u00a0<a style=\"font-style: inherit;color: #016ca2\" href=\"http:\/\/internacional.elpais.com\/internacional\/2016\/11\/24\/estados_unidos\/1480005054_265785.html\">transici\u00f3n entre Obama y Trump<\/a>\u00a0es un momento excepcional.\u00a0Conviven dos presidentes, dos mensajes, dos voces para un solo pa\u00eds. El primero, de retirada. El segundo, en pleno aterrizaje. Los nuevos presidentes siempre prometen cambiar las cosas al llegar al poder. Ocurri\u00f3 con Obama en 2009, tras los a\u00f1os de George W. Bush. Siempre hay diferencias. Pero es menos habitual que la discrepancia entre ambos sea tan n\u00edtida y que se exponga a la luz p\u00fablica con tal claridad.<\/div>\n<\/div>\n<p style=\"color: #444444\">Obama, cauto, habl\u00f3 el lunes, cuando se conoc\u00edan pocos detalles, de un aparente ataque terrorista para referirse a la matanza con un cami\u00f3n\u00a0<a style=\"font-style: inherit;color: #016ca2\" href=\"http:\/\/internacional.elpais.com\/internacional\/2016\/12\/19\/actualidad\/1482176155_449814.html\">en un mercado navide\u00f1o de Berl\u00edn<\/a>. Trump habl\u00f3 del \u201chorrible ataque terrorista\u201d, sin condicional. Obama, como se\u00f1ala Beinart, no caracteriza a las v\u00edctimas por su religi\u00f3n, y dirige el mensaje al \u201cpueblo y al Gobierno de Alemania\u201d, pa\u00eds al que describe como uno de los aliados m\u00e1s pr\u00f3ximos de EE UU.<\/p>\n<section id=\"sumario_1|apoyos\" class=\"sumario_apoyos izquierda\" style=\"color: #444444\"><a style=\"font-style: inherit;color: #016ca2\" name=\"sumario_1\"><\/a><\/p>\n<div class=\"sumario__interior\" style=\"font-style: inherit\">\n<header class=\"sumario-encabezado\" style=\"font-style: inherit\">\n<h3 class=\"sumario-titulo\" style=\"font-style: inherit;color: #111111\"><span class=\"sin_enlace\" style=\"font-weight: inherit;font-style: inherit\">M\u00c1S INFORMACI\u00d3N<\/span><\/h3>\n<\/header>\n<div class=\"sumario-texto\" style=\"font-style: inherit\">\n<div class=\"apoyos\" style=\"font-style: inherit\">\n<ul class=\"apoyos-listado\" style=\"font-style: inherit\">\n<li class=\"apoyo_normal apoyo_sinfoto\" style=\"font-style: inherit\"><span class=\"apoyo-titulo\" style=\"font-style: inherit\"><a style=\"font-style: inherit;color: #000000\" href=\"http:\/\/internacional.elpais.com\/internacional\/2016\/06\/13\/estados_unidos\/1465841744_850941.html\">Trump agita la islamofobia tras la matanza de Orlando<\/a><\/span><\/li>\n<li class=\"apoyo_normal apoyo_sinfoto\" style=\"font-style: inherit\"><span class=\"apoyo-titulo\" style=\"font-style: inherit\"><a style=\"font-style: inherit;color: #000000\" href=\"http:\/\/internacional.elpais.com\/internacional\/2015\/12\/08\/actualidad\/1449601411_132231.html\">La Casa Blanca ve en Trump un peligro para Estados Unidos<\/a><\/span><\/li>\n<\/ul>\n<\/div>\n<\/div>\n<\/div>\n<\/section>\n<p style=\"color: #444444\">No hay menci\u00f3n de Alemania en el comunicado de Trump y s\u00ed de los \u201cterroristas isl\u00e1micos que continuamente masacran a cristianos en sus comunidades y lugares de culto como parte de la yihad global\u201d. Los alemanes, en su diccionario, se definen como cristianos. \u201c\u00a1El mundo civilizado debe cambiar su manera de pensar!\u201d, a\u00f1adi\u00f3 en un mensaje en la red social Twitter, su medio favorito para comunicar sus posiciones de pol\u00edtica internacional.<\/p>\n<p style=\"color: #444444\">Hasta el 20 de enero, cuando jure el cargo, no se sabr\u00e1 con seguridad si las palabras de Trump se traducen en un giro efectivo de la pol\u00edtica antiterrorista, y tampoco est\u00e1 claro c\u00f3mo quiere ejecutar sus vagas propuestas, que no s\u00f3lo rompen con la pol\u00edtica de Obama sino tambi\u00e9n con la de Administraciones republicanas como la de Bush hijo. Pero los indicios est\u00e1n a la vista.<\/p>\n<p style=\"color: #444444\">Trump\u00a0<a style=\"font-style: inherit;color: #016ca2\" href=\"http:\/\/internacional.elpais.com\/internacional\/2016\/06\/13\/estados_unidos\/1465841744_850941.html\">agit\u00f3 en la campa\u00f1a la islamofobia<\/a>\u00a0al identificar al islam con el terrorismo y anunciar el cierre de las fronteras estadounidenses a las personas de esta confesi\u00f3n, una medida que despu\u00e9s enmend\u00f3 y matiz\u00f3 de manera confusa. En su equipo de asesores m\u00e1s cercanos figuran personalidades que han hecho carrera teorizando sobre estas cuestiones, como el general retirado Michael Flynn, su consejero de seguridad nacional, un cargo que en el pasado han ostentado eminencias de la geopol\u00edtica como Brent Scowcroft, Zbigniew Brzezinski y Henry Kissinger.<\/p>\n<p style=\"color: #444444\">\u201cEstamos en una guerra mundial, pero muy pocos americanos lo reconocen, y , menos a\u00fan, tienen una idea de c\u00f3mo ganarla\u201d, escriben Flynn y el coautor Michael Ledeen en el libro\u00a0<a style=\"font-style: inherit;color: #016ca2\" href=\"http:\/\/www.heritage.org\/events\/2016\/07\/flynn\"><em>The field of fight<\/em><\/a>\u00a0(El campo de lucha), publicado en julio de 2016. \u201cEste tipo de guerra no es del todo nueva. Cre\u00f3 nuestro mundo. Me atrevo a decir que la mayor\u00eda de americanos no se da cuenta de que la transformaci\u00f3n pol\u00edtica y religiosa en Europa que llamamos la Reforma supuso siglos de lucha muy sangrienta. Las personas religiosas que colonizaron Am\u00e9rica en los siglos XVII y XVIII escapaban de esta sangr\u00eda terrible. El mundo necesita desesperadamente una Reforma Isl\u00e1mica, y no nos deber\u00edamos sorprender si implica violencia. Es normal\u201d<\/p>\n<p style=\"color: #444444\">As\u00ed es el mundo seg\u00fan este asesor de Trump, un eco en negativo de las palabras que Obama pronunci\u00f3 hace unos d\u00edas en su \u00faltimo\u00a0<a style=\"font-style: inherit;color: #016ca2\" href=\"http:\/\/internacional.elpais.com\/internacional\/2016\/12\/07\/estados_unidos\/1481065274_835481.html\">discurso<\/a>\u00a0sobre la seguridad nacional: \u201cLos terroristas pueden matar a personas inocentes, pero no son una amenaza existencial a nuestra naci\u00f3n, y no podemos cometer el error de elevarlos como si lo fuesen\u201d.<\/p>\n","protected":false},"excerpt":{"rendered":"<p>La reacci\u00f3n del presidente electo a los ataques en Berl\u00edn y Ankara anticipa el giro en la pol\u00edtica de EE UU<\/p>\n","protected":false},"author":5842,"featured_media":0,"comment_status":"open","ping_status":"open","sticky":false,"template":"","format":"standard","meta":{"footnotes":""},"categories":[24],"tags":[],"class_list":["post-469044","post","type-post","status-publish","format-standard","hentry","category-mundo"],"_links":{"self":[{"href":"https:\/\/diarioelpopular.com\/index.php\/wp-json\/wp\/v2\/posts\/469044","targetHints":{"allow":["GET"]}}],"collection":[{"href":"https:\/\/diarioelpopular.com\/index.php\/wp-json\/wp\/v2\/posts"}],"about":[{"href":"https:\/\/diarioelpopular.com\/index.php\/wp-json\/wp\/v2\/types\/post"}],"author":[{"embeddable":true,"href":"https:\/\/diarioelpopular.com\/index.php\/wp-json\/wp\/v2\/users\/5842"}],"replies":[{"embeddable":true,"href":"https:\/\/diarioelpopular.com\/index.php\/wp-json\/wp\/v2\/comments?post=469044"}],"version-history":[{"count":1,"href":"https:\/\/diarioelpopular.com\/index.php\/wp-json\/wp\/v2\/posts\/469044\/revisions"}],"predecessor-version":[{"id":469046,"href":"https:\/\/diarioelpopular.com\/index.php\/wp-json\/wp\/v2\/posts\/469044\/revisions\/469046"}],"wp:attachment":[{"href":"https:\/\/diarioelpopular.com\/index.php\/wp-json\/wp\/v2\/media?parent=469044"}],"wp:term":[{"taxonomy":"category","embeddable":true,"href":"https:\/\/diarioelpopular.com\/index.php\/wp-json\/wp\/v2\/categories?post=469044"},{"taxonomy":"post_tag","embeddable":true,"href":"https:\/\/diarioelpopular.com\/index.php\/wp-json\/wp\/v2\/tags?post=469044"}],"curies":[{"name":"wp","href":"https:\/\/api.w.org\/{rel}","templated":true}]}}