{"id":469305,"date":"2017-01-09T10:39:20","date_gmt":"2017-01-09T15:39:20","guid":{"rendered":"http:\/\/diarioelpopular.com\/?p=469305"},"modified":"2017-01-09T10:39:28","modified_gmt":"2017-01-09T15:39:28","slug":"detenido-en-ee-uu-un-ejecutivo-de-volkswagen-por-el-caso-de-los-motores-trucados","status":"publish","type":"post","link":"https:\/\/diarioelpopular.com\/index.php\/2017\/01\/09\/detenido-en-ee-uu-un-ejecutivo-de-volkswagen-por-el-caso-de-los-motores-trucados\/","title":{"rendered":"Detenido en EE UU un ejecutivo de Volkswagen por el caso de los motores trucados"},"content":{"rendered":"<div id=\"attachment_469306\" style=\"width: 570px\" class=\"wp-caption aligncenter\"><a href=\"https:\/\/diarioelpopular.com\/wp-content\/uploads\/2017\/01\/1478279113_192779_1478279969_noticia_normal_recorte1.jpg\"><img loading=\"lazy\" decoding=\"async\" aria-describedby=\"caption-attachment-469306\" class=\"size-large wp-image-469306\" src=\"https:\/\/diarioelpopular.com\/wp-content\/uploads\/2017\/01\/1478279113_192779_1478279969_noticia_normal_recorte1-560x285.jpg\" alt=\"Una imagen de un empleado de Volkswagen tocando el logotipo de la marca \" width=\"560\" height=\"285\" \/><\/a><p id=\"caption-attachment-469306\" class=\"wp-caption-text\">Una imagen de un empleado de Volkswagen tocando el logotipo de la marca<\/p><\/div>\n<p style=\"color: #444444\">La investigaci\u00f3n en Estados Unidos por el\u00a0<a style=\"font-style: inherit;color: #016ca2\" href=\"http:\/\/economia.elpais.com\/economia\/2015\/09\/22\/actualidad\/1442937136_037332.html\">esc\u00e1ndalo de las emisiones<\/a>\u00a0da sus \u00faltimos coletazos. A la espera de que se conozca la inminente reprimenda del Departamento de Justicia contra\u00a0<a style=\"font-style: inherit;color: #016ca2\" href=\"http:\/\/elpais.com\/tag\/volkswagen\/a\/\">Volkswagen<\/a>, se conoci\u00f3 la pasada madrugada que la oficina federal de investigaci\u00f3n (FBI) arrest\u00f3 a un alto ejecutivo por su participaci\u00f3n en el fraude. Se trata de Oliver Schmidt, antiguo responsable de la oficina que supervisa el cumplimiento de la regulaci\u00f3n.<\/p>\n<p style=\"color: #444444\">El \u00faltimo desenlace de la saga que comenz\u00f3 en septiembre de 2015 lo adelant\u00f3 el The New York Times. Schmidt, que fue arrestado el s\u00e1bado en Florida, estuvo al frente de ese departamento hasta marzo de ese a\u00f1o. Es el segundo directivo en EE UU a manos de la justicia. El pasado mes de septiembre se declar\u00f3 culpable James Liang, un\u00a0<a style=\"font-style: inherit;color: #016ca2\" href=\"http:\/\/economia.elpais.com\/economia\/2016\/09\/09\/actualidad\/1473433552_330003.html\">veterano ingeniero que form\u00f3 parte del n\u00facleo duro de t\u00e9cnicos<\/a>\u00a0que particip\u00f3 en el desarrollo del sistema electr\u00f3nico que permiti\u00f3 falsear la emisiones.<\/p>\n<p style=\"color: #444444\">El fraude afect\u00f3 a cerca de 600.000 autom\u00f3viles en Estados Unidos, en su mayor\u00eda veh\u00edculos de peque\u00f1a cilindrada. Volkswagen admiti\u00f3 que viol\u00f3 la lesgilaci\u00f3n y las ventas de coches con estos motores fue suspendida. En junio fue arrestado otro directivo de\u00a0<a style=\"font-style: inherit;color: #016ca2\" href=\"http:\/\/economia.elpais.com\/economia\/2016\/08\/02\/actualidad\/1470142491_696885.html\">la oficina en Corea del Sur<\/a>. El arrestado de Corea del Sur, de 52 a\u00f1os, fue identificado por su apellido, Yook, y se enfrentaba a cargos por falsificaci\u00f3n de documentos y violaci\u00f3n de la Ley de Conservaci\u00f3n del Aire, entre otros.<\/p>\n<p style=\"color: #444444\">Schmidt tiene previsto comparecer este lunes en un tribunal en Miami (Florida) acusado de conspiraci\u00f3n para cometer un fraude. La compa\u00f1\u00eda alemana ha llegado a un acuerdo para indemnizar en Estados Unidos a los propietarios de los casi 500.000 veh\u00edculos con motores diesel de dos litros vendidos en el pa\u00eds as\u00ed como a las autoridades estadounidenses, por el que va a desembolsar 17.500 millones de d\u00f3lares. Tambi\u00e9n pact\u00f3 con los concesionarios y le acaban de autorizar el plan para compensar a los due\u00f1os de coches de gran cilindrada.<\/p>\n","protected":false},"excerpt":{"rendered":"<p>La compa\u00f1\u00eda tiene previsto cerrar esta semana un acuerdo con el Departamento de Justicia de EE UU<\/p>\n","protected":false},"author":5842,"featured_media":0,"comment_status":"open","ping_status":"open","sticky":false,"template":"","format":"standard","meta":{"footnotes":""},"categories":[24],"tags":[],"class_list":["post-469305","post","type-post","status-publish","format-standard","hentry","category-mundo"],"_links":{"self":[{"href":"https:\/\/diarioelpopular.com\/index.php\/wp-json\/wp\/v2\/posts\/469305","targetHints":{"allow":["GET"]}}],"collection":[{"href":"https:\/\/diarioelpopular.com\/index.php\/wp-json\/wp\/v2\/posts"}],"about":[{"href":"https:\/\/diarioelpopular.com\/index.php\/wp-json\/wp\/v2\/types\/post"}],"author":[{"embeddable":true,"href":"https:\/\/diarioelpopular.com\/index.php\/wp-json\/wp\/v2\/users\/5842"}],"replies":[{"embeddable":true,"href":"https:\/\/diarioelpopular.com\/index.php\/wp-json\/wp\/v2\/comments?post=469305"}],"version-history":[{"count":1,"href":"https:\/\/diarioelpopular.com\/index.php\/wp-json\/wp\/v2\/posts\/469305\/revisions"}],"predecessor-version":[{"id":469307,"href":"https:\/\/diarioelpopular.com\/index.php\/wp-json\/wp\/v2\/posts\/469305\/revisions\/469307"}],"wp:attachment":[{"href":"https:\/\/diarioelpopular.com\/index.php\/wp-json\/wp\/v2\/media?parent=469305"}],"wp:term":[{"taxonomy":"category","embeddable":true,"href":"https:\/\/diarioelpopular.com\/index.php\/wp-json\/wp\/v2\/categories?post=469305"},{"taxonomy":"post_tag","embeddable":true,"href":"https:\/\/diarioelpopular.com\/index.php\/wp-json\/wp\/v2\/tags?post=469305"}],"curies":[{"name":"wp","href":"https:\/\/api.w.org\/{rel}","templated":true}]}}