{"id":469342,"date":"2017-01-10T16:35:26","date_gmt":"2017-01-10T21:35:26","guid":{"rendered":"http:\/\/diarioelpopular.com\/?p=469342"},"modified":"2017-01-10T16:35:33","modified_gmt":"2017-01-10T21:35:33","slug":"la-decepcion-de-la-dama","status":"publish","type":"post","link":"https:\/\/diarioelpopular.com\/index.php\/2017\/01\/10\/la-decepcion-de-la-dama\/","title":{"rendered":"La decepci\u00f3n de la dama"},"content":{"rendered":"<div id=\"attachment_469343\" style=\"width: 570px\" class=\"wp-caption aligncenter\"><a href=\"https:\/\/diarioelpopular.com\/wp-content\/uploads\/2017\/01\/1483640044_209400_1484047353_noticia_normal_recorte1.jpg\"><img loading=\"lazy\" decoding=\"async\" aria-describedby=\"caption-attachment-469343\" class=\"size-large wp-image-469343\" src=\"https:\/\/diarioelpopular.com\/wp-content\/uploads\/2017\/01\/1483640044_209400_1484047353_noticia_normal_recorte1-560x298.jpg\" alt=\"Aung San Suu Kyi, s\u00edmbolo de la lucha democr\u00e1tica en Myanmar \" width=\"560\" height=\"298\" \/><\/a><p id=\"caption-attachment-469343\" class=\"wp-caption-text\">Aung San Suu Kyi, s\u00edmbolo de la lucha democr\u00e1tica en Myanmar<\/p><\/div>\n<p class=\"IDE02TXTGENERALCAP6\" style=\"color: #444444\">Casi tres d\u00e9cadas ha tardado\u00a0<a style=\"font-style: inherit;color: #016ca2\" href=\"http:\/\/elpais.com\/tag\/aung_san_suu_kyi\/a\" target=\"_blank\">Aung San Suu Kyi<\/a>, s\u00edmbolo de\u00a0<a style=\"font-style: inherit;color: #016ca2\" href=\"http:\/\/internacional.elpais.com\/internacional\/2015\/11\/08\/actualidad\/1446995083_932354.html\" target=\"_blank\">la defensa de la democracia en Asia<\/a>, en llegar al poder en Myanmar (antigua Birmania). Pero han bastado unos pocos meses para que la\u00a0<a style=\"font-style: inherit;color: #016ca2\" href=\"http:\/\/internacional.elpais.com\/internacional\/2016\/03\/22\/actualidad\/1458658243_877617.html\" target=\"_blank\">actual ministra de Exteriores del pa\u00eds<\/a>,<a style=\"font-style: inherit;color: #016ca2\" href=\"http:\/\/internacional.elpais.com\/internacional\/2016\/03\/15\/actualidad\/1458023992_201337.html\" target=\"_blank\">considerada la l\u00edder\u00a0<em>de facto<\/em>\u00a0del primer Gobierno birmano salido de las urnas<\/a>\u00a0y constituido en marzo,\u00a0<a style=\"font-style: inherit;color: #016ca2\" href=\"http:\/\/internacional.elpais.com\/internacional\/2015\/11\/10\/actualidad\/1447174952_524775.html\" target=\"_blank\">tenga que hacer frente a los sinsabores de la\u00a0<em>realpolitik<\/em><\/a>.<\/p>\n<p class=\"IDE02TXTGENERALSANGRIA\" style=\"color: #444444\">La carism\u00e1tica\u00a0<em>dama<\/em>, como se la conoce popularmente, es objeto de las cr\u00edticas, tanto en casa como en el extranjero, por la lentitud en los cambios para avanzar hacia una democracia real y por la forma\u00a0<a style=\"font-style: inherit;color: #016ca2\" href=\"http:\/\/internacional.elpais.com\/internacional\/2012\/08\/09\/actualidad\/1344522126_822474.html\" target=\"_blank\">con la que se est\u00e1n gestionando los conflictos \u00e9tnicos.<\/a>\u00a0El reproche m\u00e1s visible lleg\u00f3 la semana pasada, cuando un grupo de 23 activistas, entre ellos media docena de premios Nobel de la Paz,<a style=\"font-style: inherit;color: #016ca2\" href=\"http:\/\/internacional.elpais.com\/internacional\/2012\/06\/16\/actualidad\/1339848038_227557.html\" target=\"_blank\">galard\u00f3n que la propia Suu Kyi recibi\u00f3 en 1991<\/a>, firmaron una carta en la que le recriminaron la inacci\u00f3n del Gobierno birmano\u00a0<a style=\"font-style: inherit;color: #016ca2\" href=\"http:\/\/internacional.elpais.com\/internacional\/2015\/05\/28\/actualidad\/1432829640_169049.html?rel=mas\" target=\"_blank\">frente a la \u201climpieza \u00e9tnica y los cr\u00edmenes contra la humanidad\u201d<\/a>\u00a0que est\u00e1 sufriendo la minor\u00eda\u00a0<a style=\"font-style: inherit;color: #016ca2\" href=\"http:\/\/internacional.elpais.com\/internacional\/2012\/08\/08\/actualidad\/1344442806_785368.html\" target=\"_blank\">musulmana rohiny\u00e1, masacrada por el Ej\u00e9rcito<\/a>, sin que se permita el acceso de ayuda humanitaria.<\/p>\n<section id=\"sumario_1|apoyos\" class=\"sumario_apoyos izquierda\" style=\"color: #444444\"><a style=\"font-style: inherit;color: #016ca2\" name=\"sumario_1\"><\/a><\/p>\n<div class=\"sumario__interior\" style=\"font-style: inherit\">\n<header class=\"sumario-encabezado\" style=\"font-style: inherit\">\n<h3 class=\"sumario-titulo\" style=\"font-style: inherit;color: #111111\"><span class=\"sin_enlace\" style=\"font-weight: inherit;font-style: inherit\">M\u00c1S INFORMACI\u00d3N<\/span><\/h3>\n<\/header>\n<div class=\"sumario-texto\" style=\"font-style: inherit\">\n<div class=\"apoyos\" style=\"font-style: inherit\">\n<ul class=\"apoyos-listado\" style=\"font-style: inherit\">\n<li class=\"apoyo_normal apoyo_sinfoto\" style=\"font-style: inherit\"><span class=\"apoyo-titulo\" style=\"font-style: inherit\"><a style=\"font-style: inherit;color: #000000\" href=\"http:\/\/elpais.com\/elpais\/2015\/12\/01\/opinion\/1448982436_530873.html\">Votar puede m\u00e1s que las balas<\/a><\/span><\/li>\n<li class=\"apoyo_normal apoyo_sinfoto\" style=\"font-style: inherit\"><span class=\"apoyo-titulo\" style=\"font-style: inherit\"><a style=\"font-style: inherit;color: #000000\" href=\"http:\/\/internacional.elpais.com\/internacional\/2015\/11\/09\/actualidad\/1447093736_343096.html\">El partido de los militares acepta su derrota<\/a><\/span><\/li>\n<li class=\"apoyo_ apoyo_sinfoto\" style=\"font-style: inherit\"><span class=\"apoyo-titulo\" style=\"font-style: inherit\"><a style=\"font-style: inherit;color: #000000\" href=\"http:\/\/internacional.elpais.com\/internacional\/2015\/11\/11\/actualidad\/1447240614_912889.html\">El presidente birmano acepta reunirse con la premio nobel Aung San Suu Kyi<\/a><\/span><\/li>\n<\/ul>\n<\/div>\n<\/div>\n<\/div>\n<\/section>\n<p class=\"IDE02TXTGENERALSANGRIA\" style=\"color: #444444\">La dirigente pol\u00edtica sugiri\u00f3 hace unos meses dejar de utilizar el t\u00e9rmino rohiny\u00e1 o bengal\u00ed a la hora de referirse a este grupo para, seg\u00fan ella, facilitar una \u201csoluci\u00f3n pac\u00edfica y sensible a los problemas del pa\u00eds\u201d. Sin embargo, para muchos este gesto muestra que Suu Kyi se ha alineado con la l\u00ednea dura del nacionalismo budista, que considera que los rohiny\u00e1, a pesar de llevar generaciones viviendo en Myanmar,\u00a0<a style=\"font-style: inherit;color: #016ca2\" href=\"http:\/\/elpais.com\/elpais\/2016\/05\/31\/planeta_futuro\/1464691252_762723.html\" target=\"_blank\">deben seguir siendo tratados como inmigrantes ilegales venidos de Bangladesh<\/a>\u00a0y no deben formar parte de las 135 etnias reconocidas en este pa\u00eds de mayor\u00eda budista. La actual ministra no se\u00a0<a style=\"font-style: inherit;color: #016ca2\" href=\"http:\/\/internacional.elpais.com\/internacional\/2015\/05\/18\/actualidad\/1431954879_076771.html\" target=\"_blank\">pronunci\u00f3 en mayo de 2015 cuando cientos de ellos se ahogaban en el mar<\/a>\u00a0abandonados por las mafias que promet\u00edan llevarles a Malasia para huir de la persecuci\u00f3n.<\/p>\n<p class=\"IDE02TXTGENERALSANGRIA\" style=\"color: #444444\">El silencio resulta especialmente sangrante al tratarse de una activista venerada mundialmente, durante a\u00f1os, por\u00a0<a style=\"font-style: inherit;color: #016ca2\" href=\"http:\/\/internacional.elpais.com\/internacional\/2009\/05\/14\/actualidad\/1242252005_850215.html\" target=\"_blank\">su firme resistencia frente a la Junta Militar que ha gobernado el pa\u00eds desde 1962.<\/a>\u00a0A finales de los ochenta Suu Kyi (Yang\u00f3n, 1945) dej\u00f3 las comodidades de Oxford, donde viv\u00eda con su marido, el profesor brit\u00e1nico Michael Aris, y sus dos hijos, para unirse a la protesta que exig\u00eda el fin de la dictadura militar. Su implicaci\u00f3n en esta lucha empez\u00f3 de forma accidental, porque su objetivo al volver era cuidar de su madre enferma. \u00danica hija del h\u00e9roe de la independencia birmana, Aung San se uni\u00f3 a las manifestaciones y\u00a0<a style=\"font-style: inherit;color: #016ca2\" href=\"http:\/\/elpais.com\/diario\/2007\/10\/01\/internacional\/1191189604_850215.html\" target=\"_blank\">se convirti\u00f3 r\u00e1pidamente en un s\u00edmbolo de resistencia y lucha por los derechos humanos<\/a>\u00a0inspirado en los movimientos pac\u00edficos como el de Mahatma Gandhi. Las movilizaciones fueron reprimidas violentamente por los soldados. S<a style=\"font-style: inherit;color: #016ca2\" href=\"http:\/\/elpais.com\/diario\/2010\/11\/14\/internacional\/1289689201_850215.html\" target=\"_blank\">uu Kyi pag\u00f3 su desaf\u00edo con 15 a\u00f1os de arresto domiciliario<\/a>\u00a0(en varios periodos hasta 2010), aislada del mundo exterior a excepci\u00f3n de una peque\u00f1a radio y algunas visitas autorizadas. Durante esos a\u00f1os su historia traspas\u00f3 fronteras y se populariz\u00f3 hasta el punto de que Bono, el cantante de U2, escribi\u00f3 una canci\u00f3n sobre ella (<em>Walk on<\/em>).<\/p>\n<p class=\"IDE02TXTGENERALSANGRIA\" style=\"color: #444444\">A\u00f1os de presi\u00f3n llevaron a la Junta a convocar elecciones en 1990. El partido de la dama (la Liga Nacional de la Democracia, fundado por ella en 1988) gan\u00f3 por amplia mayor\u00eda cuando ella se encontraba bajo arresto domiciliario. P<a style=\"font-style: inherit;color: #016ca2\" href=\"http:\/\/elpais.com\/diario\/1990\/05\/27\/internacional\/643759205_850215.html\" target=\"_blank\">ero los militares no aceptaron los resultados y se mantuvieron en el poder<\/a>.\u00a0<a style=\"font-style: inherit;color: #016ca2\" href=\"http:\/\/internacional.elpais.com\/internacional\/2015\/11\/06\/actualidad\/1446839885_499543.html\" target=\"_blank\">En noviembre de 2015 se volvieron a celebrar unos comicios libres<\/a>\u00a0que dieron la victoria a la formaci\u00f3n pol\u00edtica de Suu Kyi.<\/p>\n<p class=\"IDE02TXTGENERALSANGRIA\" style=\"color: #444444\">La Junta acept\u00f3 en esta ocasi\u00f3n los resultados pero con limitaciones. En una treta para mantenerla alejada del poder, los militares incluyeron una cl\u00e1usula en la Constituci\u00f3n que estipula que el jefe de Estado no puede tener ning\u00fan familiar extranjero, lo que deja a Suu Kyi fuera de la presidencia. Adem\u00e1s, siguen manteniendo el control de los ministerios del Interior, Defensa y el dominio sobre las fronteras. No obstante, y aunque es solo ministra de Exteriores, est\u00e1 considerada la verdadera dirigente del pa\u00eds. El presidente, Htin Kyaw, y ella son muy cercanos. La constituci\u00f3n del nuevo Gobierno, el primero democr\u00e1tico, el 30 de marzo pasado, se vio como un ejemplo extraordinario de transici\u00f3n pac\u00edfica a la democracia.<\/p>\n<p class=\"IDE02TXTGENERALSANGRIA\" style=\"color: #444444\">Las expectativas puestas en Suu Kyi eran tan elevadas como dif\u00edciles de colmar. Nadie dudaba que iba a tener que hacer malabarismos para combinar idealismo y pragmatismo en un pa\u00eds que cuenta con una buena lista de problemas.\u00a0<a style=\"font-style: inherit;color: #016ca2\" href=\"http:\/\/economia.elpais.com\/economia\/2014\/11\/07\/actualidad\/1415359897_868897.html\" target=\"_blank\">La gesti\u00f3n de la econom\u00eda ha topado con algunas cr\u00edticas<\/a>. Algunos analistas consideran que Suu Kyi no est\u00e1 poniendo en marcha las reformas necesarias con la suficiente diligencia, mientras otros destacan que en un pa\u00eds cuya infraestructura econ\u00f3mica y de transporte data de la \u00e9poca colonial requiere cambios meditados y no apresurados. Pese al lento arranque de las tareas de Gobierno,\u00a0<a style=\"font-style: inherit;color: #016ca2\" href=\"http:\/\/economia.elpais.com\/economia\/2016\/10\/04\/actualidad\/1475610713_184290.html\" target=\"_blank\">el Banco Mundial prev\u00e9 un crecimiento del 7% entre 2015 y 2016, uno de los m\u00e1s robustos de toda Asia<\/a>. El pron\u00f3stico para el siguiente ejercicio es que se acelere al 7,8%.<\/p>\n<p class=\"IDE02TXTGENERALSANGRIA\" style=\"color: #444444\">Las dudas sobre la gesti\u00f3n de la dama no han hecho apenas mella en su popularidad en Myanmar, donde es ampliamente admirada y seguida. Pero su imagen en el extranjero s\u00ed que se est\u00e1 viendo perjudicada por los abusos cometidos por el Ej\u00e9rcito contra los rohiny\u00e1 (la mayor\u00eda de la poblaci\u00f3n apoya al Gobierno en este asunto). La ofensiva del Ej\u00e9rcito es la m\u00e1s sangrienta desde 2012, cuando la violencia oblig\u00f3 a miles de personas a vivir en campos de desplazados.<\/p>\n<p style=\"color: #444444\">El Gobierno de Suu Kyi niega las acusaciones de las ONG que denuncian la cruenta ofensiva del Ej\u00e9rcito y descarta algunas de ellas como \u201cfabricaciones\u201d. Al mismo tiempo, ha prohibido la entrada en la zona a los periodistas independientes u observadores de los derechos humanos. El lustre de la dama se ha apagado a los ojos de la comunidad internacional. Ha sido \u201cuna decepci\u00f3n\u201d, resaltan en la carta publicada por los premios Nobel, entre ellos el arzobispo sudafricano Desmond Tutu y la activista paquistan\u00ed Malala Yousafzai.<\/p>\n","protected":false},"excerpt":{"rendered":"<p>Aung San Suu Kyi, s\u00edmbolo de la lucha democr\u00e1tica en Myanmar, objeto de las cr\u00edticas por no defender a una minor\u00eda<\/p>\n","protected":false},"author":5842,"featured_media":0,"comment_status":"open","ping_status":"open","sticky":false,"template":"","format":"standard","meta":{"footnotes":""},"categories":[24],"tags":[],"class_list":["post-469342","post","type-post","status-publish","format-standard","hentry","category-mundo"],"_links":{"self":[{"href":"https:\/\/diarioelpopular.com\/index.php\/wp-json\/wp\/v2\/posts\/469342","targetHints":{"allow":["GET"]}}],"collection":[{"href":"https:\/\/diarioelpopular.com\/index.php\/wp-json\/wp\/v2\/posts"}],"about":[{"href":"https:\/\/diarioelpopular.com\/index.php\/wp-json\/wp\/v2\/types\/post"}],"author":[{"embeddable":true,"href":"https:\/\/diarioelpopular.com\/index.php\/wp-json\/wp\/v2\/users\/5842"}],"replies":[{"embeddable":true,"href":"https:\/\/diarioelpopular.com\/index.php\/wp-json\/wp\/v2\/comments?post=469342"}],"version-history":[{"count":1,"href":"https:\/\/diarioelpopular.com\/index.php\/wp-json\/wp\/v2\/posts\/469342\/revisions"}],"predecessor-version":[{"id":469344,"href":"https:\/\/diarioelpopular.com\/index.php\/wp-json\/wp\/v2\/posts\/469342\/revisions\/469344"}],"wp:attachment":[{"href":"https:\/\/diarioelpopular.com\/index.php\/wp-json\/wp\/v2\/media?parent=469342"}],"wp:term":[{"taxonomy":"category","embeddable":true,"href":"https:\/\/diarioelpopular.com\/index.php\/wp-json\/wp\/v2\/categories?post=469342"},{"taxonomy":"post_tag","embeddable":true,"href":"https:\/\/diarioelpopular.com\/index.php\/wp-json\/wp\/v2\/tags?post=469342"}],"curies":[{"name":"wp","href":"https:\/\/api.w.org\/{rel}","templated":true}]}}