{"id":469365,"date":"2017-01-10T16:54:33","date_gmt":"2017-01-10T21:54:33","guid":{"rendered":"http:\/\/diarioelpopular.com\/?p=469365"},"modified":"2017-01-10T16:54:40","modified_gmt":"2017-01-10T21:54:40","slug":"estas-son-las-consecuencias-globales-del-deshielo-del-artico","status":"publish","type":"post","link":"https:\/\/diarioelpopular.com\/index.php\/2017\/01\/10\/estas-son-las-consecuencias-globales-del-deshielo-del-artico\/","title":{"rendered":"Estas son las consecuencias globales del deshielo del \u00c1rtico"},"content":{"rendered":"<div id=\"attachment_469366\" style=\"width: 570px\" class=\"wp-caption aligncenter\"><a href=\"https:\/\/diarioelpopular.com\/wp-content\/uploads\/2017\/01\/1483638682_214325_1483712876_noticia_normal_recorte1.jpg\"><img loading=\"lazy\" decoding=\"async\" aria-describedby=\"caption-attachment-469366\" class=\"size-large wp-image-469366\" src=\"https:\/\/diarioelpopular.com\/wp-content\/uploads\/2017\/01\/1483638682_214325_1483712876_noticia_normal_recorte1-560x373.jpg\" alt=\"Imagen tomada durante una expedici\u00f3n de Greenpeace en el \u00c1rtico.\" width=\"560\" height=\"373\" \/><\/a><p id=\"caption-attachment-469366\" class=\"wp-caption-text\">Imagen tomada durante una expedici\u00f3n de Greenpeace en el \u00c1rtico.<\/p><\/div>\n<p style=\"color: #444444\">En el\u00a0<a style=\"font-style: inherit;color: #016ca2\" href=\"http:\/\/sociedad.elpais.com\/sociedad\/2014\/09\/22\/actualidad\/1411408189_325774.html\" target=\"_blank\">verano de 2014, uno de los m\u00e1s c\u00e1lidos en lo que va de siglo<\/a>, se produjeron casi un centenar de infecciones por bacterias del g\u00e9nero\u00a0<em>vibrio<\/em>, entre las que est\u00e1 la causante del c\u00f3lera, en las costas de Suecia y Finlandia. Algunos de los casos se dieron a apenas 160 kil\u00f3metros del C\u00edrculo Polar \u00c1rtico. El clima est\u00e1 tan trastocado por el cambio clim\u00e1tico que una enfermedad asociada al tr\u00f3pico est\u00e1 emigrando tan al norte.\u00a0<a style=\"font-style: inherit;color: #016ca2\" href=\"http:\/\/elpais.com\/elpais\/2016\/01\/29\/ciencia\/1454072455_632571.html\" target=\"_blank\">La emergencia de enfermedades y pat\u00f3genos<\/a>\u00a0es solo una de las consecuencias que tendr\u00e1 el deshielo del \u00c1rtico para todos.<\/p>\n<p style=\"color: #444444\">Bacterias en el mar y virus en la tierra.\u00a0<a style=\"font-style: inherit;color: #016ca2\" href=\"http:\/\/internacional.elpais.com\/internacional\/2016\/08\/02\/actualidad\/1470153337_792504.html\" target=\"_blank\">Aunque el calentamiento sea global, hay regiones del planeta que se calientan m\u00e1s que otras<\/a>. En el \u00e1rtico se produce un efecto denominado amplificaci\u00f3n \u00e1rtica por el que el deshielo all\u00ed es m\u00e1s acusado que en otras regiones heladas.\u00a0<a style=\"font-style: inherit;color: #016ca2\" href=\"http:\/\/elpais.com\/elpais\/2016\/09\/21\/videos\/1474448453_826391.html\" target=\"_blank\">La explicaci\u00f3n breve dice que la retirada del hielo<\/a>en favor del agua reduce la capacidad de la regi\u00f3n de rebotar la radiaci\u00f3n solar. Esto hace que se caliente a\u00fan m\u00e1s y retroalimente el deshielo, lo que puede flanquear el paso a pat\u00f3genos, algunos venidos del pasado.<\/p>\n<section id=\"sumario_1|apoyos\" class=\"sumario_apoyos derecha\" style=\"color: #444444\"><a style=\"font-style: inherit;color: #016ca2\" name=\"sumario_1\"><\/a><\/p>\n<div class=\"sumario__interior\" style=\"font-style: inherit\">\n<header class=\"sumario-encabezado\" style=\"font-style: inherit\">\n<h3 class=\"sumario-titulo\" style=\"font-style: inherit;color: #111111\"><span class=\"sin_enlace\" style=\"font-weight: inherit;font-style: inherit\">M\u00c1S INFORMACI\u00d3N<\/span><\/h3>\n<\/header>\n<div class=\"sumario-texto\" style=\"font-style: inherit\">\n<div class=\"apoyos\" style=\"font-style: inherit\">\n<ul class=\"apoyos-listado\" style=\"font-style: inherit\">\n<li class=\"apoyo_normal apoyo_foto\" style=\"font-style: inherit\">\n<figure class=\"foto foto_w140\" style=\"font-style: inherit\"><img loading=\"lazy\" decoding=\"async\" style=\"font-style: inherit\" title=\"Estas son las consecuencias globales del deshielo del \u00c1rtico\" src=\"http:\/\/ep01.epimg.net\/elpais\/imagenes\/2017\/01\/05\/ciencia\/1483638682_214325_1483713465_sumarioapoyo_normal.jpg\" alt=\"Estas son las consecuencias globales del deshielo del \u00c1rtico\" width=\"140\" height=\"100\" \/><\/figure>\n<p><span class=\"apoyo-titulo\" style=\"font-style: inherit\"><a style=\"font-style: inherit;color: #000000\" href=\"http:\/\/elpais.com\/elpais\/2017\/01\/05\/ciencia\/1483641450_746829.html\">Un verano sin nieve en el \u00c1rtico<\/a><\/span><\/li>\n<li class=\"apoyo_normal apoyo_sinfoto\" style=\"font-style: inherit\"><span class=\"apoyo-titulo\" style=\"font-style: inherit\"><a style=\"font-style: inherit;color: #000000\" href=\"http:\/\/elpais.com\/elpais\/2017\/01\/06\/ciencia\/1483713669_622665.html\">Carrera de tortugas por los recursos energ\u00e9ticos<\/a><\/span><\/li>\n<\/ul>\n<\/div>\n<\/div>\n<\/div>\n<\/section>\n<p style=\"color: #444444\">Aunque no se las vea, las bacterias marinas son el principal componente de la biomasa marina. Algunas especies, como las\u00a0<em>vibrio<\/em>, que son pat\u00f3genas.\u00a0<a style=\"font-style: inherit;color: #016ca2\" href=\"http:\/\/elpais.com\/elpais\/2016\/10\/31\/ciencia\/1477929271_546370.html\" target=\"_blank\">El otro peligro viene de los hielos y el\u00a0<em>permafrost<\/em>\u00a0de las franjas norte\u00f1as de Siberia, Canad\u00e1 y Groenlandia<\/a>\u00a0que se est\u00e1n derritiendo. Investigadores del CSIC encontraron en junio de 2015 ADN de virus hasta ahora desconocidos en lagos de Svalbard. Dos meses despu\u00e9s se daba a conocer el desentierro de un virus de hac\u00eda 30.000 a\u00f1os atrapado en el hielo siberiano.<\/p>\n<p style=\"color: #444444\">El oso h\u00edbrido. Hace 10 a\u00f1os, un extra\u00f1o oso fue abatido en el norte de Canad\u00e1. Era extra\u00f1o por su apariencia y un an\u00e1lisis de ADN confirm\u00f3 la extra\u00f1eza. Se trataba de un ejemplar nacido de un oso pardo o<em>grizzly<\/em>\u00a0y un oso polar. Alg\u00fan ingenioso lo bautiz\u00f3 como grolar. El avistamiento de osos grolar no ha dejado de aumentar en estos a\u00f1os, as\u00ed como los encontronazos entre ambas especies. El deshielo del \u00e1rtico est\u00e1 empujando al polar tierra adentro y al\u00a0<em>grizzly<\/em>cada vez m\u00e1s al norte. Pero el impacto ecol\u00f3gico del deshielo est\u00e1 afectando a todo el ecosistema \u00e1rtico. Desde el microsc\u00f3pico plancton, que tiene que lidiar con el aumento de la temperatura y la acidez del agua, hasta la migraci\u00f3n anual de las ballenas.<\/p>\n<h4 style=\"font-weight: inherit;color: #111111\">\u00bfY el anticicl\u00f3n de las Azores?<\/h4>\n<p style=\"color: #444444\">Aunque son muchos los factores que intervienen en el clima, la mencionada amplificaci\u00f3n \u00e1rtica ha dibujado el escenario de un polo norte casi sin hielo durante muchos meses en solo unas d\u00e9cadas. Esa agua es, por definici\u00f3n m\u00e1s caliente que el hielo. Los cient\u00edficos ya est\u00e1n investigando c\u00f3mo afectar\u00e1 esto a la circulaci\u00f3n oce\u00e1nica y las corrientes de aire asociadas que determinan buena parte del clima en todo el planeta.<\/p>\n<h4 style=\"font-weight: inherit;color: #111111\">Un coste de billones de euros.<\/h4>\n<p style=\"color: #444444\">Investigadores de la Universidad de Cambridge han estimado el impacto econ\u00f3mico que tendr\u00e1 el deshielo no de todo el \u00c1rtico,\u00a0<a style=\"font-style: inherit;color: #016ca2\" href=\"http:\/\/elpais.com\/diario\/2011\/11\/23\/sociedad\/1322002807_850215.html\" target=\"_blank\">sino solo del\u00a0<em>permafrost<\/em>, del hielo atrapado en las tierras que rodean el \u00c1rtico<\/a>. Para finales de siglo, la cantidad extra de emisiones tendr\u00e1 un impacto de m\u00e1s de 40 billones de euros.<\/p>\n<h4 style=\"font-weight: inherit;color: #111111\">Menos hielo, mas cambio clim\u00e1tico.<\/h4>\n<p style=\"color: #444444\">Es la gran paradoja. El cambio clim\u00e1tico derrite el hielo del \u00c1rtico y esto retroalimenta al cambio clim\u00e1tico. Un amplio informe de las Academias de Ciencias de EE UU (de obligada lectura) sobre los impactos globales del deshielo del \u00c1rtico de 2015 destacaba c\u00f3mo la reducci\u00f3n del efecto albedo, la liberaci\u00f3n del metano y el carbono atrapados en el permafrost o la alteraci\u00f3n de la circulaci\u00f3n oce\u00e1nica intensificar\u00e1n el calentamiento global. Y eso, probablemente, acabe con el hielo que quede en el \u00c1rtico.<\/p>\n","protected":false},"excerpt":{"rendered":"<p>Enfermedades, bacterias y migraciones, principales efectos de un proceso dif\u00edcilmente controlable<\/p>\n","protected":false},"author":5842,"featured_media":0,"comment_status":"open","ping_status":"open","sticky":false,"template":"","format":"standard","meta":{"footnotes":""},"categories":[24],"tags":[],"class_list":["post-469365","post","type-post","status-publish","format-standard","hentry","category-mundo"],"_links":{"self":[{"href":"https:\/\/diarioelpopular.com\/index.php\/wp-json\/wp\/v2\/posts\/469365","targetHints":{"allow":["GET"]}}],"collection":[{"href":"https:\/\/diarioelpopular.com\/index.php\/wp-json\/wp\/v2\/posts"}],"about":[{"href":"https:\/\/diarioelpopular.com\/index.php\/wp-json\/wp\/v2\/types\/post"}],"author":[{"embeddable":true,"href":"https:\/\/diarioelpopular.com\/index.php\/wp-json\/wp\/v2\/users\/5842"}],"replies":[{"embeddable":true,"href":"https:\/\/diarioelpopular.com\/index.php\/wp-json\/wp\/v2\/comments?post=469365"}],"version-history":[{"count":1,"href":"https:\/\/diarioelpopular.com\/index.php\/wp-json\/wp\/v2\/posts\/469365\/revisions"}],"predecessor-version":[{"id":469367,"href":"https:\/\/diarioelpopular.com\/index.php\/wp-json\/wp\/v2\/posts\/469365\/revisions\/469367"}],"wp:attachment":[{"href":"https:\/\/diarioelpopular.com\/index.php\/wp-json\/wp\/v2\/media?parent=469365"}],"wp:term":[{"taxonomy":"category","embeddable":true,"href":"https:\/\/diarioelpopular.com\/index.php\/wp-json\/wp\/v2\/categories?post=469365"},{"taxonomy":"post_tag","embeddable":true,"href":"https:\/\/diarioelpopular.com\/index.php\/wp-json\/wp\/v2\/tags?post=469365"}],"curies":[{"name":"wp","href":"https:\/\/api.w.org\/{rel}","templated":true}]}}