{"id":469460,"date":"2017-01-13T11:26:08","date_gmt":"2017-01-13T16:26:08","guid":{"rendered":"http:\/\/diarioelpopular.com\/?p=469460"},"modified":"2017-01-13T11:26:17","modified_gmt":"2017-01-13T16:26:17","slug":"por-que-a-algunas-chicas-el-pecho-les-crece-antes","status":"publish","type":"post","link":"https:\/\/diarioelpopular.com\/index.php\/2017\/01\/13\/por-que-a-algunas-chicas-el-pecho-les-crece-antes\/","title":{"rendered":"Por qu\u00e9 a algunas chicas el pecho les crece antes"},"content":{"rendered":"<div class=\"firma \" style=\"color: #a4a4a4\">\n<div class=\"autor\" style=\"font-style: inherit\"><\/div>\n<div class=\"autor\" style=\"font-style: inherit\">\n<div class=\"autor-texto\" style=\"font-style: inherit\">\n<div id=\"attachment_469461\" style=\"width: 570px\" class=\"wp-caption aligncenter\"><a href=\"https:\/\/diarioelpopular.com\/wp-content\/uploads\/2017\/01\/1483609367_261322_1484303275_noticia_fotograma.jpg\"><img loading=\"lazy\" decoding=\"async\" aria-describedby=\"caption-attachment-469461\" class=\"size-large wp-image-469461\" src=\"https:\/\/diarioelpopular.com\/wp-content\/uploads\/2017\/01\/1483609367_261322_1484303275_noticia_fotograma-560x315.jpg\" alt=\"La pubertad temprana conlleva un mayor riesgo de sufrir enfermedades.\" width=\"560\" height=\"315\" \/><\/a><p id=\"caption-attachment-469461\" class=\"wp-caption-text\">La pubertad temprana conlleva un mayor riesgo de sufrir enfermedades.<\/p><\/div>\n<p><span class=\"autor-nombre\" style=\"font-weight: bold;font-style: inherit\"><a style=\"font-weight: inherit;font-style: inherit;color: #111111\" title=\"Ver todas las noticias de Gillian Willson\" href=\"http:\/\/elpais.com\/autor\/el_pais\/a\/\">GILLIAN WILLSON<\/a><\/span><\/p>\n<\/div>\n<div class=\"autor-texto\" style=\"font-style: inherit\"><\/div>\n<\/div>\n<\/div>\n<p style=\"color: #444444\">Cuando el pecho de una ni\u00f1a empieza a crecer prematuramente, puede ser se\u00f1al de que esta va a contraer determinadas enfermedades en el futuro. Hay\u00a0<a style=\"font-style: inherit;color: #016ca2\" href=\"http:\/\/www.nature.com\/articles\/srep11208\">pruebas<\/a>de que la pubertad temprana conlleva un mayor riesgo de obesidad, diabetes de tipo 2, enfermedades card\u00edacas y c\u00e1ncer, en particular, c\u00e1ncer de mama. Las ni\u00f1as cuyos senos se desarrollan antes de los 10 a\u00f1os tienen un riesgo de sufrir esta enfermedad a lo largo de su vida un 20% superior que aquellas cuyo pecho se desarrolla entre los 11 y los 12 a\u00f1os.<\/p>\n<section id=\"sumario_2|html\" class=\"sumario_html derecha\" style=\"color: #444444\"><a style=\"font-style: inherit;color: #016ca2\" name=\"sumario_2\"><\/a><\/p>\n<div class=\"sumario__interior\" style=\"font-style: inherit\">\n<div class=\"sumario-texto\" style=\"font-style: inherit\">\n<blockquote style=\"font-weight: bold;color: #000000\">\n<p style=\"font-weight: inherit;font-style: inherit\">Hasta ahora los cient\u00edficos no comprend\u00edamos bien los procesos que hacen que algunas chicas desarrollen los senos antes que otras<\/p>\n<\/blockquote>\n<\/div>\n<\/div>\n<\/section>\n<p style=\"color: #444444\">Si pudi\u00e9semos evitar que el pecho creciese antes de tiempo, seguramente lograr\u00edamos reducir el riesgo de que la joven contrajese estas enfermedades. Por desgracia, hasta ahora los cient\u00edficos no comprend\u00edamos bien los procesos que hacen que algunas chicas desarrollen los senos antes que otras, pero los<a style=\"font-style: inherit;color: #016ca2\" href=\"http:\/\/dev.biologists.org\/\">nuevos descubrimientos<\/a>\u00a0de nuestra investigaci\u00f3n en la Universidad de Glasgow resuelven en gran parte el misterio y podr\u00edan tener como resultado importantes implicaciones para la salud.<\/p>\n<p style=\"color: #444444\">Es\u00a0<a style=\"font-style: inherit;color: #016ca2\" href=\"http:\/\/pediatrics.aappublications.org\/content\/early\/2013\/10\/30\/peds.2012-3773\">normal<\/a>\u00a0que a las ni\u00f1as les crezca el pecho alrededor de los 10 a\u00f1os, aunque<a style=\"font-style: inherit;color: #016ca2\" href=\"https:\/\/www.ncbi.nlm.nih.gov\/pubmed\/17489932\">muchas<\/a>\u00a0empiezan antes o despu\u00e9s, lo cual a menudo se considera normal e inofensivo. Sin embargo, el mayor riesgo de que las que lo desarrollan antes acaben contrayendo c\u00e1ncer de mama u otra de las enfermedades mencionadas es un importante motivo de preocupaci\u00f3n, por no hablar de otros problemas psicol\u00f3gicos y f\u00edsicos que pueden presentarse.<\/p>\n<p style=\"color: #444444\">Adem\u00e1s de con posibles sentimientos de aislamiento y verg\u00fcenza, la pubertad temprana est\u00e1\u00a0<a style=\"font-style: inherit;color: #016ca2\" href=\"http:\/\/www.nature.com\/ng\/journal\/v48\/n6\/full\/ng.3551.html\">relacionada<\/a>\u00a0con una actividad sexual precoz, lo cual puede desembocar en da\u00f1os emocionales, as\u00ed como en embarazos no deseados y enfermedades de transmisi\u00f3n sexual. Algunos estudios han mostrado correlaciones con la\u00a0<a style=\"font-style: inherit;color: #016ca2\" href=\"https:\/\/www.researchgate.net\/profile\/Riittakerttu_Kaltiala-Heino\/publication\/10647348_Early_puberty_is_associated_with_mental_health_problems_in_middle_adolescence\/links\/0912f50df117acaf3e000000.pdf\">depresi\u00f3n<\/a>\u00a0y los\u00a0<a style=\"font-style: inherit;color: #016ca2\" href=\"https:\/\/www.ncbi.nlm.nih.gov\/pmc\/articles\/PMC3761220\/\">trastornos alimentarios<\/a>. Adem\u00e1s, las j\u00f3venes que se desarrollan antes\u00a0<a style=\"font-style: inherit;color: #016ca2\" href=\"https:\/\/www.ncbi.nlm.nih.gov\/pubmed\/15073143\">suelen ser<\/a>\u00a0altas para su edad, pero m\u00e1s bajas que las verdaderas adultas.<\/p>\n<section id=\"sumario_3|html\" class=\"sumario_html izquierda\" style=\"color: #444444\"><a style=\"font-style: inherit;color: #016ca2\" name=\"sumario_3\"><\/a><\/p>\n<div class=\"sumario__interior\" style=\"font-style: inherit\">\n<div class=\"sumario-texto\" style=\"font-style: inherit\">\n<p class=\"texto_grande\" style=\"font-weight: bold;font-style: inherit;color: #000000\">La pubertad temprana est\u00e1 relacionada con una actividad sexual precoz, lo cual puede desembocar en da\u00f1os emocionales<\/p>\n<\/div>\n<\/div>\n<\/section>\n<p style=\"color: #444444\">La mala noticia es que en todo el mundo la pubertad\u00a0<a style=\"font-style: inherit;color: #016ca2\" href=\"http:\/\/humupd.oxfordjournals.org\/content\/7\/3\/287.full.pdf\">est\u00e1 empezando<\/a>cada vez m\u00e1s pronto. En Estados Unidos\u00a0<a style=\"font-style: inherit;color: #016ca2\" href=\"http:\/\/www.webmd.com\/children\/guide\/causes-symptoms#1\">se cree<\/a>\u00a0que est\u00e1 apareciendo nada menos que un a\u00f1o antes que hace algunas d\u00e9cadas. Sin embargo, las causas se desconocen en gran parte.<\/p>\n<p style=\"color: #444444\">Diversos trabajos\u00a0<a style=\"font-style: inherit;color: #016ca2\" href=\"https:\/\/www.ncbi.nlm.nih.gov\/pubmed\/17332182\">han demostrado<\/a>\u00a0que guardan relaci\u00f3n con la obesidad infantil. Pero, si bien esta teor\u00eda goza de popularidad, ya que\u00a0<a style=\"font-style: inherit;color: #016ca2\" href=\"http:\/\/press.endocrine.org\/doi\/abs\/10.1210\/jcem.82.9.4235\">sabemos<\/a>\u00a0que la obesidad afecta a los niveles hormonales, no explica por qu\u00e9 el momento de su inicio\u00a0<a style=\"font-style: inherit;color: #016ca2\" href=\"http:\/\/adc.bmj.com\/content\/early\/2016\/09\/26\/archdischild-2016-310475.full\">var\u00eda considerablemente<\/a>\u00a0entre diferentes grupos \u00e9tnicos y socioecon\u00f3micos, y es m\u00e1s temprano en las ni\u00f1as negras y las de or\u00edgenes m\u00e1s pobres.\u00a0<a style=\"font-style: inherit;color: #016ca2\" href=\"https:\/\/www.ncbi.nlm.nih.gov\/pmc\/articles\/PMC3572204\/\">Otra teor\u00eda<\/a>\u00a0es que cada vez estamos m\u00e1s expuestos a agentes qu\u00edmicos ambientales que emulan a las hormonas y pueden estar acelerando la pubertad.<\/p>\n<h3 style=\"color: #111111\">C\u00f3mo se desarrolla el pecho<\/h3>\n<p style=\"color: #444444\">Para que las ni\u00f1as desarrollen el pecho se tiene que formar una fina capa de c\u00e9lulas especializadas, llamadas ramificaciones epiteliales, en el interior de los tejidos. Estas ramificaciones proporcionan a los senos un armaz\u00f3n estructural para el tejido graso que les permite desarrollar su tama\u00f1o y su forma.<\/p>\n<p style=\"color: #444444\">Las ramificaciones siguen creciendo y cambiando durante toda la vida reproductiva de la mujer, algo singular en los tejidos humanos. Paran de crecer al principio de la edad adulta, cuando el pecho est\u00e1 totalmente desarrollado, pero vuelven a hacerlo durante el embarazo para dejar sitio a las gl\u00e1ndulas mamarias, y luego se transforman otra vez cuando la madre deja de dar el pecho.<\/p>\n<section id=\"sumario_4|html\" class=\"sumario_html derecha\" style=\"color: #444444\"><a style=\"font-style: inherit;color: #016ca2\" name=\"sumario_4\"><\/a><\/p>\n<div class=\"sumario__interior\" style=\"font-style: inherit\">\n<div class=\"sumario-texto\" style=\"font-style: inherit\">\n<p class=\"texto_grande\" style=\"font-weight: bold;font-style: inherit;color: #000000\">Las ramificaciones siguen creciendo y cambiando durante toda la vida reproductiva de la mujer<\/p>\n<\/div>\n<\/div>\n<\/section>\n<p style=\"color: #444444\">Las ramificaciones dependen de determinadas hormonas, pero tambi\u00e9n \u2013y esto es fundamental\u2013 de unas c\u00e9lulas del sistema inmunitario llamadas macr\u00f3fagos que les ayudan a cambiar en cada uno de los procesos. Hasta ahora no estaba claro c\u00f3mo llegaban esas c\u00e9lulas al lugar indicado en el momento oportuno.<\/p>\n<p style=\"color: #444444\">Nuestra investigaci\u00f3n ha revelado el papel que desempe\u00f1a en el proceso una mol\u00e9cula inmunitaria llamada ACKR2. Esta mol\u00e9cula impide que los macr\u00f3fagos se desplacen al interior de los senos hasta que la mujer sea lo suficientemente mayor, lo cual evita el desarrollo prematuro del pecho. Hemos descubierto que los ratones que no tienen ACKR2 empiezan la pubertad temprano porque los macr\u00f3fagos llegan a los senos antes de tiempo.<\/p>\n<h3 style=\"color: #111111\">Respuestas futuras<\/h3>\n<p style=\"color: #444444\">Actualmente, los m\u00e9dicos solo retrasan el comienzo de la pubertad en las ni\u00f1as si tiene lugar antes de los siete a\u00f1os y si la causa es un desequilibrio hormonal. Para ello administran medicamentos que evitan que las gl\u00e1ndulas pituitarias produzcan las hormonas que la desencadenan. Ahora que sabemos que la ACKR2 es una mol\u00e9cula clave para prevenir el desarrollo prematuro del pecho, podr\u00edamos tener un argumento de peso para crear nuevas intervenciones farmac\u00e9uticas, sobre todo dada la cantidad de problemas relacionados con esta circunstancia.<\/p>\n<section id=\"sumario_5|html\" class=\"sumario_html izquierda\" style=\"color: #444444\"><a style=\"font-style: inherit;color: #016ca2\" name=\"sumario_5\"><\/a><\/p>\n<div class=\"sumario__interior\" style=\"font-style: inherit\">\n<div class=\"sumario-texto\" style=\"font-style: inherit\">\n<blockquote style=\"font-weight: bold;color: #000000\">\n<p style=\"font-weight: inherit;font-style: inherit\">Ahora que sabemos que la ACKR2 es una mol\u00e9cula clave para prevenir el desarrollo prematuro del pecho<\/p>\n<\/blockquote>\n<\/div>\n<\/div>\n<\/section>\n<p style=\"color: #444444\">El siguiente paso es llevar a cabo estudios en pacientes humanos para descubrir si las j\u00f3venes prep\u00faberes con bajos niveles de ACKR2 van a desarrollar el pecho prematuramente. Si es as\u00ed, se podr\u00eda prevenir la pubertad precoz haciendo una prueba a las ni\u00f1as peque\u00f1as y aumentando los niveles de la mol\u00e9cula para detener el proceso.<\/p>\n<p style=\"color: #444444\">Corresponder\u00eda entonces a los responsables del gasto sanitario decidir si los riesgos de sufrir enfermedades en el futuro, as\u00ed como los dem\u00e1s problemas relacionados con el desarrollo temprano del pecho, son los suficientemente graves para justificar esta medida. Los responsables deber\u00edan que tener en cuenta que los investigadores todav\u00eda tenemos que identificar de manera inequ\u00edvoca los mecanismos moleculares que hacen que la pubertad temprana incremente el riesgo de sufrir enfermedades.<\/p>\n<p style=\"color: #444444\">No obstante, en este momento hay motivos para el optimismo. Podr\u00edamos estar hablando de una intervenci\u00f3n que desembocase en importantes beneficios para la salud y que mejorase la calidad de vida de las ni\u00f1as, tanto en la infancia como en la edad adulta.<\/p>\n<p class=\"nota_pie\" style=\"color: #444444\"><strong style=\"font-style: inherit\">Gillian Willson<\/strong>\u00a0es investigadora asociada del Instituto de Infecci\u00f3n, Inmunidad e Inflamaci\u00f3n de la Universidad de Glasgow.<\/p>\n<p class=\"nota_pie\" style=\"color: #444444\"><strong style=\"font-style: inherit\">Cl\u00e1usula de divulgaci\u00f3n:<\/strong>\u00a0Gillian Wilson recibe financiaci\u00f3n del Consejo de Investigaci\u00f3n M\u00e9dica.<\/p>\n<p class=\"nota_pie\" style=\"color: #444444\"><span style=\"font-style: inherit\">Este art\u00edculo fue publicado originalmente en ingl\u00e9s en la web<\/span>\u00a0<a style=\"font-style: inherit;color: #016ca2\" href=\"https:\/\/theconversation.com\/\">The Conversation.<\/a><\/p>\n","protected":false},"excerpt":{"rendered":"<p>A las ni\u00f1as suele empezar a crecerles el pecho en torno a los 10 a\u00f1os, pero si lo hace prematuramente puede ser se\u00f1al de que va a contraer algunas enfermedades en el futuro<\/p>\n","protected":false},"author":5842,"featured_media":0,"comment_status":"open","ping_status":"open","sticky":false,"template":"","format":"standard","meta":{"footnotes":""},"categories":[24],"tags":[],"class_list":["post-469460","post","type-post","status-publish","format-standard","hentry","category-mundo"],"_links":{"self":[{"href":"https:\/\/diarioelpopular.com\/index.php\/wp-json\/wp\/v2\/posts\/469460","targetHints":{"allow":["GET"]}}],"collection":[{"href":"https:\/\/diarioelpopular.com\/index.php\/wp-json\/wp\/v2\/posts"}],"about":[{"href":"https:\/\/diarioelpopular.com\/index.php\/wp-json\/wp\/v2\/types\/post"}],"author":[{"embeddable":true,"href":"https:\/\/diarioelpopular.com\/index.php\/wp-json\/wp\/v2\/users\/5842"}],"replies":[{"embeddable":true,"href":"https:\/\/diarioelpopular.com\/index.php\/wp-json\/wp\/v2\/comments?post=469460"}],"version-history":[{"count":2,"href":"https:\/\/diarioelpopular.com\/index.php\/wp-json\/wp\/v2\/posts\/469460\/revisions"}],"predecessor-version":[{"id":469463,"href":"https:\/\/diarioelpopular.com\/index.php\/wp-json\/wp\/v2\/posts\/469460\/revisions\/469463"}],"wp:attachment":[{"href":"https:\/\/diarioelpopular.com\/index.php\/wp-json\/wp\/v2\/media?parent=469460"}],"wp:term":[{"taxonomy":"category","embeddable":true,"href":"https:\/\/diarioelpopular.com\/index.php\/wp-json\/wp\/v2\/categories?post=469460"},{"taxonomy":"post_tag","embeddable":true,"href":"https:\/\/diarioelpopular.com\/index.php\/wp-json\/wp\/v2\/tags?post=469460"}],"curies":[{"name":"wp","href":"https:\/\/api.w.org\/{rel}","templated":true}]}}