{"id":469509,"date":"2017-01-15T11:57:46","date_gmt":"2017-01-15T16:57:46","guid":{"rendered":"http:\/\/diarioelpopular.com\/?p=469509"},"modified":"2017-01-15T11:57:54","modified_gmt":"2017-01-15T16:57:54","slug":"obama-deja-un-legado-a-medias-y-en-riesgo-de-demolicion","status":"publish","type":"post","link":"https:\/\/diarioelpopular.com\/index.php\/2017\/01\/15\/obama-deja-un-legado-a-medias-y-en-riesgo-de-demolicion\/","title":{"rendered":"Obama deja un legado a medias y en riesgo de demolici\u00f3n"},"content":{"rendered":"<div class=\"articulo-apertura \" style=\"color: #444444\">\n<div id=\"articulo-introduccion\" class=\"articulo-introduccion\" style=\"font-style: inherit;color: #111111\">\n<div id=\"attachment_469510\" style=\"width: 570px\" class=\"wp-caption aligncenter\"><a href=\"https:\/\/diarioelpopular.com\/wp-content\/uploads\/2017\/01\/1484412816_106970_1484421373_noticia_normal_recorte1.jpg\"><img loading=\"lazy\" decoding=\"async\" aria-describedby=\"caption-attachment-469510\" class=\"size-large wp-image-469510\" src=\"https:\/\/diarioelpopular.com\/wp-content\/uploads\/2017\/01\/1484412816_106970_1484421373_noticia_normal_recorte1-560x291.jpg\" alt=\"Barack Obama saluda antes de entrar en el avi\u00f3n presidencial, en abril de 2015 en Kingston (Jamaica).\" width=\"560\" height=\"291\" \/><\/a><p id=\"caption-attachment-469510\" class=\"wp-caption-text\">Barack Obama saluda antes de entrar en el avi\u00f3n presidencial, en abril de 2015 en Kingston (Jamaica).<\/p><\/div>\n<p style=\"font-style: inherit\">El presidente Barack Obama, que hace ocho a\u00f1os lleg\u00f3 a la Casa Blanca con un mensaje de esperanza y unidad, dejar\u00e1 Estados Unidos en manos de un hombre de negocios que ha conquistado el poder agitando el odio a las minor\u00edas. Nadie esperaba este desenlace cuando el<a style=\"font-style: inherit;color: #016ca2\" href=\"http:\/\/internacional.elpais.com\/internacional\/2009\/01\/20\/actualidad\/1232406013_850215.html\">\u00a020 de enero de 2009<\/a>Obama se convirti\u00f3 en el primer presidente negro. El viernes, Donald Trump le suceder\u00e1. Es dif\u00edcil imaginar personalidades m\u00e1s dispares. Un intelectual frente a un\u00a0<em>showman<\/em>. Un hombre que todo le medita frente a otro que es impulsivo y se gu\u00eda por los instintos depredadores del constructor de Nueva York que fue. Obama quiso transformar su pa\u00eds y el mundo y se top\u00f3 con una realidad compleja. Deja el trabajo a medias y en peligro de demolici\u00f3n.<\/p>\n<\/div>\n<\/div>\n<div id=\"roba_principal\" class=\"envoltorio_publi\" style=\"color: #444444\"><\/div>\n<div id=\"articulo_contenedor\" class=\"articulo__contenedor\" style=\"color: #444444\">\n<div id=\"cuerpo_noticia\" class=\"articulo-cuerpo\" style=\"font-style: inherit\">\n<section id=\"sumario_1|apoyos\" class=\"sumario_apoyos izquierda\" style=\"font-style: inherit\"><a style=\"font-style: inherit;color: #016ca2\" name=\"sumario_1\"><\/a><\/p>\n<div class=\"sumario__interior\" style=\"font-style: inherit\">\n<header class=\"sumario-encabezado\" style=\"font-style: inherit\">\n<h3 class=\"sumario-titulo\" style=\"font-style: inherit;color: #111111\"><span class=\"sin_enlace\" style=\"font-weight: inherit;font-style: inherit\">M\u00c1S INFORMACI\u00d3N<\/span><\/h3>\n<\/header>\n<div class=\"sumario-texto\" style=\"font-style: inherit\">\n<div class=\"apoyos\" style=\"font-style: inherit\">\n<ul class=\"apoyos-listado\" style=\"font-style: inherit\">\n<li class=\"apoyo_ apoyo_foto\" style=\"font-style: inherit\">\n<figure class=\"foto foto_w140\" style=\"font-style: inherit\"><img loading=\"lazy\" decoding=\"async\" style=\"font-style: inherit\" title=\"Obama deja un legado a medias y en riesgo de demolici\u00f3n\" src=\"http:\/\/ep01.epimg.net\/internacional\/imagenes\/2017\/01\/14\/estados_unidos\/1484412816_106970_1484490348_sumarioapoyo_normal.jpg\" alt=\"Obama deja un legado a medias y en riesgo de demolici\u00f3n\" width=\"140\" height=\"100\" \/><\/figure>\n<p><span class=\"apoyo-titulo\" style=\"font-style: inherit\"><a style=\"font-style: inherit;color: #000000\" href=\"http:\/\/internacional.elpais.com\/internacional\/2017\/01\/14\/estados_unidos\/1484423388_730992.html\">La herida racial sangra en Chicago<\/a><\/span><\/li>\n<li class=\"apoyo_ apoyo_sinfoto\" style=\"font-style: inherit\"><span class=\"apoyo-titulo\" style=\"font-style: inherit\"><a style=\"font-style: inherit;color: #000000\" href=\"http:\/\/internacional.elpais.com\/internacional\/2017\/01\/15\/estados_unidos\/1484436057_327415.html\">Hitos y frustraciones de la era Obama<\/a><\/span><\/li>\n<li class=\"apoyo_ apoyo_sinfoto\" style=\"font-style: inherit\"><span class=\"apoyo-titulo\" style=\"font-style: inherit\"><a style=\"font-style: inherit;color: #000000\" href=\"http:\/\/internacional.elpais.com\/internacional\/2017\/01\/14\/estados_unidos\/1484427145_445722.html\">Obama, un expresidente que promete ser combativo<\/a><\/span><\/li>\n<li class=\"apoyo_ apoyo_sinfoto\" style=\"font-style: inherit\"><span class=\"apoyo-titulo\" style=\"font-style: inherit\"><a style=\"font-style: inherit;color: #000000\" href=\"http:\/\/internacional.elpais.com\/internacional\/2017\/01\/15\/estados_unidos\/1484438746_930249.html\">Medidas sociales para un pa\u00eds m\u00e1s diverso<\/a><\/span><\/li>\n<\/ul>\n<\/div>\n<\/div>\n<\/div>\n<\/section>\n<p style=\"font-style: inherit\">El ascenso y\u00a0<a style=\"font-style: inherit;color: #016ca2\" href=\"http:\/\/internacional.elpais.com\/internacional\/2016\/11\/09\/estados_unidos\/1478647677_279555.html\">triunfo del republicano Trump<\/a>\u00a0se gestaba acaso desde el primer d\u00eda, cuando el espejismo del dem\u00f3crata Obama, el presidente que parec\u00eda anunciar el fin de los odios \u00e9tnicos y el advenimiento de una era postracial, ocult\u00f3 el malestar profundo que su victoria causaba a una parte del pa\u00eds.<\/p>\n<p style=\"font-style: inherit\">\u201cMe siento tan bien. No tengo fr\u00edo. Mire la gente. No ha habido nada m\u00e1s bello en el mundo. Cr\u00e9ame. Mire el sol: Dios nos est\u00e1 mirando\u201d, dijo hace ocho a\u00f1os a este corresponsal una mujer negra de 78 a\u00f1os, una de los centenares de miles de personas que llenaron el National Mall, el parque central de Washington, para ver c\u00f3mo Obama juraba el cargo. Despu\u00e9s a\u00f1adi\u00f3: \u201cNo esperar\u00e1 que el hombre lo haga todo solo, \u00bfno? No es Jesucristo\u201d.<\/p>\n<p style=\"font-style: inherit\">Aquella mujer, que hab\u00eda vivido en los EE UU de la segregaci\u00f3n y seguramente nunca hab\u00eda imaginado ver a un negro en aquella posici\u00f3n, capt\u00f3 la elevaci\u00f3n del momento, y a la vez intuy\u00f3 lo que se avecinaba.<\/p>\n<p style=\"font-style: inherit\">Pronto Obama,\u00a0<a style=\"font-style: inherit;color: #016ca2\" href=\"http:\/\/internacional.elpais.com\/internacional\/2011\/11\/12\/actualidad\/1321124780_330904.html\">nacido en 1961 en Haw\u00e1i<\/a>\u00a0de una madre blanca de Kansas y un padre negro de Kenia, descubri\u00f3 que los l\u00edmites a su poder y las resistencias encoger\u00edan el terreno de juego. El so\u00f1ador \u2014el que en un discurso de su primera campa\u00f1a proclam\u00f3 que aqu\u00e9l era &#8220;el momento en que el crecimiento de los oc\u00e9anos empez\u00f3 a ralentizarse y el planeta a curarse&#8221;\u2014 se metamorfose\u00f3 en el pragm\u00e1tico, y el ambiguo.<\/p>\n<p style=\"font-style: inherit\">Obama promet\u00eda acabar con las guerras. Y s\u00ed, retir\u00f3 a decenas de miles de soldados de Irak y Afganist\u00e1n, y\u00a0<a style=\"font-style: inherit;color: #016ca2\" href=\"http:\/\/internacional.elpais.com\/internacional\/2009\/12\/10\/actualidad\/1260399610_850215.html\">gan\u00f3 el Nobel de la Paz<\/a>, pero prosigui\u00f3 los bombardeos con otros m\u00e9todos, como los aviones no pilotados. Orden\u00f3 la muerte de Osama bin Laden, pero no anticip\u00f3 la irrupci\u00f3n del Estado Isl\u00e1mico (ISIS, por sus siglas en ingl\u00e9s), que acab\u00f3 forz\u00e1ndole a regresar a este pa\u00eds y a bombardear en Siria. Intent\u00f3 cerrar la prisi\u00f3n de Guant\u00e1namo, s\u00edmbolo de los peores excesos del Gobierno anterior, pero no pudo, o no se esforz\u00f3 lo suficiente. Ensay\u00f3 un cambio de rumbo geoestrat\u00e9gico en direcci\u00f3n a Asia y el Pac\u00edfico, pero Oriente Pr\u00f3ximo y Europa le atraparon. Puso fin a d\u00e9cadas de hostilidad diplom\u00e1tica con Cuba e Ir\u00e1n, pero asisti\u00f3 at\u00f3nito al expansionismo de la Rusia de Vlad\u00edmir Putin.<\/p>\n<p style=\"font-style: inherit\">Obama fue el presidente que regulariz\u00f3 a centenares de miles de inmigrantes que hab\u00edan llegado a EE UU de peque\u00f1os, pero le llamaron deportador-en-jefe por su r\u00e9cord de deportaciones de sin papeles.\u00a0<a style=\"font-style: inherit;color: #016ca2\" href=\"http:\/\/internacional.elpais.com\/internacional\/2010\/03\/22\/actualidad\/1269212401_850215.html\">Reform\u00f3 el sistema sanitario<\/a>\u00a0y ampli\u00f3 a la cobertura a 20 millones de personas sin seguro m\u00e9dico, pero preserv\u00f3 el car\u00e1cter privado del sistema y qued\u00f3 lejos de la cobertura universal, lo que sigue haciendo de EE UU una excepci\u00f3n en el mundo desarrollado. Estrech\u00f3 los controles sobre la banca para evitar otra crisis financiera, pero no fue tan lejos como Franklin Roosevelt en la Gran Depresi\u00f3n. Con la ayuda del entonces jefe de la Reserva Federal, Ben Bernanke, y con un plan de est\u00edmulo multimillonario, sac\u00f3 a EE UU de la Gran Recesi\u00f3n mucho antes que los pa\u00edses europeos y cre\u00f3 casi 12 millones de empleos, pero muchos de estos fueron precarios y durante su mandato la brecha econ\u00f3mica y social aument\u00f3.<\/p>\n<p style=\"font-style: inherit\">\u201cClaramente su mayor \u00e9xito es la ley sanitaria\u201d, dice por tel\u00e9fono el historiador de Princeton\u00a0<a style=\"font-style: inherit;color: #016ca2\" href=\"https:\/\/twitter.com\/julianzelizer\">Julian Zelizer<\/a>.\u00a0<a style=\"font-style: inherit;color: #016ca2\" href=\"https:\/\/twitter.com\/mkazin\">Michael Kazin<\/a>, historiador en Georgetown y director de la revista\u00a0<em>Dissent<\/em>, coincide: \u201cAunque los republicanos la quieran revocar, ahora est\u00e1n de acuerdo con la necesidad de una cobertura universal. Un gran cambio\u201d, dice Kazin en un correo electr\u00f3nico. \u201cObama tambi\u00e9n ha demostrado que un hombre negro puede ser tan efectivo y responsable \u2014y popular\u2014 como presidente como un hombre blanco. A largo plazo esto disminuir\u00e1 el racismo\u201d.<\/p>\n<p style=\"font-style: inherit\">\u201cEs posible que se le vea como una figura de transici\u00f3n como Bill Clinton, pero sin duda no se le ver\u00e1 como una figura fracasada, como Lyndon Johnson o Jimmy Carter\u201d, dice Kazin al comparar a Obama con los presidentes dem\u00f3cratas m\u00e1s recientes.<\/p>\n<p style=\"font-style: inherit\">Kazin y Zelizer coinciden en el mayor fracaso de Obama. \u201cNo logr\u00f3 mantener el control dem\u00f3crata del Congreso o construir un partido que pudiera ganar elecciones en muchos lugares\u201d, lamenta Kazin. Obama sali\u00f3 reelegido en 2012, pero en estos a\u00f1os, el Partido Dem\u00f3crata ha perdido ambas c\u00e1maras del Congreso y el Partido Republicano ha consolidado el control de los estados.<\/p>\n<p style=\"font-style: inherit\">\u201cLos dem\u00f3cratas no tienen una nueva generaci\u00f3n natural de l\u00edderes\u201d, constata Zelizer. Que Hillary Clinton, una pol\u00edtica de una generaci\u00f3n anterior a la de Obama, fuese la candidata ante Trump en las elecciones de noviembre \u2014y que contra pron\u00f3stico perdiese\u2014 es la prueba de este vac\u00edo.<\/p>\n<p style=\"font-style: inherit\">Las dificultades de Obama no se entienden sin el giro brusco a la derecha de los republicanos en estos a\u00f1os y su pol\u00edtica de bloqueo sistem\u00e1tico en el Congreso, bien documentada por los polit\u00f3logos independientes\u00a0<a style=\"font-style: inherit;color: #016ca2\" href=\"https:\/\/www.washingtonpost.com\/opinions\/lets-just-say-it-the-republicans-are-the-problem\/2012\/04\/27\/gIQAxCVUlT_story.html?utm_term=.302d4a2021a4\">Norman Ornstein y Thomas Mann<\/a>\u00a0en el libro de 2012\u00a0<em>It\u2019s even worse than it looks<\/em>\u00a0(<em>Todav\u00eda es peor de lo que parece<\/em>). Fueron el partido del no: prefirieron paralizar Washington que ayudar al presidente dem\u00f3crata a gobernar.<\/p>\n<p style=\"font-style: inherit\">Los a\u00f1os de Obama fueron los de una transformaci\u00f3n de la sociedad estadounidense: m\u00e1s diversa \u2014m\u00e1s hispana\u2014 y m\u00e1s tolerante. Hoy el matrimonio entre personas del mismo sexo es legal en todo el pa\u00eds e incluso una pr\u00e1ctica tan distintiva como la pena de muerte est\u00e1 en descenso. Al mismo tiempo, fueron los a\u00f1os en los que la polarizaci\u00f3n \u2014no solo en Washington, como describ\u00edan Mann y Ornstein, sino entre los ciudadanos\u2014 se agrav\u00f3. La primera presidencia de un afroamericano coincidi\u00f3 con la multiplicaci\u00f3n de evidencias de la violencia policial contra los negros y con estallidos de tensi\u00f3n racial. Surgieron movimientos populistas y conservadores como el Tea Party y se normaliz\u00f3 un discurso del odio, ali\u00f1ado con las teor\u00edas conspiratorias m\u00e1s perversas, que los m\u00e1s ingenuos cre\u00edan desterrados de la arena p\u00fablica. Una parte del electorado blanco ten\u00eda miedo: el mundo se le escapaba de las manos. Los ingredientes del trumpismo estaban all\u00ed.<\/p>\n<p style=\"font-style: inherit\">La presencia en la Casa Blanca de Obama \u2014un hombre que,\u00a0<a style=\"font-style: inherit;color: #016ca2\" href=\"https:\/\/www.thenation.com\/article\/a-proof-a-test-an-instruction\/\">como escribe en la revista\u00a0<em>The Nation<\/em><\/a>\u00a0la novelista Marilynne Robinson, resume en su biograf\u00eda los Estados Unidos del siglo XXI, multi\u00e9tnico, multirracial, cosmopolita\u2014coincidi\u00f3, y quiz\u00e1 cataliz\u00f3, el ascenso de su opuesto, Donald Trump.<\/p>\n<p style=\"font-style: inherit\">Que la presidencia que arranc\u00f3 con esperanzas cuasi m\u00edsticas concluya as\u00ed es, para los seguidores de Obama, un anticl\u00edmax. Buscando referencias en el pasado, el historiador Kazin citaba a Johnson, Carter y Clinton. Salvando las distancias \u2014la principal: en contra de algunos vaticinios, Obama ha sobrevivido a la presidencia\u2014 tambi\u00e9n se le podr\u00eda comparar con John F. Kennedy. Kennedy no fue un presidente de \u00e9xitos rotundos, y su legado es limitado, pero, por su significado hist\u00f3rico y su tr\u00e1gico final, una generaci\u00f3n entera lo mitific\u00f3.<\/p>\n<\/div>\n<\/div>\n","protected":false},"excerpt":{"rendered":"<p>Al presidente que lleg\u00f3 con un mensaje de unidad le suceder\u00e1 Trump, que gan\u00f3 agitando la xenofobia<\/p>\n","protected":false},"author":5842,"featured_media":0,"comment_status":"open","ping_status":"open","sticky":false,"template":"","format":"standard","meta":{"footnotes":""},"categories":[24],"tags":[],"class_list":["post-469509","post","type-post","status-publish","format-standard","hentry","category-mundo"],"_links":{"self":[{"href":"https:\/\/diarioelpopular.com\/index.php\/wp-json\/wp\/v2\/posts\/469509","targetHints":{"allow":["GET"]}}],"collection":[{"href":"https:\/\/diarioelpopular.com\/index.php\/wp-json\/wp\/v2\/posts"}],"about":[{"href":"https:\/\/diarioelpopular.com\/index.php\/wp-json\/wp\/v2\/types\/post"}],"author":[{"embeddable":true,"href":"https:\/\/diarioelpopular.com\/index.php\/wp-json\/wp\/v2\/users\/5842"}],"replies":[{"embeddable":true,"href":"https:\/\/diarioelpopular.com\/index.php\/wp-json\/wp\/v2\/comments?post=469509"}],"version-history":[{"count":2,"href":"https:\/\/diarioelpopular.com\/index.php\/wp-json\/wp\/v2\/posts\/469509\/revisions"}],"predecessor-version":[{"id":469512,"href":"https:\/\/diarioelpopular.com\/index.php\/wp-json\/wp\/v2\/posts\/469509\/revisions\/469512"}],"wp:attachment":[{"href":"https:\/\/diarioelpopular.com\/index.php\/wp-json\/wp\/v2\/media?parent=469509"}],"wp:term":[{"taxonomy":"category","embeddable":true,"href":"https:\/\/diarioelpopular.com\/index.php\/wp-json\/wp\/v2\/categories?post=469509"},{"taxonomy":"post_tag","embeddable":true,"href":"https:\/\/diarioelpopular.com\/index.php\/wp-json\/wp\/v2\/tags?post=469509"}],"curies":[{"name":"wp","href":"https:\/\/api.w.org\/{rel}","templated":true}]}}