{"id":469513,"date":"2017-01-15T12:03:14","date_gmt":"2017-01-15T17:03:14","guid":{"rendered":"http:\/\/diarioelpopular.com\/?p=469513"},"modified":"2017-01-15T12:03:23","modified_gmt":"2017-01-15T17:03:23","slug":"inmigracion-en-estados-unidos-de-la-gran-inclusion-a-la-gran-expulsion","status":"publish","type":"post","link":"https:\/\/diarioelpopular.com\/index.php\/2017\/01\/15\/inmigracion-en-estados-unidos-de-la-gran-inclusion-a-la-gran-expulsion\/","title":{"rendered":"Inmigraci\u00f3n en Estados Unidos: \u00bfde la gran inclusi\u00f3n a la gran expulsi\u00f3n?"},"content":{"rendered":"<div id=\"attachment_469514\" style=\"width: 570px\" class=\"wp-caption aligncenter\"><a href=\"https:\/\/diarioelpopular.com\/wp-content\/uploads\/2017\/01\/1484322393_809504_1484327006_noticia_normal_recorte1.jpg\"><img loading=\"lazy\" decoding=\"async\" aria-describedby=\"caption-attachment-469514\" class=\"size-large wp-image-469514\" src=\"https:\/\/diarioelpopular.com\/wp-content\/uploads\/2017\/01\/1484322393_809504_1484327006_noticia_normal_recorte1-560x358.jpg\" alt=\"Barco de inmigrantes rumbo a Ellis Island en 1906.  THE GRANGER COLLECTION \/ CORDON PRESS\" width=\"560\" height=\"358\" \/><\/a><p id=\"caption-attachment-469514\" class=\"wp-caption-text\">Barco de inmigrantes rumbo a Ellis Island en 1906. THE GRANGER COLLECTION \/ CORDON PRESS<\/p><\/div>\n<p style=\"color: #444444\"><strong>Rub\u00e9n G. Rumbaut<\/strong>,<\/p>\n<p style=\"color: #444444\">Aunque los titulares de prensa parezcan indicar otra cosa, en un mundo de m\u00e1s de 7.000 millones de habitantes, s\u00f3lo el 3% son\u00a0<a style=\"font-style: inherit;color: #016ca2\" href=\"https:\/\/www.oecd.org\/els\/mig\/SPANISH.pdf\">migrantes internacionales<\/a>, personas que viven fuera del pa\u00eds en el que nacieron. Aun as\u00ed, cada vez son m\u00e1s los que emigran, sobre todo desde el sur del planeta hacia el norte, y, en ese proceso, el mundo sufre una transformaci\u00f3n inevitable. Vivimos en una \u00e9poca en la que la proporci\u00f3n de\u00a0<a style=\"font-style: inherit;color: #016ca2\" href=\"http:\/\/economia.elpais.com\/economia\/2016\/06\/15\/actualidad\/1466000256_627560.html\">personas ricas (y mayores)<\/a>\u00a0cada vez es menor, y cada vez mayor la de personas pobres (y j\u00f3venes); las\u00a0<a style=\"font-style: inherit;color: #016ca2\" href=\"http:\/\/www.consilium.europa.eu\/es\/policies\/migratory-pressures\/\">presiones migratorias<\/a>\u00a0aumentan sin cesar como consecuencia de las desigualdades mundiales y de conflictos irresolubles; y los pa\u00edses m\u00e1s desarrollados se encuentran en una crucial encrucijada demogr\u00e1fica y laboral.<\/p>\n<p style=\"color: #444444\">La inmigraci\u00f3n es una fuerza transformadora, que produce cambios sociales profundos e imprevistos tanto en las sociedades de origen como en las de acogida, en las relaciones entre los distintos grupos dentro de las sociedades de acogida y entre los propios inmigrantes y sus descendientes. La inmigraci\u00f3n va acompa\u00f1ada, no s\u00f3lo de procesos de aculturaci\u00f3n por parte de los inmigrantes, sino tambi\u00e9n de medidas pol\u00edticas de los Estados para controlar las oleadas. Tambi\u00e9n conlleva distintos tipos de reacciones de los residentes establecidos y de sus pol\u00edticos, que pueden considerar que los reci\u00e9n llegados son amenazas culturales o econ\u00f3micas.\u00a0<a style=\"font-style: inherit;color: #016ca2\" href=\"http:\/\/internacional.elpais.com\/internacional\/2016\/09\/21\/actualidad\/1474474615_086260.html\">El miedo al extranjero<\/a>\u00a0\u2014la xenofobia de la llamada sociedad del menosprecio\u2014 crece en mayor o menor medida con todas las formas de migraciones internacionales y se ve agudizado por la crisis econ\u00f3mica global, los atentados terroristas, la guerra y la afluencia de refugiados.<\/p>\n<section id=\"sumario_1|html\" class=\"sumario_html izquierda\" style=\"color: #444444\"><a style=\"font-style: inherit;color: #016ca2\" name=\"sumario_1\"><\/a><\/p>\n<div class=\"sumario__interior\" style=\"font-style: inherit\">\n<div class=\"sumario-texto\" style=\"font-style: inherit\">\n<p class=\"texto_grande\" style=\"font-weight: bold;font-style: inherit;color: #000000\">Gran parte de la historia estadounidense puede verse como un proceso dial\u00e9ctico de los procesos de inclusi\u00f3n y exclusi\u00f3n y, en casos extremos, de expulsiones y deportaciones forzosas<\/p>\n<\/div>\n<\/div>\n<\/section>\n<section id=\"sumario_5|apoyos\" class=\"sumario_apoyos derecha\" style=\"color: #444444\"><a style=\"font-style: inherit;color: #016ca2\" name=\"sumario_5\"><\/a><\/p>\n<div class=\"sumario__interior\" style=\"font-style: inherit\">\n<header class=\"sumario-encabezado\" style=\"font-style: inherit\">\n<h3 class=\"sumario-titulo\" style=\"font-style: inherit;color: #111111\"><span class=\"sin_enlace\" style=\"font-weight: inherit;font-style: inherit\">M\u00c1S INFORMACI\u00d3N<\/span><\/h3>\n<\/header>\n<div class=\"sumario-texto\" style=\"font-style: inherit\">\n<div class=\"apoyos\" style=\"font-style: inherit\">\n<ul class=\"apoyos-listado\" style=\"font-style: inherit\">\n<li class=\"apoyo_normal apoyo_sinfoto\" style=\"font-style: inherit\"><span class=\"apoyo-titulo\" style=\"font-style: inherit\"><a style=\"font-style: inherit;color: #000000\" href=\"http:\/\/cultura.elpais.com\/cultura\/2017\/01\/13\/actualidad\/1484308436_930546.html\">Historia de una familia de migrantes<\/a><\/span><\/li>\n<li class=\"apoyo_normal apoyo_sinfoto\" style=\"font-style: inherit\"><span class=\"apoyo-titulo\" style=\"font-style: inherit\"><a style=\"font-style: inherit;color: #000000\" href=\"http:\/\/internacional.elpais.com\/internacional\/2017\/01\/13\/actualidad\/1484310570_838280.html\">M\u00e9xico frente al muro de Trump<\/a><\/span><\/li>\n<\/ul>\n<\/div>\n<\/div>\n<\/div>\n<\/section>\n<p style=\"color: #444444\">Una caracter\u00edstica fundamental de la historia de Estados Unidos ha sido la extraordinaria capacidad de la llamada naci\u00f3n de inmigrantes para absorber, como una esponja gigante, a decenas de millones de personas de todas las clases, todas las culturas y todos los pa\u00edses. Sin embargo, esa virtud admirable ha coexistido siempre con\u00a0<a style=\"font-style: inherit;color: #016ca2\" href=\"http:\/\/internacional.elpais.com\/internacional\/2016\/11\/19\/actualidad\/1479581843_687833.html\">una cara m\u00e1s s\u00f3rdida del proceso de construcci\u00f3n<\/a>\u00a0y concepci\u00f3n nacional. De hecho, gran parte de la historia estadounidense puede verse como un proceso dial\u00e9ctico de los procesos de inclusi\u00f3n y exclusi\u00f3n y, en casos extremos, de expulsiones y deportaciones forzosas.<\/p>\n<p style=\"color: #444444\">La magnitud de estos procesos de inclusi\u00f3n podr\u00eda contarse a trav\u00e9s de\u00a0<a style=\"font-style: inherit;color: #016ca2\" href=\"http:\/\/internacional.elpais.com\/internacional\/2016\/11\/17\/actualidad\/1479376702_251198.html\">la historia de dos ciudades<\/a>. La primera,\u00a0<a style=\"font-style: inherit;color: #016ca2\" href=\"http:\/\/elpais.com\/elpais\/2016\/09\/29\/3500_millones\/1475124300_147512.html\">Nueva York, ciudad de inmigrantes<\/a>\u00a0por antonomasia. Desde 1820 (cuando se empez\u00f3 a guardar registro de las llegadas) hasta 1892 (el a\u00f1o en que empez\u00f3 a funcionar el puesto de la sila de Ellis, en la entrada al puerto de Nueva York, junto a la Estatua de la Libertad colocada en 1886), los inmigrantes llegaban en barco a los muelles en la punta de Manhattan y despu\u00e9s pasaban por el cercano Castle Garden (el primer centro de recepci\u00f3n de inmigrantes en EE.UU.). M\u00e1s de 100 millones de estadounidenses son descendientes de aquellos (en su inmensa mayor\u00eda, europeos) que llegaron esa primera ola de inmigraci\u00f3n.<\/p>\n<p style=\"color: #444444\">M\u00e1s tarde, desde 1892 hasta su cierre en 1954, la isla de Ellis fue el puerto de entrada de m\u00e1s de 12 millones de personas y el centro de inspecci\u00f3n de inmigrantes con m\u00e1s tr\u00e1fico de Estados Unidos, sobre todo entre 1905 y 1914. A partir de 1924, ese islote sirvi\u00f3 principalmente como centro de detenci\u00f3n y deportaci\u00f3n. Otros 100 millones de estadounidenses descienden de personas que llegaron entonces a la isla de Ellis y se repartieron por todos los rincones del pa\u00eds. Es decir, m\u00e1s de la mitad de la poblaci\u00f3n estadounidense actual (320 millones de habitantes) tiene antepasados que entraron por la ciudad de Nueva York entre la d\u00e9cada de 1820 y la de 1920.<\/p>\n<section id=\"sumario_2|html\" class=\"sumario_html izquierda\" style=\"color: #444444\"><a style=\"font-style: inherit;color: #016ca2\" name=\"sumario_2\"><\/a><\/p>\n<div class=\"sumario__interior\" style=\"font-style: inherit\">\n<div class=\"sumario-texto\" style=\"font-style: inherit\">\n<p class=\"texto_grande\" style=\"font-weight: bold;font-style: inherit;color: #000000\">Hasta su cierre en 1954, la isla de Ellis fue el puerto de entrada de m\u00e1s de 12 millones de personas y el centro de inspecci\u00f3n de inmigrantes con m\u00e1s tr\u00e1fico de EE UU<\/p>\n<\/div>\n<\/div>\n<\/section>\n<p style=\"color: #444444\">En la costa oeste, las cosas se desarrollaron de manera muy distinta, especialmente en\u00a0<a style=\"font-style: inherit;color: #016ca2\" href=\"http:\/\/internacional.elpais.com\/internacional\/2016\/12\/18\/estados_unidos\/1482100613_415797.html\">Los \u00c1ngeles, que hoy en d\u00eda es la principal metr\u00f3poli inmigrante<\/a>\u00a0del mundo. Resulta dif\u00edcil exagerar la transformaci\u00f3n demogr\u00e1fica que ha experimentado California en el \u00faltimo medio siglo. En 1960, Los \u00c1ngeles a\u00fan era la m\u00e1s blanca y la m\u00e1s protestante de las grandes ciudades del pa\u00eds. A finales de los a\u00f1os ochenta, un tercio de todos los inmigrantes que entraban en Estados Unidos se establec\u00eda en California; hoy, de los 10 millones de personas residentes en el condado de Los \u00c1ngeles (el m\u00e1s grande del pa\u00eds), el 72% pertenece a minor\u00edas \u00e9tnicas (es decir, 7,2 millones de personas, una cifra muy superior a la de la mayor\u00eda de los estados de EE UU). El sur de California alberga la mayor concentraci\u00f3n de mexicanos, salvadore\u00f1os, guatemaltecos, filipinos, coreanos, japoneses, taiwaneses, vietnamitas, camboyanos e iran\u00edes, fuera de sus respectivos pa\u00edses de origen, y tiene tambi\u00e9n contingentes notables de armenios, chinos continentales, hondure\u00f1os, indios, laosianos, rusos, jud\u00edos israel\u00edes y \u00e1rabes procedentes de varios pa\u00edses, entre otros. La mayor\u00eda de los grandes grupos de inmigrantes llegados a Estados Unidos desde los a\u00f1os sesenta se ha establecido sobre todo en el \u00e1rea metropolitana de Los \u00c1ngeles.<\/p>\n<p style=\"color: #444444\">En la actualidad, los inmigrantes representan m\u00e1s del 25% de los 38 millones de personas\u00a0<a style=\"font-style: inherit;color: #016ca2\" href=\"http:\/\/www.consultasmigratorias.com\/datos-y-cifras-de-los-migrantes-en-estados-unidos\/\">residentes en California<\/a>, y m\u00e1s de la cuarta parte de todos los inmigrantes del pa\u00eds vive en dicho estado. Esto se debe a varios factores: la ley de inmigraci\u00f3n de 1965 (que revoc\u00f3 una ley racista de 1924 que impon\u00eda cuotas por pa\u00eds de origen), el reasentamiento de cientos de miles de refugiados de Cuba durante la Guerra Fr\u00eda y de Vietnam, Laos y Camboya al terminar la guerra de Indochina en 1975, y la amnist\u00eda concedida por la ley de reforma y control de la inmigraci\u00f3n a los inmigrantes indocumentados de 1986.<\/p>\n<p style=\"color: #444444\">El\u00a0<a style=\"font-style: inherit;color: #016ca2\" href=\"http:\/\/www.census.gov\/topics\/population\/foreign-born.html\">censo de poblaci\u00f3n<\/a>\u00a0de 1970 ten\u00eda la menor proporci\u00f3n de personas nacidas en el extranjero de toda la historia de Estados Unidos: 4,7%. Hoy, esa proporci\u00f3n es del 13% a nivel nacional, cerca del r\u00e9cord hist\u00f3rico del 14,8% en los \u00faltimos a\u00f1os del siglo XIX y primeros del XX.<\/p>\n<section id=\"sumario_3|html\" class=\"sumario_html izquierda\" style=\"color: #444444\"><a style=\"font-style: inherit;color: #016ca2\" name=\"sumario_3\"><\/a><\/p>\n<div class=\"sumario__interior\" style=\"font-style: inherit\">\n<div class=\"sumario-texto\" style=\"font-style: inherit\">\n<p class=\"texto_grande\" style=\"font-weight: bold;font-style: inherit;color: #000000\">La diversidad \u00e9tnica y nacional de los inmigrantes contempor\u00e1neos en Estados Unidos palidece si se compara con la diversidad de su extracci\u00f3n social<\/p>\n<\/div>\n<\/div>\n<\/section>\n<p style=\"color: #444444\">La diversidad \u00e9tnica y nacional de los inmigrantes contempor\u00e1neos en Estados Unidos palidece si se compara con la diversidad de su extracci\u00f3n social. En la actualidad los grupos con mayor y menor nivel educativo est\u00e1n notablemente formados por inmigrantes. Esto es un reflejo de los tipos de inmigraci\u00f3n, diametralmente opuestos, sedimentados en distintos contextos hist\u00f3ricos \u2014e insertos en un mercado laboral tipo \u201creloj de arena\u201d, cada vez m\u00e1s dividido entre sector tecnol\u00f3gico con alta remuneraci\u00f3n frente a sector manual con baja remuneraci\u00f3n, que atrae tanto a inmigrantes profesionales como a trabajadores sin papeles\u2014.<\/p>\n<p style=\"color: #444444\">Estos \u00faltimos se han convertido, especialmente en las las \u00faltimas d\u00e9cadas, en\u00a0<a style=\"font-style: inherit;color: #016ca2\" href=\"http:\/\/internacional.elpais.com\/internacional\/2016\/08\/31\/estados_unidos\/1472655993_375569.html\">el elemento m\u00e1s controvertido de la pol\u00edtica de inmigraci\u00f3n<\/a>. De los 43 millones aproximados de inmigrantes que viven hoy en Estados Unidos, un poco m\u00e1s de la cuarta parte \u2014se calcula que unos 11 millones\u2014 son\u00a0<a style=\"font-style: inherit;color: #016ca2\" href=\"http:\/\/elpais.com\/elpais\/2016\/08\/31\/media\/1472656949_291408.html\">indocumentados<\/a>. Varios millones llegaron de ni\u00f1os; algunos de ellos, los llamados \u201c<em>dreamers<\/em>\u201d (so\u00f1adores), se han beneficiado de las\u00a0<a style=\"font-style: inherit;color: #016ca2\" href=\"http:\/\/internacional.elpais.com\/internacional\/2014\/11\/19\/actualidad\/1416428172_210415.html\">acciones ejecutivas del presidente Obama<\/a>, que pretenden proporcionarles estatus legal provisional, acceso al mercado laboral y permitirles obtener el permiso de conducir para protegerles del riesgo de expulsi\u00f3n y tratar de integrarlos en la sociedad.<\/p>\n<p style=\"color: #444444\">Ahora ante la impensable llegada al poder de un demagogo estamos a punto de iniciar un periodo lleno de incertidumbres que quiz\u00e1 acabe siendo uno de los m\u00e1s tr\u00e1gicos y vergonzosos en la historia de la &#8220;naci\u00f3n de inmigrantes\u201d.\u00a0<a style=\"font-style: inherit;color: #016ca2\" href=\"http:\/\/internacional.elpais.com\/internacional\/2016\/11\/13\/actualidad\/1479054583_555103.html\">Trump comenz\u00f3 su campa\u00f1a presidencial<\/a>\u00a0acusando falsamente a los inmigrantes mexicanos de ser delincuentes y violadores y proponiendo la construcci\u00f3n de un muro en la frontera, proponiendo el fin de la ciudadan\u00eda por nacimiento (una se\u00f1a de identidad del derecho constitucional estadounidense desde el final de la Guerra de Secesi\u00f3n), anunciando el establecimiento de un registro de musulmanes, la reducci\u00f3n de la acogida a refugiados (o la negativa de asilo a nacionalidades enteras), la retirada de la financiaci\u00f3n federal a las\u00a0<em>ciudades santuario<\/em>\u00a0[que protegen a los inmigrantes indocumentados] y un enorme incremento de la detenci\u00f3n y la deportaci\u00f3n de inmigrantes \u2014que ya est\u00e1n en un nivel sin precedentes\u2014.<\/p>\n<section id=\"sumario_4|html\" class=\"sumario_html izquierda\" style=\"color: #444444\"><a style=\"font-style: inherit;color: #016ca2\" name=\"sumario_4\"><\/a><\/p>\n<div class=\"sumario__interior\" style=\"font-style: inherit\">\n<div class=\"sumario-texto\" style=\"font-style: inherit\">\n<p class=\"texto_grande\" style=\"font-weight: bold;font-style: inherit;color: #000000\">Estamos a punto de iniciar un periodo lleno de incertidumbres que quiz\u00e1 acabe siendo uno de los m\u00e1s tr\u00e1gicos y vergonzosos en la historia de la \u201cnaci\u00f3n de inmigrantes\u201d<\/p>\n<\/div>\n<\/div>\n<\/section>\n<p style=\"color: #444444\"><a style=\"font-style: inherit;color: #016ca2\" href=\"http:\/\/internacional.elpais.com\/internacional\/2016\/03\/05\/actualidad\/1457200052_984547.html\">El momento actual remite<\/a>\u00a0a los\u00a0<em>Know Nothing<\/em>\u00a0de mediados del XIX y su violento anticatolicismo; a los movimientos nativistas posteriores contra los inmigrantes del sur y el este de Europa, que culminaron en la racista y restrictiva ley de cuotas por pa\u00eds de procedencia de 1924; a la histeria antialemana de la Primera Guerra Mundial. Tambi\u00e9n trae a la memoria muchos otros movimientos de exclusi\u00f3n: como el desplazamiento forzoso de poblaciones ind\u00edgenas, la ley de expulsi\u00f3n de chinos de 1882 (un a\u00f1o antes de que\u00a0<a style=\"font-style: inherit;color: #016ca2\" href=\"http:\/\/www.libertystatepark.com\/emma.htm\">Emma Lazarus escribiese su poema<\/a>\u00a0grabado en la Estatua de La Libertad), el acotamiento de una zona prohibida a los asi\u00e1ticos de 1917, el<a style=\"font-style: inherit;color: #016ca2\" href=\"http:\/\/internacional.elpais.com\/internacional\/2016\/04\/06\/actualidad\/1459964826_693130.html\">internamiento de estadounidenses de origen japon\u00e9s<\/a>\u00a0durante la Segunda Guerra Mundial, y la repatriaci\u00f3n (expulsi\u00f3n forzosa) durante los a\u00f1os treinta del siglo XX de un mill\u00f3n de estadounidenses de origen mexicano (m\u00e1s de la mitad eran ciudadanos estadounidenses), es decir, el destierro de cerca de un tercio del n\u00famero total de mexicanos estadounidenses que hab\u00eda en aquella \u00e9poca.<\/p>\n<p style=\"color: #444444\">La \u201cnaci\u00f3n de la deportaci\u00f3n\u201d de la actualidad se ha forjado mediante\u00a0<a style=\"font-style: inherit;color: #016ca2\" href=\"http:\/\/internacional.elpais.com\/internacional\/2016\/08\/22\/actualidad\/1471821657_121853.html\">la militarizaci\u00f3n de la frontera<\/a>; la aprobaci\u00f3n en 1996 de unas leyes federales draconianas que ampliaron enormemente las categor\u00edas de delitos que forzaban la expulsi\u00f3n; la creaci\u00f3n de una temible y bien dotada maquinaria para la detenci\u00f3n y deportaci\u00f3n de inmigrantes; el bloqueo ante cualquier reforma sustantiva de la legislaci\u00f3n federal, incluida\u00a0<a style=\"font-style: inherit;color: #016ca2\" href=\"http:\/\/inmigracion.about.com\/od\/preguntasfrecuentes\/a\/Qui-Enes-Son-Los-Dreamers-Informaci-On-De-La-Dream-Act.htm\">la Ley DREAM de la administraci\u00f3n Obama<\/a>; y la proliferaci\u00f3n de leyes y normativas estatales y locales que pretenden controlar la inmigraci\u00f3n a peque\u00f1a escala pese a los dictados constitucionales en sentido opuesto.<\/p>\n<p style=\"color: #444444\">Resulta ir\u00f3nico que Barack Obama, que lleg\u00f3 a la presidencia tras haber prometido reformar las leyes de inmigraci\u00f3n, abandonar\u00e1 el cargo despu\u00e9s del<a style=\"font-style: inherit;color: #016ca2\" href=\"http:\/\/www.bbc.com\/mundo\/noticias-internacional-38013701\">periodo en que se han producido el mayor n\u00famero de deportaciones de la historia de EE UU<\/a>. La historia puede que no se repita, pero resuenan ecos.<\/p>\n<p class=\"nota_pie\" style=\"color: #444444\"><strong style=\"font-style: inherit\">Rub\u00e9n G. Rumbaut<\/strong>, experto en la inmigraci\u00f3n estadunidense, es profesor distinguido de sociolog\u00eda en la Universidad de California.<\/p>\n","protected":false},"excerpt":{"rendered":"<p>Estados Unidos ha demostrado una extraordinaria capacidad para absorber a millones de inmigrantes. Pero el camino nunca estuvo libre de escollos.<\/p>\n","protected":false},"author":5842,"featured_media":0,"comment_status":"open","ping_status":"open","sticky":false,"template":"","format":"standard","meta":{"footnotes":""},"categories":[24],"tags":[],"class_list":["post-469513","post","type-post","status-publish","format-standard","hentry","category-mundo"],"_links":{"self":[{"href":"https:\/\/diarioelpopular.com\/index.php\/wp-json\/wp\/v2\/posts\/469513","targetHints":{"allow":["GET"]}}],"collection":[{"href":"https:\/\/diarioelpopular.com\/index.php\/wp-json\/wp\/v2\/posts"}],"about":[{"href":"https:\/\/diarioelpopular.com\/index.php\/wp-json\/wp\/v2\/types\/post"}],"author":[{"embeddable":true,"href":"https:\/\/diarioelpopular.com\/index.php\/wp-json\/wp\/v2\/users\/5842"}],"replies":[{"embeddable":true,"href":"https:\/\/diarioelpopular.com\/index.php\/wp-json\/wp\/v2\/comments?post=469513"}],"version-history":[{"count":1,"href":"https:\/\/diarioelpopular.com\/index.php\/wp-json\/wp\/v2\/posts\/469513\/revisions"}],"predecessor-version":[{"id":469515,"href":"https:\/\/diarioelpopular.com\/index.php\/wp-json\/wp\/v2\/posts\/469513\/revisions\/469515"}],"wp:attachment":[{"href":"https:\/\/diarioelpopular.com\/index.php\/wp-json\/wp\/v2\/media?parent=469513"}],"wp:term":[{"taxonomy":"category","embeddable":true,"href":"https:\/\/diarioelpopular.com\/index.php\/wp-json\/wp\/v2\/categories?post=469513"},{"taxonomy":"post_tag","embeddable":true,"href":"https:\/\/diarioelpopular.com\/index.php\/wp-json\/wp\/v2\/tags?post=469513"}],"curies":[{"name":"wp","href":"https:\/\/api.w.org\/{rel}","templated":true}]}}