{"id":469549,"date":"2017-01-17T11:02:39","date_gmt":"2017-01-17T16:02:39","guid":{"rendered":"http:\/\/diarioelpopular.com\/?p=469549"},"modified":"2017-01-17T11:02:52","modified_gmt":"2017-01-17T16:02:52","slug":"crece-el-boicot-democrata-a-la-toma-de-posesion-de-trump","status":"publish","type":"post","link":"https:\/\/diarioelpopular.com\/index.php\/2017\/01\/17\/crece-el-boicot-democrata-a-la-toma-de-posesion-de-trump\/","title":{"rendered":"Crece el boicot dem\u00f3crata a la toma de posesi\u00f3n de Trump"},"content":{"rendered":"<div id=\"attachment_469550\" style=\"width: 570px\" class=\"wp-caption aligncenter\"><a href=\"https:\/\/diarioelpopular.com\/wp-content\/uploads\/2017\/01\/1484611124_104641_1484611528_noticia_normal_recorte1.jpg\"><img loading=\"lazy\" decoding=\"async\" aria-describedby=\"caption-attachment-469550\" class=\"size-large wp-image-469550\" src=\"https:\/\/diarioelpopular.com\/wp-content\/uploads\/2017\/01\/1484611124_104641_1484611528_noticia_normal_recorte1-560x372.jpg\" alt=\"Trump con Martin Luther King III, este lunes en Nueva York\" width=\"560\" height=\"372\" \/><\/a><p id=\"caption-attachment-469550\" class=\"wp-caption-text\">Trump con Martin Luther King III, este lunes en Nueva York<\/p><\/div>\n<p dir=\"ltr\" style=\"color: #444444\">La cifra sigue creciendo. Al menos 27 congresistas dem\u00f3cratas han anunciado que no asistir\u00e1n el viernes a la\u00a0<a style=\"font-style: inherit;color: #016ca2\" href=\"http:\/\/elpais.com\/agr\/obama_trump_relevo_en_la_casa_blanca\/a\/\">toma de posesi\u00f3n<\/a>\u00a0del republicano Donald Trump como presidente de Estados Unidos, seg\u00fan el \u00faltimo registro, de este lunes, de la cadena CNN.<\/p>\n<p dir=\"ltr\" style=\"color: #444444\">El boicot se ha disparado despu\u00e9s de las\u00a0<a style=\"font-style: inherit;color: #016ca2\" href=\"http:\/\/internacional.elpais.com\/internacional\/2017\/01\/13\/estados_unidos\/1484343394_337376.html\">cr\u00edticas<\/a>\u00a0de Trump al congresista John Lewis, un icono de la lucha de los derechos civiles de los negros en los a\u00f1os sesenta que fue el primero en anunciar su ausencia de la ceremonia. Lewis considera que Trump no es un presidente leg\u00edtimo por los ataques cibern\u00e9ticos rusos en la campa\u00f1a electoral que perjudicaron a la dem\u00f3crata Hillary Clinton.<\/p>\n<p dir=\"ltr\" style=\"color: #444444\">El boicot es inusual, pero la cifra de ausencias es minoritaria. En la C\u00e1mara de Representantes, hay 194 congresistas dem\u00f3cratas. Por ahora, ninguno de los 48 senadores dem\u00f3cratas ha anunciado que no vaya a asistir a la investidura de Trump ante las escalinatas del Capitolio.<\/p>\n<p dir=\"ltr\" style=\"color: #444444\">Los reproches de Trump a Lewis han desatado una tormenta pol\u00edtica en EE UU, sobre todo al tener lugar en la antesala de la fiesta nacional, este lunes, en honor a Martin Luther King, el reverendo que lider\u00f3 el movimiento de los derechos civiles que acab\u00f3 con la segregaci\u00f3n legal de los negros en los a\u00f1os sesenta. Lewis, de 76 a\u00f1os, particip\u00f3 en esas protestas. Fue detenido y golpeado.<\/p>\n<p dir=\"ltr\" style=\"color: #444444\">\u201cNo puedes estar en casa con algo que crees equivocado, que no es correcto\u201d, dijo Lewis en una entrevista a la cadena NBC, en que avanz\u00f3 su ausencia. Ser\u00e1 la primera vez que el legislador, que lleva tres d\u00e9cadas en el Congreso, no asista a una investidura presidencial.<\/p>\n<p dir=\"ltr\" style=\"color: #444444\">Trump le respondi\u00f3 en Twitter que deber\u00eda centrarse en solucionar los problemas del distrito que representa, en Georgia: \u201cDeber\u00eda pasar m\u00e1s tiempo en arreglar y ayudar a su distrito, que est\u00e1 en un estado horrible y desmoron\u00e1ndose (por no mencionar que est\u00e1 infestado de crimen) en vez de quejarse falsamente de los resultados electorales. Todo hablar, hablar, hablar. Nada de acci\u00f3n o resultado\u201d.<\/p>\n<p dir=\"ltr\" style=\"color: #444444\">En medio de esta disputa, que ha alimentado el debate sobre la relaci\u00f3n de Trump con la comunidad negra, el presidente electo se reuni\u00f3 este lunes en Nueva York con Martin Luther King III, el hijo mayor del Premio Nobel de la Paz. Fue un encuentro organizado a \u00faltima hora.<\/p>\n<p dir=\"ltr\" style=\"color: #444444\">King III trat\u00f3 de rebajar la pol\u00e9mica. \u201cCreo que al calor de las emociones se dicen muchas cosas desde ambas partes\u201d, dijo a la prensa en el vest\u00edbulo de la Torre Trump tras la reuni\u00f3n. El magnate lo acompa\u00f1\u00f3 a su salida del edificio, pero no hizo declaraciones. \u201cEl objetivo es unir a los estadounidenses. Somos una gran naci\u00f3n\u201d, agreg\u00f3 el hijo del l\u00edder afroamericano.<\/p>\n","protected":false},"excerpt":{"rendered":"<p>Al menos 27 congresistas no asistir\u00e1n este viernes a la ceremonia tras las cr\u00edticas del republicano a John Lewis<\/p>\n","protected":false},"author":5842,"featured_media":0,"comment_status":"open","ping_status":"open","sticky":false,"template":"","format":"standard","meta":{"footnotes":""},"categories":[24],"tags":[],"class_list":["post-469549","post","type-post","status-publish","format-standard","hentry","category-mundo"],"_links":{"self":[{"href":"https:\/\/diarioelpopular.com\/index.php\/wp-json\/wp\/v2\/posts\/469549","targetHints":{"allow":["GET"]}}],"collection":[{"href":"https:\/\/diarioelpopular.com\/index.php\/wp-json\/wp\/v2\/posts"}],"about":[{"href":"https:\/\/diarioelpopular.com\/index.php\/wp-json\/wp\/v2\/types\/post"}],"author":[{"embeddable":true,"href":"https:\/\/diarioelpopular.com\/index.php\/wp-json\/wp\/v2\/users\/5842"}],"replies":[{"embeddable":true,"href":"https:\/\/diarioelpopular.com\/index.php\/wp-json\/wp\/v2\/comments?post=469549"}],"version-history":[{"count":1,"href":"https:\/\/diarioelpopular.com\/index.php\/wp-json\/wp\/v2\/posts\/469549\/revisions"}],"predecessor-version":[{"id":469551,"href":"https:\/\/diarioelpopular.com\/index.php\/wp-json\/wp\/v2\/posts\/469549\/revisions\/469551"}],"wp:attachment":[{"href":"https:\/\/diarioelpopular.com\/index.php\/wp-json\/wp\/v2\/media?parent=469549"}],"wp:term":[{"taxonomy":"category","embeddable":true,"href":"https:\/\/diarioelpopular.com\/index.php\/wp-json\/wp\/v2\/categories?post=469549"},{"taxonomy":"post_tag","embeddable":true,"href":"https:\/\/diarioelpopular.com\/index.php\/wp-json\/wp\/v2\/tags?post=469549"}],"curies":[{"name":"wp","href":"https:\/\/api.w.org\/{rel}","templated":true}]}}