{"id":469563,"date":"2017-01-17T20:33:42","date_gmt":"2017-01-18T01:33:42","guid":{"rendered":"http:\/\/diarioelpopular.com\/?p=469563"},"modified":"2017-01-17T20:33:49","modified_gmt":"2017-01-18T01:33:49","slug":"estados-unidos-deporta-a-los-primeros-cubanos-tras-el-fin-de-pies-secos-pies-mojados","status":"publish","type":"post","link":"https:\/\/diarioelpopular.com\/index.php\/2017\/01\/17\/estados-unidos-deporta-a-los-primeros-cubanos-tras-el-fin-de-pies-secos-pies-mojados\/","title":{"rendered":"Estados Unidos deporta a los primeros cubanos tras el fin de \u2018pies secos, pies mojados\u2019"},"content":{"rendered":"<p>&nbsp;<\/p>\n<div id=\"attachment_469564\" style=\"width: 570px\" class=\"wp-caption aligncenter\"><a href=\"https:\/\/diarioelpopular.com\/wp-content\/uploads\/2017\/01\/1484669086_822565_1484669461_noticia_normal_recorte1.jpg\"><img loading=\"lazy\" decoding=\"async\" aria-describedby=\"caption-attachment-469564\" class=\"size-large wp-image-469564\" src=\"https:\/\/diarioelpopular.com\/wp-content\/uploads\/2017\/01\/1484669086_822565_1484669461_noticia_normal_recorte1-560x281.jpg\" alt=\"Migrantes cubanos el viernes en Panam\u00e1.\" width=\"560\" height=\"281\" \/><\/a><p id=\"caption-attachment-469564\" class=\"wp-caption-text\">Migrantes cubanos el viernes en Panam\u00e1.<\/p><\/div>\n<p><a style=\"color: #016ca2\" href=\"http:\/\/elpais.com\/tag\/estados_unidos\/a\" target=\"_blank\">EE UU<\/a><span style=\"color: #444444\">\u00a0ha empezado a estrechar la puerta de acceso de los cubanos sin visa. Tras la eliminaci\u00f3n el jueves pasado de la<\/span><a style=\"color: #016ca2\" href=\"http:\/\/internacional.elpais.com\/internacional\/2017\/01\/12\/estados_unidos\/1484257647_081706.html\" target=\"_blank\">pol\u00edtica\u00a0<em>pies secos, pies mojados<\/em><\/a><span style=\"color: #444444\">\u00a0que permit\u00eda a los isle\u00f1os sin papeles quedarse si pisaban suelo estadounidense, se han conocido los primeros casos de deportaci\u00f3n, la confusi\u00f3n legal cunde en el aeropuerto de Miami y varias voces piden al presidente\u00a0<\/span><a style=\"color: #016ca2\" href=\"http:\/\/elpais.com\/tag\/barack_obama\/a\" target=\"_blank\">Barack Obama<\/a><span style=\"color: #444444\">, que deja su puesto este viernes, que permita entrar a los migrantes que ven\u00edan de camino.<\/span><\/p>\n<p style=\"color: #444444\">Al menos dos cubanos han sido enviados a la isla, seg\u00fan el Movimiento Democracia, un grupo con base en Miami. Todav\u00eda no se han conocido casos de balseros llegados a la costa de EE UU desde que se supo la noticia del cambio legal, pero se podr\u00eda dar la situaci\u00f3n de que apareciesen algunos que se hubieran echado al mar antes de que trascendiese el fin de la norma y les sorprendiera la novedad al pisar tierra despu\u00e9s de la peligrosa traves\u00eda por el Estrecho.<\/p>\n<p style=\"color: #444444\">\u00a0Lo abrupto del anuncio legal tambi\u00e9n parece que ha cogido a los agentes migratorios desprevenidos, caus\u00e1ndoles confusi\u00f3n. Algunos cubanos han sido detenidos en el aeropuerto de Miami con visas, seg\u00fan la organizaci\u00f3n citada. Han trascendido casos como los de un matrimonio en sus sesenta que ven\u00edan con permiso de turista a ver a sus hijos y fueron enviados a centros de retenci\u00f3n, ella a uno de mujeres y \u00e9l a uno de hombres. Seg\u00fan el portavoz de Movimiento Democracia Ram\u00f3n Sa\u00fal S\u00e1nchez los agentes est\u00e1n preguntando de manera insidiosa a los cubanos que llegan con visas provisionales si quieren quedarse en EE UU y si la respuesta es afirmativa los tratan como inmigrantes ilegales.<\/p>\n<p style=\"color: #444444\">Pero el drama se concentra lejos de EE UU. En M\u00e9xico, Centroam\u00e9rica y Sudam\u00e9rica, donde hay un n\u00famero indeterminado \u2013cientos, quiz\u00e1 miles\u2013 de cubanos que hab\u00edan salido de la isla antes del cambio legal y que ahora se encuentran empantanados, a medio camino, sin visa para entrar a EE UU ni intenci\u00f3n, en muchos casos, de regresar a Cuba, plante\u00e1ndose la opci\u00f3n de intentar establecerse legalmente en estos pa\u00edses de tr\u00e1nsito o de seguir adelante y tratar de pasar clandestinos la frontera de M\u00e9xico y EE UU. \u201cHay una crisis humanitaria in crescendo\u201d, afirma S\u00e1nchez.<\/p>\n<p style=\"color: #444444\">Distintas voces reclaman a Obama una bula para los cubanos varados. El Miami Herald, el diario m\u00e1s influyente de Florida, argumenta que \u201cno se les avis\u00f3 de lo que ocurrir\u00eda cuando iniciaron su largo viaje desde Cuba\u201d y propone que la orden presidencial se modifique \u201cpara permitir que todo el que pueda probar que sali\u00f3 de Cuba el 12 de enero [d\u00eda del cambio legal] o antes sea acogido en EE UU bajo las viejas reglas de pies secos\u201d. La iglesia cubana tambi\u00e9n ha hecho un comunicado en el que habla del \u201cdrama humano que afecta a tantas personas y familias\u201d por la situaci\u00f3n de los que salieron de la isla \u201cconfiados en las normas migratorias que los amparaban\u201d, y pide una soluci\u00f3n para ellos.<\/p>\n<p style=\"color: #444444\">Este martes en Washington el asesor de Obama Ben Rodhes afirm\u00f3 que lo s\u00fabito de la orden presidencial de terminar con la norma de acogida a cubanos sin visa tuvo como objetivo &#8220;evitar una ola peligrosa&#8221; de nuevos migrantes. Rodhes, que dise\u00f1\u00f3 con el presidente la pol\u00edtica de deshielo con Cuba y visit\u00f3 la isla este lunes para asistir a la firma de un acuerdo con el Ministerio del Interior, no ha dado se\u00f1ales de que la Casa Blanca vaya a dar un permiso especial a los cubanos varados. Se limit\u00f3 a decir que EE UU analizar\u00e1 con los pa\u00edses donde se encuentran y con Cuba si se les puede brindar alguna clase de asistencia &#8220;desde un punto de vista humanitario&#8221;,\u00a0<strong style=\"font-style: inherit\">informa desde Washington Silvia Ayuso.<\/strong><\/p>\n<p style=\"color: #444444\">En principio, la v\u00eda legal que se abre a los que lleguen a EE UU sin permiso es pedir asilo pol\u00edtico. Eso anuncia un fenomenal enredo en los juzgados. Las enormes dificultades que puede entra\u00f1ar determinar si un cubano ha sido o no objeto de hostigamiento pol\u00edtico en la isla proyectan un complejo horizonte de pleitos entre la justicia y los cubanos que pidan asilo pol\u00edtico.<\/p>\n<p style=\"color: #444444\">Otro asunto difuso es qu\u00e9 pasar\u00e1 con la lista de 2.746 cubanos que EE UU prev\u00e9 deportar por haber cometido delitos y que La Habana se ha comprometido a recibir. La lista se confeccion\u00f3 en los a\u00f1os 80 con individuos que hab\u00edan llegado en la ola de exiliados del Mariel, cuando Cuba durante meses permiti\u00f3 salir del pa\u00eds a quien quisiera, metiendo entre los 120.000 que se fueron a presos y enfermos de hospitales psiqui\u00e1tricos. De esa lista solo quedan medio millar vivos e identificados como deportables. El resto, hasta llegar a los 2.746, podr\u00eda ser cubiertos con nuevos casos que Cuba revisar\u00eda individuo por individuo.<\/p>\n<header class=\"sumario-encabezado\">\n<h3 class=\"sumario-titulo\" style=\"font-style: inherit;color: #111111\"><span class=\"sin_enlace\" style=\"font-weight: inherit;font-style: inherit\">M\u00c1S INFORMACI\u00d3N<\/span><\/h3>\n<\/header>\n<div class=\"sumario-texto\">\n<div class=\"apoyos\" style=\"font-style: inherit\">\n<ul class=\"apoyos-listado\" style=\"font-style: inherit\">\n<li class=\"apoyo_normal apoyo_foto\" style=\"font-style: inherit\">\n<figure class=\"foto foto_w140\" style=\"font-style: inherit\"><img loading=\"lazy\" decoding=\"async\" style=\"font-style: inherit\" title=\"'Pies secos, pies mojados'\" src=\"http:\/\/ep01.epimg.net\/internacional\/imagenes\/2017\/01\/17\/america\/1484669086_822565_1484680665_sumarioapoyo_normal.jpg\" alt=\"'Pies secos, pies mojados'\" width=\"140\" height=\"100\" \/><\/figure>\n<p><span class=\"apoyo-titulo\" style=\"font-style: inherit\"><a style=\"font-style: inherit;color: #000000\" href=\"http:\/\/internacional.elpais.com\/internacional\/2017\/01\/12\/estados_unidos\/1484257647_081706.html\">Obama pone fin a la pol\u00edtica de \u201cpies secos, pies mojados\u201d para los cubanos<\/a><\/span><\/li>\n<li class=\"apoyo_normal apoyo_sinfoto\" style=\"font-style: inherit\"><span class=\"apoyo-titulo\" style=\"font-style: inherit\"><a style=\"font-style: inherit;color: #000000\" href=\"http:\/\/internacional.elpais.com\/internacional\/2017\/01\/13\/estados_unidos\/1484276649_463761.html\">\u201cY qu\u00e9 importa, si ahora viene Trump y lo cambia todo otra vez\u201d<\/a><\/span><\/li>\n<li class=\"apoyo_normal apoyo_sinfoto\" style=\"font-style: inherit\"><span class=\"apoyo-titulo\" style=\"font-style: inherit\"><a style=\"font-style: inherit;color: #000000\" href=\"http:\/\/internacional.elpais.com\/internacional\/2017\/01\/13\/estados_unidos\/1484338380_442829.html\">\u201cNo tendr\u00eda sentido revertir la pol\u00edtica hacia Cuba<\/a><\/span><\/li>\n<\/ul>\n<\/div>\n<\/div>\n","protected":false},"excerpt":{"rendered":"<p>Distintas voces piden a Obama que deje entrar a los cubanos que ven\u00edan de camino sin visa<\/p>\n","protected":false},"author":5842,"featured_media":0,"comment_status":"open","ping_status":"open","sticky":false,"template":"","format":"standard","meta":{"footnotes":""},"categories":[23,24],"tags":[],"class_list":["post-469563","post","type-post","status-publish","format-standard","hentry","category-latinoamerica","category-mundo"],"_links":{"self":[{"href":"https:\/\/diarioelpopular.com\/index.php\/wp-json\/wp\/v2\/posts\/469563","targetHints":{"allow":["GET"]}}],"collection":[{"href":"https:\/\/diarioelpopular.com\/index.php\/wp-json\/wp\/v2\/posts"}],"about":[{"href":"https:\/\/diarioelpopular.com\/index.php\/wp-json\/wp\/v2\/types\/post"}],"author":[{"embeddable":true,"href":"https:\/\/diarioelpopular.com\/index.php\/wp-json\/wp\/v2\/users\/5842"}],"replies":[{"embeddable":true,"href":"https:\/\/diarioelpopular.com\/index.php\/wp-json\/wp\/v2\/comments?post=469563"}],"version-history":[{"count":1,"href":"https:\/\/diarioelpopular.com\/index.php\/wp-json\/wp\/v2\/posts\/469563\/revisions"}],"predecessor-version":[{"id":469565,"href":"https:\/\/diarioelpopular.com\/index.php\/wp-json\/wp\/v2\/posts\/469563\/revisions\/469565"}],"wp:attachment":[{"href":"https:\/\/diarioelpopular.com\/index.php\/wp-json\/wp\/v2\/media?parent=469563"}],"wp:term":[{"taxonomy":"category","embeddable":true,"href":"https:\/\/diarioelpopular.com\/index.php\/wp-json\/wp\/v2\/categories?post=469563"},{"taxonomy":"post_tag","embeddable":true,"href":"https:\/\/diarioelpopular.com\/index.php\/wp-json\/wp\/v2\/tags?post=469563"}],"curies":[{"name":"wp","href":"https:\/\/api.w.org\/{rel}","templated":true}]}}