{"id":469594,"date":"2017-01-18T19:21:31","date_gmt":"2017-01-19T00:21:31","guid":{"rendered":"http:\/\/diarioelpopular.com\/?p=469594"},"modified":"2017-01-18T19:21:39","modified_gmt":"2017-01-19T00:21:39","slug":"2016-fue-el-ano-mas-caluroso-del-que-se-tiene-constancia","status":"publish","type":"post","link":"https:\/\/diarioelpopular.com\/index.php\/2017\/01\/18\/2016-fue-el-ano-mas-caluroso-del-que-se-tiene-constancia\/","title":{"rendered":"2016 fue el a\u00f1o m\u00e1s caluroso del que se tiene constancia"},"content":{"rendered":"<p style=\"color: #444444\"><a href=\"https:\/\/diarioelpopular.com\/wp-content\/uploads\/2017\/01\/1484755144_222238_1484756902_noticia_normal_recorte1.jpg\"><img loading=\"lazy\" decoding=\"async\" class=\"aligncenter size-large wp-image-469595\" src=\"https:\/\/diarioelpopular.com\/wp-content\/uploads\/2017\/01\/1484755144_222238_1484756902_noticia_normal_recorte1-560x316.jpg\" alt=\"1484755144_222238_1484756902_noticia_normal_recorte1\" width=\"560\" height=\"316\" \/><\/a>El a\u00f1o pasado fue el m\u00e1s caluroso desde que comenzaron los registros en 1880 y el tercero consecutivo en el que la Tierra bate el r\u00e9cord de temperatura, un hecho sin precedentes. La\u00a0<a style=\"font-style: inherit;color: #016ca2\" href=\"https:\/\/public.wmo.int\/en\">Organizaci\u00f3n Mundial de la Meteorolog\u00eda (OMM),<\/a>dependiente de Naciones Unidas, ha confirmado hoy que la temperatura global en 2016 se situ\u00f3 1,1 grados cent\u00edgrados por encima de la registrada en la era preindustrial y fue unos 0,07 grados mayor a la registrada en 2015.<\/p>\n<section id=\"sumario_1|html\" class=\"sumario_html centro\" style=\"color: #444444\">\n<div class=\"sumario__interior\" style=\"font-style: inherit\">\n<div class=\"sumario-texto\" style=\"font-style: inherit\">\n<div class=\"SandboxRoot env-bp-350\" style=\"color: #1c2022\">\n<div id=\"twitter-widget-0\" class=\"EmbeddedTweet EmbeddedTweet--mediaForward media-forward js-clickToOpenTarget js-tweetIdInfo\" lang=\"es\">\n<div class=\"EmbeddedTweet-tweet\">\n<blockquote class=\"Tweet h-entry js-tweetIdInfo subject expanded&lt;br \/&gt; \n<p>                    is-deciderHtmlWhitespace\" cite=\"https:\/\/twitter.com\/metoffice\/status\/821745101353472001\"><\/p>\n<div class=\"Tweet-header u-cf\">\n<div class=\"Tweet-brand u-floatRight\"><span class=\"u-hiddenInNarrowEnv\"><a class=\"FollowButton follow-button profile\" style=\"font-weight: bold;color: #55acee\" title=\"Seguir a Met Office en Twitter\" href=\"https:\/\/twitter.com\/metoffice\">\u00a0Seguir<\/a><\/span><\/div>\n<div class=\"TweetAuthor \"><a class=\"TweetAuthor-link Identity u-linkBlend\" style=\"color: inherit\" href=\"https:\/\/twitter.com\/metoffice\"><span class=\"TweetAuthor-avatar Identity-avatar\"><img decoding=\"async\" class=\"Avatar\" src=\"https:\/\/pbs.twimg.com\/profile_images\/773072347863605248\/pyM2D3kL_normal.jpg\" alt=\"\" \/><\/span><span class=\"TweetAuthor-name Identity-name customisable-highlight\" style=\"font-weight: bold\" title=\"Met Office\">Met Office<\/span>\u00a0<\/a><\/p>\n<div class=\"Icon Icon--verified \" title=\"Cuenta verificada\"><\/div>\n<p><a class=\"TweetAuthor-link Identity u-linkBlend\" style=\"color: inherit\" href=\"https:\/\/twitter.com\/metoffice\"><span class=\"TweetAuthor-verifiedBadge\"><span class=\"u-hiddenVisually\">\u2714<\/span><\/span><span class=\"TweetAuthor-screenName Identity-screenName\" dir=\"ltr\" style=\"color: #697882\" title=\"@metoffice\">@metoffice<\/span><\/a><\/p>\n<\/div>\n<\/div>\n<div class=\"Tweet-body e-entry-content\">\n<p class=\"Tweet-text e-entry-title\" dir=\"ltr\" lang=\"en\">2016: one of the warmest two years on record\u00a0<a class=\"link customisable\" style=\"color: #2b7bb9\" title=\"http:\/\/bit.ly\/2k00R21\" href=\"https:\/\/t.co\/phT6aA7sri\" target=\"_blank\" rel=\"nofollow noopener\"><span class=\"u-hiddenVisually\">http:\/\/<\/span>bit.ly\/2k00R21<span class=\"u-hiddenVisually\">\u00a0<\/span><\/a><\/p>\n<div class=\"Tweet-metadata dateline\" style=\"color: #697882\"><a class=\"u-linkBlend u-url customisable-highlight long-permalink\" style=\"color: inherit\" href=\"https:\/\/twitter.com\/metoffice\/status\/821745101353472001\">10:44 &#8211; 18 ene 2017<\/a><\/div>\n<ul class=\"Tweet-actions\">\n<li class=\"Tweet-action\"><\/li>\n<li class=\"Tweet-action\">\n<div class=\"Icon Icon--retweet TweetAction-icon\" title=\"Retwittear\"><\/div>\n<p><a class=\"TweetAction TweetAction--retweet web-intent\" style=\"color: #697882\" href=\"https:\/\/twitter.com\/intent\/retweet?tweet_id=821745101353472001\">\u00a0<span class=\"TweetAction-stat\">994<\/span><span class=\"u-hiddenVisually\">994 Retweets<\/span><\/a><\/li>\n<li class=\"Tweet-action\">\n<div class=\"Icon Icon--heart TweetAction-icon\" title=\"Me gusta\"><\/div>\n<p><a class=\"TweetAction TweetAction--heart web-intent\" style=\"color: #697882\" href=\"https:\/\/twitter.com\/intent\/like?tweet_id=821745101353472001\">\u00a0<span class=\"TweetAction-stat\">772<\/span><span class=\"u-hiddenVisually\">772 me gusta<\/span><\/a><\/li>\n<\/ul>\n<\/div>\n<\/blockquote>\n<\/div>\n<\/div>\n<div class=\"resize-sensor\"><\/div>\n<\/div>\n<\/div>\n<\/div>\n<\/section>\n<p style=\"color: #444444\">Los datos confirman el cambio dr\u00e1stico en el clima global que est\u00e1 causando la actividad humana y llegan en un momento de incertidumbre. La comunidad internacional alcanz\u00f3 en 2016 un acuerdo hist\u00f3rico contra el cambio clim\u00e1tico. Pero el nuevo presidente de EE UU, Donald Trump,\u00a0<a style=\"font-style: inherit;color: #016ca2\" href=\"http:\/\/elpais.com\/elpais\/2016\/11\/10\/ciencia\/1478798572_638070.html\">es un negacionista<\/a>\u00a0del calentamiento global y\u00a0<a style=\"font-style: inherit;color: #016ca2\" href=\"http:\/\/internacional.elpais.com\/internacional\/2016\/11\/09\/actualidad\/1478693675_112854.html\">ha dicho que podr\u00eda sacar a su pa\u00eds del acuerdo<\/a>, lo que puede dejarlo inservible.<\/p>\n<p style=\"color: #444444\">Aunque el aumento de la temperatura media arranc\u00f3 a finales del siglo XIX, este se ha acentuado sobre todo en los \u00faltimos 35 a\u00f1os, ya que 16 de los 17 a\u00f1os m\u00e1s calurosos registrados han sucedido desde 2001. Las emisiones de gases de efecto invernadero son las principales culpables del calentamiento registrado, ha asegurado la NASA en un comunicado.<\/p>\n<p style=\"color: #444444\">&#8220;El a\u00f1o pasado fue extremo para el clima global y destaca como el m\u00e1s caluroso desde que se tienen registros&#8221;, ha afirmado Petteri Taalas, el secretario general de la OMM. &#8220;Los indicadores a largo plazo del cambio clim\u00e1tico provocado por los humanos han alcanzado m\u00e1ximos en 2016&#8221;, ha a\u00f1adido en un comunicado. Las concentraciones de di\u00f3xido de carbono y de metano tambi\u00e9n han alcanzado nuevos r\u00e9cords.<\/p>\n<p style=\"color: #444444\"><a style=\"font-style: inherit;color: #016ca2\" href=\"http:\/\/elpais.com\/elpais\/2017\/01\/05\/ciencia\/1483641450_746829.html\">El grosor del hielo en el \u00c1rtico<\/a>\u00a0y el Ant\u00e1rtico tambi\u00e9n han alcanzado un m\u00ednimo hist\u00f3rico, ha advertido Taalas, quien ha precisado que el hielo del \u00c1rtico se est\u00e1 calentado dos veces m\u00e1s r\u00e1pido que la media mundial. La OMM se ha basado en datos de la Administraci\u00f3n Nacional Oce\u00e1nica y Atmosf\u00e9rica de EE UU, la NASA, el instituto meteorol\u00f3gico de Reino Unido, el Centro Europeo sobre Predicciones Meteorol\u00f3gicas y de la unidad de investigaci\u00f3n sobre el clima de la Universidad de East Anglia (Reino Unido).<\/p>\n<section id=\"sumario_2|html\" class=\"sumario_html centro\" style=\"color: #444444\"><a style=\"font-style: inherit;color: #016ca2\" name=\"sumario_2\"><\/a><\/p>\n<div class=\"sumario__interior\" style=\"font-style: inherit\">\n<div class=\"sumario-texto\" style=\"font-style: inherit\">\n<div class=\"SandboxRoot env-bp-350\" style=\"color: #1c2022\">\n<div id=\"twitter-widget-1\" class=\"EmbeddedTweet EmbeddedTweet--mediaForward media-forward js-clickToOpenTarget js-tweetIdInfo\" lang=\"es\">\n<article class=\"MediaCard&lt;br \/&gt;\n           MediaCard--mediaForward&lt;\/p&gt;\n&lt;p&gt;           customisable-border\" dir=\"ltr\"><\/p>\n<div class=\"MediaCard-media\"><a class=\"MediaCard-borderOverlay\" style=\"color: #2b7bb9\" title=\"Ver imagen en Twitter\" href=\"https:\/\/twitter.com\/NOAA\/status\/821745850485501958\/photo\/1\"><span class=\"u-hiddenVisually\">Ver imagen en Twitter<\/span><\/a><\/p>\n<div class=\"MediaCard-widthConstraint js-cspForcedStyle\">\n<div class=\"MediaCard-mediaContainer js-cspForcedStyle\"><a class=\"MediaCard-mediaAsset&lt;br \/&gt;\n                    NaturalImage&lt;br \/&gt;\n\" style=\"color: #2b7bb9\" href=\"https:\/\/twitter.com\/NOAA\/status\/821745850485501958\/photo\/1\"><img loading=\"lazy\" decoding=\"async\" class=\"NaturalImage-image\" title=\"Ver imagen en Twitter\" src=\"https:\/\/pbs.twimg.com\/media\/C2dtcdzWgAACMNQ.jpg:small\" alt=\"Ver imagen en Twitter\" width=\"990\" height=\"765\" \/><\/a><\/div>\n<\/div>\n<\/div>\n<\/article>\n<div class=\"EmbeddedTweet-tweet\">\n<blockquote class=\"Tweet h-entry js-tweetIdInfo subject expanded&lt;br \/&gt; \n<p>                    is-deciderHtmlWhitespace\" cite=\"https:\/\/twitter.com\/NOAA\/status\/821745850485501958\"><\/p>\n<div class=\"Tweet-header u-cf\">\n<div class=\"Tweet-brand u-floatRight\"><span class=\"u-hiddenInNarrowEnv\"><a class=\"FollowButton follow-button profile\" style=\"font-weight: bold;color: #55acee\" title=\"Seguir a NOAA en Twitter\" href=\"https:\/\/twitter.com\/NOAA\">\u00a0Seguir<\/a><\/span><\/div>\n<div class=\"TweetAuthor \"><a class=\"TweetAuthor-link Identity u-linkBlend\" style=\"color: inherit\" href=\"https:\/\/twitter.com\/NOAA\"><span class=\"TweetAuthor-avatar Identity-avatar\"><img decoding=\"async\" class=\"Avatar\" src=\"https:\/\/pbs.twimg.com\/profile_images\/529277799018676225\/MOsMKe14_normal.jpeg\" alt=\"\" \/><\/span><span class=\"TweetAuthor-name Identity-name customisable-highlight\" style=\"font-weight: bold\" title=\"NOAA\">NOAA<\/span>\u00a0<\/a><\/p>\n<div class=\"Icon Icon--verified \" title=\"Cuenta verificada\"><\/div>\n<p><a class=\"TweetAuthor-link Identity u-linkBlend\" style=\"color: inherit\" href=\"https:\/\/twitter.com\/NOAA\"><span class=\"TweetAuthor-verifiedBadge\"><span class=\"u-hiddenVisually\">\u2714<\/span><\/span><span class=\"TweetAuthor-screenName Identity-screenName\" dir=\"ltr\" style=\"color: #697882\" title=\"@NOAA\">@NOAA<\/span><\/a><\/p>\n<\/div>\n<\/div>\n<div class=\"Tweet-body e-entry-content\">\n<p class=\"Tweet-text e-entry-title\" dir=\"ltr\" lang=\"en\">2016 culminated a remarkable 3-year streak of record warm years for the globe says\u00a0<a class=\"PrettyLink profile customisable h-card\" style=\"color: #2b7bb9\" href=\"https:\/\/twitter.com\/NOAANCEIclimate\"><span class=\"PrettyLink-prefix\">@<\/span><span class=\"PrettyLink-value\">NOAANCEIclimate<\/span><\/a><a class=\"link customisable\" style=\"color: #2b7bb9\" title=\"http:\/\/go.usa.gov\/x9mhH\" href=\"https:\/\/t.co\/5sDkZyODpI\" target=\"_blank\" rel=\"nofollow noopener\"><span class=\"u-hiddenVisually\">http:\/\/<\/span>go.usa.gov\/x9mhH<span class=\"u-hiddenVisually\">\u00a0<\/span><\/a>\u00a0<a class=\"PrettyLink hashtag customisable\" style=\"color: #2b7bb9\" href=\"https:\/\/twitter.com\/hashtag\/StateOfClimate?src=hash\" rel=\"tag\"><span class=\"PrettyLink-prefix\">#<\/span><span class=\"PrettyLink-value\">StateOfClimate<\/span><\/a><\/p>\n<div class=\"Tweet-metadata dateline\" style=\"color: #697882\"><a class=\"u-linkBlend u-url customisable-highlight long-permalink\" style=\"color: inherit\" href=\"https:\/\/twitter.com\/NOAA\/status\/821745850485501958\">10:47 &#8211; 18 ene 2017<\/a><\/div>\n<ul class=\"Tweet-actions\">\n<li class=\"Tweet-action\"><\/li>\n<li class=\"Tweet-action\">\n<div class=\"Icon Icon--retweet TweetAction-icon\" title=\"Retwittear\"><\/div>\n<p><a class=\"TweetAction TweetAction--retweet web-intent\" style=\"color: #697882\" href=\"https:\/\/twitter.com\/intent\/retweet?tweet_id=821745850485501958\">\u00a0<span class=\"TweetAction-stat\">256<\/span><span class=\"u-hiddenVisually\">256 Retweets<\/span><\/a><\/li>\n<li class=\"Tweet-action\">\n<div class=\"Icon Icon--heart TweetAction-icon\" title=\"Me gusta\"><\/div>\n<p><a class=\"TweetAction TweetAction--heart web-intent\" style=\"color: #697882\" href=\"https:\/\/twitter.com\/intent\/like?tweet_id=821745850485501958\">\u00a0<span class=\"TweetAction-stat\">120<\/span><span class=\"u-hiddenVisually\">120 me gusta<\/span><\/a><\/li>\n<\/ul>\n<\/div>\n<\/blockquote>\n<\/div>\n<\/div>\n<div class=\"resize-sensor\"><\/div>\n<\/div>\n<\/div>\n<\/div>\n<\/section>\n<p style=\"color: #444444\">No s\u00f3lo fue 2016 el a\u00f1o m\u00e1s caluroso, sino que de enero a septiembre cada mes fue el de temperaturas m\u00e1s altas a excepci\u00f3n de junio, ha destacado la NASA en un comunicado. Octubre, noviembre y diciembre fueron los segundos m\u00e1s c\u00e1lidos desde que hay registros.<\/p>\n<p style=\"color: #444444\">En 2015 y el primer tercio de 2016 se registr\u00f3 un calentamiento adicional asociado al fen\u00f3meno de El Ni\u00f1o, que se origina en el Oc\u00e9ano Pac\u00edfico y cambia el clima a nivel global. Ese fen\u00f3meno aument\u00f3 la temperatura media en 2016 en 0,12 grados, ha explicado la NASA. \u201cNo esperamos que a partir de ahora cada a\u00f1o vuelva a ser el m\u00e1s caluroso, pero la tendencia del calentamiento a largo plazo es clara\u201d, ha resaltado Gavin Schmidt, director del Instituto Goddard de An\u00e1lisis Espaciales de la NASA.<\/p>\n<p style=\"color: #444444\">Que 2016 sea el a\u00f1o m\u00e1s c\u00e1lido \u201cno es una sorpresa\u201d, pero s\u00ed es \u201cpreocupante que, incluso sin El Ni\u00f1o, las temperaturas hubieran alcanzado cifras r\u00e9cord\u201d ha explicado Dave Reay, de la Universidad de Edimburgo, a Science Media Centre. Mark Maslin, climat\u00f3logo del University College de Londres, se\u00f1ala que, con los nuevos datos en la mano, hay que \u201cabandonar la idea de que haya una pausa en el cambio clim\u00e1tico\u201d, pues este \u201cno muestra ning\u00fan indicio de estar retrocediendo\u201d. \u201cEl a\u00f1o m\u00e1s c\u00e1lido registrado debe ser una alarma que ni siquiera el presidente electo Donald Trump puede ignorar\u201d, ha resaltado.<\/p>\n","protected":false},"excerpt":{"rendered":"<p>La Tierra bate el r\u00e9cord de temperaturas m\u00e1s altas por tercer a\u00f1o consecutivo, un hecho sin precedentes<\/p>\n","protected":false},"author":5842,"featured_media":0,"comment_status":"open","ping_status":"open","sticky":false,"template":"","format":"standard","meta":{"footnotes":""},"categories":[1],"tags":[],"class_list":["post-469594","post","type-post","status-publish","format-standard","hentry","category-uncategorized"],"_links":{"self":[{"href":"https:\/\/diarioelpopular.com\/index.php\/wp-json\/wp\/v2\/posts\/469594","targetHints":{"allow":["GET"]}}],"collection":[{"href":"https:\/\/diarioelpopular.com\/index.php\/wp-json\/wp\/v2\/posts"}],"about":[{"href":"https:\/\/diarioelpopular.com\/index.php\/wp-json\/wp\/v2\/types\/post"}],"author":[{"embeddable":true,"href":"https:\/\/diarioelpopular.com\/index.php\/wp-json\/wp\/v2\/users\/5842"}],"replies":[{"embeddable":true,"href":"https:\/\/diarioelpopular.com\/index.php\/wp-json\/wp\/v2\/comments?post=469594"}],"version-history":[{"count":2,"href":"https:\/\/diarioelpopular.com\/index.php\/wp-json\/wp\/v2\/posts\/469594\/revisions"}],"predecessor-version":[{"id":469597,"href":"https:\/\/diarioelpopular.com\/index.php\/wp-json\/wp\/v2\/posts\/469594\/revisions\/469597"}],"wp:attachment":[{"href":"https:\/\/diarioelpopular.com\/index.php\/wp-json\/wp\/v2\/media?parent=469594"}],"wp:term":[{"taxonomy":"category","embeddable":true,"href":"https:\/\/diarioelpopular.com\/index.php\/wp-json\/wp\/v2\/categories?post=469594"},{"taxonomy":"post_tag","embeddable":true,"href":"https:\/\/diarioelpopular.com\/index.php\/wp-json\/wp\/v2\/tags?post=469594"}],"curies":[{"name":"wp","href":"https:\/\/api.w.org\/{rel}","templated":true}]}}