{"id":469645,"date":"2017-01-20T23:29:23","date_gmt":"2017-01-21T04:29:23","guid":{"rendered":"http:\/\/diarioelpopular.com\/?p=469645"},"modified":"2017-01-20T23:29:32","modified_gmt":"2017-01-21T04:29:32","slug":"el-muro-con-mexico-y-renegociar-el-tlc-prioridades-del-presidente","status":"publish","type":"post","link":"https:\/\/diarioelpopular.com\/index.php\/2017\/01\/20\/el-muro-con-mexico-y-renegociar-el-tlc-prioridades-del-presidente\/","title":{"rendered":"El muro con M\u00e9xico y renegociar el TLC, prioridades del presidente"},"content":{"rendered":"<p>&nbsp;<\/p>\n<div id=\"attachment_469646\" style=\"width: 570px\" class=\"wp-caption aligncenter\"><a href=\"https:\/\/diarioelpopular.com\/wp-content\/uploads\/2017\/01\/1484941876_684672_1484944612_noticia_normal_recorte1.jpg\"><img loading=\"lazy\" decoding=\"async\" aria-describedby=\"caption-attachment-469646\" class=\"size-large wp-image-469646\" src=\"https:\/\/diarioelpopular.com\/wp-content\/uploads\/2017\/01\/1484941876_684672_1484944612_noticia_normal_recorte1-560x372.jpg\" alt=\"Un cami\u00f3n de mudanza en la Casa Blanca \" width=\"560\" height=\"372\" \/><\/a><p id=\"caption-attachment-469646\" class=\"wp-caption-text\">Un cami\u00f3n de mudanza en la Casa Blanca<\/p><\/div>\n<p><span style=\"color: #111111\">El presidente Donald Trump est\u00e1 dispuesto a cumplir lo que prometi\u00f3 el candidato Trump. Nada m\u00e1s completarse el traspaso de mando con la jura del cargo del republicano en el Capitolio,<\/span><a style=\"color: #016ca2\" href=\"http:\/\/internacional.elpais.com\/internacional\/2017\/01\/20\/actualidad\/1484928539_924950.html\">\u00a0la Casa Blanca cambi\u00f3 de manos\u00a0<\/a><span style=\"color: #111111\">y de p\u00e1gina web donde, tras la foto del nuevo presidente, destacan las prioridades del nuevo Gobierno. En lo m\u00e1s alto, la promesa de construir un muro con M\u00e9xico y renegociar el Tratado de Libre Comercio norteamericano, el NAFTA.<\/span><\/p>\n<article class=\"articulo  \" style=\"color: #444444\">\n<div id=\"articulo_interior\" class=\"articulo__interior\" style=\"font-style: inherit\">\n<div id=\"articulo_contenedor\" class=\"articulo__contenedor\" style=\"font-style: inherit\">\n<div id=\"cuerpo_noticia\" class=\"articulo-cuerpo\" style=\"font-style: inherit\">\n<p style=\"font-style: inherit\">\u201cEl presidente Trump est\u00e1 comprometido con la\u00a0<a style=\"font-style: inherit;color: #016ca2\" href=\"http:\/\/internacional.elpais.com\/internacional\/2017\/01\/11\/estados_unidos\/1484155871_518148.html\">construcci\u00f3n de un muro fronterizo<\/a>\u00a0para detener la inmigraci\u00f3n ilegal, frenar a las bandas y la violencia e impedir que las drogas entren en nuestras comunidades\u201d, se se\u00f1ala en la agenda de\u00a0<a style=\"font-style: inherit;color: #016ca2\" href=\"https:\/\/www.whitehouse.gov\/\" target=\"_blank\">la nueva Casa Blanca<\/a>.<\/p>\n<p style=\"font-style: inherit\">El nuevo mandatario tambi\u00e9n se dedicar\u00e1 a \u201cimplementar nuestras leyes fronterizas, poner fin a las ciudades santuario y a contener la falta de respeto a la ley asociada a la inmigraci\u00f3n ilegal\u201d.<\/p>\n<p style=\"font-style: inherit\">Ello implica, subraya el programa de Trump, \u201c<a style=\"font-style: inherit;color: #016ca2\" href=\"http:\/\/internacional.elpais.com\/internacional\/2016\/11\/13\/actualidad\/1479054583_555103.html\">deportar a los inmigrantes ilegales con antecedentes<\/a>\u00a0criminales violentos que se han quedado dentro de nuestras fronteras\u201d. Una amenaza que vuelve a dejar espacio para la ambig\u00fcedad en un presidente que lleg\u00f3 a reclamar la deportaci\u00f3n de los 11 millones de indocumentados que viven en el pa\u00eds y que habl\u00f3 de crear una \u201cfuerza deportadora\u201d pero que, en los \u00faltimos tiempos, ha reconocido la dificultad de llevar a cabo esos planes.<\/p>\n<p style=\"font-style: inherit\">En lo que no se echa ni un mil\u00edmetro atr\u00e1s es en su intenci\u00f3n de\u00a0<a style=\"font-style: inherit;color: #016ca2\" href=\"http:\/\/internacional.elpais.com\/internacional\/2016\/11\/15\/estados_unidos\/1479243334_645767.html\">revisar el tratado comercial (TLC) con M\u00e9xico y Canad\u00e1,\u00a0<\/a><\/p>\n<p style=\"font-style: inherit\">\u201cEl presidente Trump est\u00e1 comprometido a renegociar el TLC\u201d, subraya la agenda. Si los socios del tratado se niegan a una renegociaci\u00f3n que asegure un \u201ctrato justo\u201d a los trabajadores estadounidenses, entonces \u201cel presidente notificar\u00e1 la intenci\u00f3n de EE UU de retirarse\u201d.<\/p>\n<p style=\"font-style: inherit\">El TLC no es el \u00fanico acuerdo comercial bajo la lupa de la Administraci\u00f3n Trump. El nuevo gobierno quiere \u201cacuerdos duros pero justos\u201d que \u201cdevuelvan millones de trabajos\u201d a EE UU, otra de sus prioridades. Y esa estrategia pasa tambi\u00e9n por<a style=\"font-style: inherit;color: #016ca2\" href=\"http:\/\/internacional.elpais.com\/internacional\/2016\/11\/22\/estados_unidos\/1479770909_267101.html\">\u201cretirarnos del TPP\u201d.<\/a><\/p>\n<p style=\"font-style: inherit\"><a style=\"font-style: inherit;color: #016ca2\" href=\"http:\/\/elpais.com\/elpais\/2017\/01\/20\/videos\/1484933601_373399.html\">En su discurso de investidura,<\/a>\u00a0Trump prometi\u00f3 volver a dar prioridad al pa\u00eds que ya dirige. \u201cAm\u00e9rica primero\u201d es su lema y ese \u201cAm\u00e9rica primero\u201d impregna toda su agenda, como en los planes energ\u00e9ticos, que prometen priorizar pol\u00edticas de empleo frente a inquietudes medioambientales. As\u00ed, Trump apuesta por derogar regulaciones energ\u00e9ticas que obligaban a reducir emisiones contaminantes y fomentar la \u201crevoluci\u00f3n del petr\u00f3leo y gas de esquisto\u201d. La priorizaci\u00f3n nacional se extiende tambi\u00e9n a los programas laborales, donde m\u00e1s all\u00e1 de amenazar a quien se lleve trabajos fuera del pa\u00eds, el nuevo presidente se compromete a reducir los impuestos para estimular los negocios y el consumo, en un recurso cl\u00e1sico republicano.<\/p>\n<p style=\"font-style: inherit\">Bajo ese lema se guiar\u00e1 tambi\u00e9n su pol\u00edtica exterior, centrada en los \u201cintereses y seguridad nacional americanos\u201d. Eso pasa por \u201cderrotar y destruir al Estado Isl\u00e1mico y otros grupos terroristas radicales isl\u00e1micos\u201d y \u201creconstruir\u201d las fuerzas armadas nacionales. Porque, argumenta la nueva Casa Blanca de Trump, \u201cel mundo ser\u00e1 m\u00e1s seguro y pac\u00edfico con una Am\u00e9rica m\u00e1s fuerte y respetada\u201d.<\/p>\n<\/div>\n<\/div>\n<aside class=\"articulo-extras\" style=\"font-style: inherit\">\n<div class=\"promo promo_enlaces\" style=\"font-style: inherit\"><\/div>\n<\/aside>\n<\/div>\n<\/article>\n<aside class=\"lateral\" style=\"color: #444444\">\n<div id=\"lateral__interior\" class=\"lateral__interior\" style=\"font-style: inherit\">\n<div id=\"caja_relacionadas_cxense\" class=\"caja caja_relacionadas\" style=\"font-style: inherit\">\n<h3 style=\"font-style: inherit;color: #111111\">TE PUEDE INTERESAR<\/h3>\n<div class=\"article  estirar\" style=\"font-style: inherit\">\n<div class=\"miniatura\" style=\"font-style: inherit\">\n<div class=\"foto figure\" style=\"font-style: inherit\"><a style=\"font-style: inherit;color: #016ca2\" title=\"Ver noticia\" href=\"http:\/\/api.cxense.com\/public\/widget\/click\/mTWxRFNuOOSrYtrZL-YZNdF1SqdhSzeTrG2zpCX8OmFXxFBscnlbftKd1xJJA4FoI3Yurry_g_knNsI2eHdqWggms90-j_NU4DbX3vTV33UgijgasJrpgohFrBt7EHB6B6xzTkc0C88_tp4ItMRxkKLW9MqgnII192QmEQH0A4isVoXFz8yJmNRp47heB8CeIXn0ElJRzbA1KLY2HozgBs7Ltt079b6TkA6upiojuuVW5yIul_4tcZtuMsMiKbnzBVrbwq1cFnP_JzwjbUcwLlIIkPHZnmT8Egl0km_n7m_TOEpUJD7QNnFOvI-v3B2Bsjf1doqpbnKFnhQG0HEErGqgHOrQ8KB0NaiGau4tbisTTnD6FQeacs3zNrkRkOZMtLswn2W_DKmjxFzNuy-7JiEIFdqIw1pBdAC-kSIal7wHId12coX54BWyQnv0Q8XFXU4xkWlYJ3eejt8vjuA7EXkbwgcUCMWFP0Zm9v7vb3lYlQ_0JKGh3jP633XasHfPzhrQNP98NRjtQwOY_RPdXSayknBPkQiNZCY0Y7vCredPhVBgSS-7QOCrpCicHO1NoGD6BmzvnXpqozq7KzolQj5sqFm8YfJEkMY6X2hry44EDsbVv2Cz_mPPQVFvYl-NMiKT-P2WqufOjmcq3fu4_RI9qJLHihYDeAzXpdYVEq_Pj5wmNZSv5_tw4fzA0?rel=cx_articulo\"><img loading=\"lazy\" decoding=\"async\" style=\"font-style: inherit\" title=\"\" src=\"http:\/\/content-thumbnail.cxpublic.com\/content\/dominantthumbnail\/73c98bb613eeb34698e98eec9759934d7e83c291.jpg?58822f7d\" alt=\"\" width=\"140\" height=\"100\" \/><\/a><\/div>\n<\/div>\n<h4 style=\"font-weight: inherit;font-style: inherit;color: #111111\"><a style=\"font-style: inherit;color: #000000\" title=\"Ver noticia\" href=\"http:\/\/api.cxense.com\/public\/widget\/click\/mTWxRFNuOOSrYtrZL-YZNdF1SqdhSzeTrG2zpCX8OmFXxFBscnlbftKd1xJJA4FoI3Yurry_g_knNsI2eHdqWggms90-j_NU4DbX3vTV33UgijgasJrpgohFrBt7EHB6B6xzTkc0C88_tp4ItMRxkKLW9MqgnII192QmEQH0A4isVoXFz8yJmNRp47heB8CeIXn0ElJRzbA1KLY2HozgBs7Ltt079b6TkA6upiojuuVW5yIul_4tcZtuMsMiKbnzBVrbwq1cFnP_JzwjbUcwLlIIkPHZnmT8Egl0km_n7m_TOEpUJD7QNnFOvI-v3B2Bsjf1doqpbnKFnhQG0HEErGqgHOrQ8KB0NaiGau4tbisTTnD6FQeacs3zNrkRkOZMtLswn2W_DKmjxFzNuy-7JiEIFdqIw1pBdAC-kSIal7wHId12coX54BWyQnv0Q8XFXU4xkWlYJ3eejt8vjuA7EXkbwgcUCMWFP0Zm9v7vb3lYlQ_0JKGh3jP633XasHfPzhrQNP98NRjtQwOY_RPdXSayknBPkQiNZCY0Y7vCredPhVBgSS-7QOCrpCicHO1NoGD6BmzvnXpqozq7KzolQj5sqFm8YfJEkMY6X2hry44EDsbVv2Cz_mPPQVFvYl-NMiKT-P2WqufOjmcq3fu4_RI9qJLHihYDeAzXpdYVEq_Pj5wmNZSv5_tw4fzA0?rel=cx_articulo\">EE UU y el mundo asisten en tensi\u00f3n al advenimiento de la era Trump<\/a><\/h4>\n<\/div>\n<div class=\"article  estirar\" style=\"font-style: inherit\">\n<div class=\"miniatura\" style=\"font-style: inherit\">\n<div class=\"foto figure\" style=\"font-style: inherit\"><a style=\"font-style: inherit;color: #016ca2\" title=\"Ver noticia\" href=\"http:\/\/api.cxense.com\/public\/widget\/click\/AbJsgVh7ZnzgfU1ZBAhHtFNZqjmfw7xO19BGaGtqaAcKUr7alIzPISJwwCEtd9PW0uQEA22INzAGPWrVtYaUicc9NY4ZA7Fylvnak0bWnDAyuqU_q9ftzTL54Ca2UzK5l66FtYBNG0WoxZdGyq2aVy8YCKnuN0uzgCkbNDKT1o_qVmaY_e4eRbJ8VsykTgGy9fo4euSZ_BV_LnNF0U7OUiQxPp4mE1aRmvaDPS7tWQVn6Cnae_HwamKbDBHxl5vV7zSXrIpiP7Ud04Ks60kxU5NfAxxBg5NgDIa9Fr9jjfIVDStyatVbvKghn6a_sQgI0tdG_6cjpptnc2BrsXkiLOwTVOQyrW6BYQOjxEL-xx-BOWrO-8MoolntgRVInwlIyrI912nCDfSlyBf_-bVBWNHkYdzQ05zziFj7qo8UtTaP-rH6NkBklChJ14MX-XN3OMAEa0YneRgRA4WdtBLf5GIvzt-_PE1x5mYrh7NjvwpEJeJxZGGM7puz-yXJQNJ0MM6UIEWqJeSJwYqrdUSXVC3BBiMF9VVyZpu_4y16udZiiKVTY_wgeERPr4Vpji_nhXPb3VJln9ox8x5QSj79w2dzODuWxla1KMOupQ0VnURgsE2Kmy_H5dQsD9Fg8x1vhaCR3cbyPpkiv858wCjuV-DDgB51kmou2smKLrEKDI4BqFL27Y4H5vYcxiVX0?rel=cx_articulo\"><img loading=\"lazy\" decoding=\"async\" style=\"font-style: inherit\" title=\"\" src=\"http:\/\/content-thumbnail.cxpublic.com\/content\/dominantthumbnail\/675378b70caa6b0c9939377e7d16105aa60807cb.jpg?58823034\" alt=\"\" width=\"140\" height=\"100\" \/><\/a><\/div>\n<\/div>\n<h4 style=\"font-weight: inherit;font-style: inherit;color: #111111\"><a style=\"font-style: inherit;color: #000000\" title=\"Ver noticia\" href=\"http:\/\/api.cxense.com\/public\/widget\/click\/AbJsgVh7ZnzgfU1ZBAhHtFNZqjmfw7xO19BGaGtqaAcKUr7alIzPISJwwCEtd9PW0uQEA22INzAGPWrVtYaUicc9NY4ZA7Fylvnak0bWnDAyuqU_q9ftzTL54Ca2UzK5l66FtYBNG0WoxZdGyq2aVy8YCKnuN0uzgCkbNDKT1o_qVmaY_e4eRbJ8VsykTgGy9fo4euSZ_BV_LnNF0U7OUiQxPp4mE1aRmvaDPS7tWQVn6Cnae_HwamKbDBHxl5vV7zSXrIpiP7Ud04Ks60kxU5NfAxxBg5NgDIa9Fr9jjfIVDStyatVbvKghn6a_sQgI0tdG_6cjpptnc2BrsXkiLOwTVOQyrW6BYQOjxEL-xx-BOWrO-8MoolntgRVInwlIyrI912nCDfSlyBf_-bVBWNHkYdzQ05zziFj7qo8UtTaP-rH6NkBklChJ14MX-XN3OMAEa0YneRgRA4WdtBLf5GIvzt-_PE1x5mYrh7NjvwpEJeJxZGGM7puz-yXJQNJ0MM6UIEWqJeSJwYqrdUSXVC3BBiMF9VVyZpu_4y16udZiiKVTY_wgeERPr4Vpji_nhXPb3VJln9ox8x5QSj79w2dzODuWxla1KMOupQ0VnURgsE2Kmy_H5dQsD9Fg8x1vhaCR3cbyPpkiv858wCjuV-DDgB51kmou2smKLrEKDI4BqFL27Y4H5vYcxiVX0?rel=cx_articulo\">Qu\u00e9 esperar de Donald Trump en sus primeras 72 horas como presidente<\/a><\/h4>\n<\/div>\n<div class=\"article  estirar\" style=\"font-style: inherit\">\n<div class=\"miniatura\" style=\"font-style: inherit\">\n<div class=\"foto figure\" style=\"font-style: inherit\"><a style=\"font-style: inherit;color: #016ca2\" title=\"Ver noticia\" href=\"http:\/\/api.cxense.com\/public\/widget\/click\/G1b-SLAJwhDVCkXI3EWv5G2lEFTl4xidmoULONtbf14kvyDOH6m3sbn6-pn_fB3npW10HmeVW6yZUi2lLFWSLjgOJB7BRDmllrt6PVrNdGHew4NahB0g86oq0j69uN388a1Xd4WjEc0ZAeUawoycUl9oq1qej1EtKqrjXqEliGYsZeyJ4QDxYzjFjAOajZPhZIN7eZW56CEbAQcXNBLUzaOrp2xOP1ynAlDOxCFlWCfIh_fnmbHmARZEh81eaRzQvgGjHF8Nryb50V4Zs04Cbk2sa5AQLtJWwOwWXbutbWTyYE3M2nPXJviPKaEeCC10tHDVZAtnO2TypoRCe6ompY5_zS5cbs5yPFrSSW8z1VOdU8jYN4W1-x8H65-LsKJ80Ym0pZJZWBLTo97YHHwJ4mjbsjLE2ferVXyn-qPYKDLnWFmF1C08_BUBGudfzHC2ZIQwalrJDuVM_SqI329cMWskcQ3JDHilJJFJyq3JEnIvIEqxwZ6Hcafw1v3UQNhbTVBii28Qfgjrk2Fe7eO33ABrG4skw4CbJXfVqtiM80PkP_bZXdGwE4AXii9j3_A5FqEciXdmSd0u6jG3JBJcXsUb0_TB51WM-UKRIop-nCUjU1vufw_EljMD-JtK_9uhj8cukjt2mS0pJJJuUozKKvNPbigehywn0Y4oIGGrT7J7JgjSIO4mcyR8y_os0?rel=cx_articulo\"><img loading=\"lazy\" decoding=\"async\" style=\"font-style: inherit\" title=\"\" src=\"http:\/\/content-thumbnail.cxpublic.com\/content\/dominantthumbnail\/0a51b266c1ca204af15a5a3a06d21e98c0952c4f.jpg?58823174\" alt=\"\" width=\"140\" height=\"100\" \/><\/a><\/div>\n<\/div>\n<h4 style=\"font-weight: inherit;font-style: inherit;color: #111111\"><a style=\"font-style: inherit;color: #000000\" title=\"Ver noticia\" href=\"http:\/\/api.cxense.com\/public\/widget\/click\/G1b-SLAJwhDVCkXI3EWv5G2lEFTl4xidmoULONtbf14kvyDOH6m3sbn6-pn_fB3npW10HmeVW6yZUi2lLFWSLjgOJB7BRDmllrt6PVrNdGHew4NahB0g86oq0j69uN388a1Xd4WjEc0ZAeUawoycUl9oq1qej1EtKqrjXqEliGYsZeyJ4QDxYzjFjAOajZPhZIN7eZW56CEbAQcXNBLUzaOrp2xOP1ynAlDOxCFlWCfIh_fnmbHmARZEh81eaRzQvgGjHF8Nryb50V4Zs04Cbk2sa5AQLtJWwOwWXbutbWTyYE3M2nPXJviPKaEeCC10tHDVZAtnO2TypoRCe6ompY5_zS5cbs5yPFrSSW8z1VOdU8jYN4W1-x8H65-LsKJ80Ym0pZJZWBLTo97YHHwJ4mjbsjLE2ferVXyn-qPYKDLnWFmF1C08_BUBGudfzHC2ZIQwalrJDuVM_SqI329cMWskcQ3JDHilJJFJyq3JEnIvIEqxwZ6Hcafw1v3UQNhbTVBii28Qfgjrk2Fe7eO33ABrG4skw4CbJXfVqtiM80PkP_bZXdGwE4AXii9j3_A5FqEciXdmSd0u6jG3JBJcXsUb0_TB51WM-UKRIop-nCUjU1vufw_EljMD-JtK_9uhj8cukjt2mS0pJJJuUozKKvNPbigehywn0Y4oIGGrT7J7JgjSIO4mcyR8y_os0?rel=cx_articulo\">La Casa Blanca m\u00e1s blanca, rica y masculina de Donald Trump<\/a><\/h4>\n<\/div>\n<div class=\"article  estirar\" style=\"font-style: inherit\">\n<div class=\"miniatura\" style=\"font-style: inherit\">\n<div class=\"foto figure\" style=\"font-style: inherit\"><a style=\"font-style: inherit;color: #016ca2\" title=\"Ver noticia\" href=\"http:\/\/api.cxense.com\/public\/widget\/click\/eHTeueEJnreNj48byS-1c0rRj0xN7gtX3XTGJFRVrm3TQpVQq7e7OKM9wSrKm5ATG0tVO9CvJuoJmxD0Y6VA3NMt_m_5xWTsdr_a4HY23P_7OBFs86qussgAqmje4tRD-FYgaHCpqXg1lTApxWxmsNBjdVk_txARuZDK-E2Zr9JBSryb55JZS4dDFK5j2vQ0ZiOvM3egA8vgB9Vx1Gucl7SeJ-w8YrsUQOsIchHZL5UKWJzkWJSzGRU5F_aZb5z8FPlPA482Fq_DcGMC5gSoCz81Hz2P-_Lr_Ep7VeUMw26NF96uC0okIIMXR99pKdKLLIRhD00jvTCihJwC48AcTAI-h0ODtIETybSnEpmUCS_oD1ZGTkJTx_sDbj70551inhNoVcRgU57T8RrGI-KzT-IMyKHE9V0MLwq_z6s_TqjDoh-7QjzwwrlHbFhn6y194h1H5QOD-taJLjX7Ex4JLoMl1OJKjJ2HlBYU2aWhqFnDUJpAT2mjtokHi8CbhebYrUdVY8gaMEPG6wQtPNzhZ2FibPNfxGzzxeo6a_PqAfSV8uzoiCQVQvLBW6Kl4gnEAIvkP0X7n_UQp2MaiE-rqTXFVOnDvOQhSuTVPl7gofI9Thv9y-oxPJm1AQYznlL-maqzu3c2a9ImS-1rebE8Dk512Ao-zfDyTm80X4ZWzp80QwlNGl7azjcybhcO0?rel=cx_articulo\"><img loading=\"lazy\" decoding=\"async\" style=\"font-style: inherit\" title=\"\" src=\"http:\/\/content-thumbnail.cxpublic.com\/content\/dominantthumbnail\/8ce203c26843b2dfab378126827e53236e3f6b56.jpg?588279e3\" alt=\"\" width=\"140\" height=\"100\" \/><\/a><\/div>\n<\/div>\n<h4 style=\"font-weight: inherit;font-style: inherit;color: #111111\"><a style=\"font-style: inherit;color: #000000\" title=\"Ver noticia\" href=\"http:\/\/api.cxense.com\/public\/widget\/click\/eHTeueEJnreNj48byS-1c0rRj0xN7gtX3XTGJFRVrm3TQpVQq7e7OKM9wSrKm5ATG0tVO9CvJuoJmxD0Y6VA3NMt_m_5xWTsdr_a4HY23P_7OBFs86qussgAqmje4tRD-FYgaHCpqXg1lTApxWxmsNBjdVk_txARuZDK-E2Zr9JBSryb55JZS4dDFK5j2vQ0ZiOvM3egA8vgB9Vx1Gucl7SeJ-w8YrsUQOsIchHZL5UKWJzkWJSzGRU5F_aZb5z8FPlPA482Fq_DcGMC5gSoCz81Hz2P-_Lr_Ep7VeUMw26NF96uC0okIIMXR99pKdKLLIRhD00jvTCihJwC48AcTAI-h0ODtIETybSnEpmUCS_oD1ZGTkJTx_sDbj70551inhNoVcRgU57T8RrGI-KzT-IMyKHE9V0MLwq_z6s_TqjDoh-7QjzwwrlHbFhn6y194h1H5QOD-taJLjX7Ex4JLoMl1OJKjJ2HlBYU2aWhqFnDUJpAT2mjtokHi8CbhebYrUdVY8gaMEPG6wQtPNzhZ2FibPNfxGzzxeo6a_PqAfSV8uzoiCQVQvLBW6Kl4gnEAIvkP0X7n_UQp2MaiE-rqTXFVOnDvOQhSuTVPl7gofI9Thv9y-oxPJm1AQYznlL-maqzu3c2a9ImS-1rebE8Dk512Ao-zfDyTm80X4ZWzp80QwlNGl7azjcybhcO0?rel=cx_articulo\">Un antisistema en el trono del mundo<\/a><\/h4>\n<\/div>\n<\/div>\n<div class=\"envoltorio_publi estirar\" style=\"font-style: inherit\"><\/div>\n<\/div>\n<\/aside>\n","protected":false},"excerpt":{"rendered":"<p>Las controvertidas iniciativas figuran en la agenda de la nueva Casa Blanca<\/p>\n","protected":false},"author":5842,"featured_media":0,"comment_status":"open","ping_status":"open","sticky":false,"template":"","format":"standard","meta":{"footnotes":""},"categories":[24],"tags":[],"class_list":["post-469645","post","type-post","status-publish","format-standard","hentry","category-mundo"],"_links":{"self":[{"href":"https:\/\/diarioelpopular.com\/index.php\/wp-json\/wp\/v2\/posts\/469645","targetHints":{"allow":["GET"]}}],"collection":[{"href":"https:\/\/diarioelpopular.com\/index.php\/wp-json\/wp\/v2\/posts"}],"about":[{"href":"https:\/\/diarioelpopular.com\/index.php\/wp-json\/wp\/v2\/types\/post"}],"author":[{"embeddable":true,"href":"https:\/\/diarioelpopular.com\/index.php\/wp-json\/wp\/v2\/users\/5842"}],"replies":[{"embeddable":true,"href":"https:\/\/diarioelpopular.com\/index.php\/wp-json\/wp\/v2\/comments?post=469645"}],"version-history":[{"count":2,"href":"https:\/\/diarioelpopular.com\/index.php\/wp-json\/wp\/v2\/posts\/469645\/revisions"}],"predecessor-version":[{"id":469648,"href":"https:\/\/diarioelpopular.com\/index.php\/wp-json\/wp\/v2\/posts\/469645\/revisions\/469648"}],"wp:attachment":[{"href":"https:\/\/diarioelpopular.com\/index.php\/wp-json\/wp\/v2\/media?parent=469645"}],"wp:term":[{"taxonomy":"category","embeddable":true,"href":"https:\/\/diarioelpopular.com\/index.php\/wp-json\/wp\/v2\/categories?post=469645"},{"taxonomy":"post_tag","embeddable":true,"href":"https:\/\/diarioelpopular.com\/index.php\/wp-json\/wp\/v2\/tags?post=469645"}],"curies":[{"name":"wp","href":"https:\/\/api.w.org\/{rel}","templated":true}]}}