{"id":469652,"date":"2017-01-21T13:26:06","date_gmt":"2017-01-21T18:26:06","guid":{"rendered":"http:\/\/diarioelpopular.com\/?p=469652"},"modified":"2017-01-21T13:26:06","modified_gmt":"2017-01-21T18:26:06","slug":"le-pen-anuncia-el-nacimiento-de-un-nuevo-mundo-con-el-ejemplo-de-trump","status":"publish","type":"post","link":"https:\/\/diarioelpopular.com\/index.php\/2017\/01\/21\/le-pen-anuncia-el-nacimiento-de-un-nuevo-mundo-con-el-ejemplo-de-trump\/","title":{"rendered":"Le Pen anuncia el nacimiento de un nuevo mundo con el ejemplo de Trump"},"content":{"rendered":"<div id=\"attachment_469653\" style=\"width: 570px\" class=\"wp-caption aligncenter\"><a href=\"https:\/\/diarioelpopular.com\/wp-content\/uploads\/2017\/01\/1485010154_810692_1485011461_noticia_normal_recorte1.jpg\"><img loading=\"lazy\" decoding=\"async\" aria-describedby=\"caption-attachment-469653\" class=\"size-large wp-image-469653\" src=\"https:\/\/diarioelpopular.com\/wp-content\/uploads\/2017\/01\/1485010154_810692_1485011461_noticia_normal_recorte1-560x421.jpg\" alt=\"Marine Le Pen (i) y Wilders se toma un selfie este s\u00e1bado en Coblenza \" width=\"560\" height=\"421\" \/><\/a><p id=\"caption-attachment-469653\" class=\"wp-caption-text\">Marine Le Pen (i) y Wilders se toma un selfie este s\u00e1bado en Coblenza<\/p><\/div>\n<p style=\"color: #444444\">M\u00e1s de 2.000 a\u00f1os despu\u00e9s de que los romanos bautizaran como Confluentes el lugar donde se unen los r\u00edos Rin y Mosela, esta ciudad alemana sirvi\u00f3 el\u00a0<a style=\"font-style: inherit;color: #016ca2\" href=\"http:\/\/internacional.elpais.com\/internacional\/2017\/01\/20\/actualidad\/1484931058_482553.html\">s\u00e1bado como escenario de confluencia de las fuerzas populistas antinmigraci\u00f3n de Europa<\/a>. En Coblenza, los l\u00edderes de la ultraderecha de Francia, Alemania y Holanda dieron la bienvenida a la oleada de cambios que comenz\u00f3 con el<em>Brexit<\/em>\u00a0y continu\u00f3 con la victoria en EE UU de Donald Trump. Y anunciaron la llegada de una nueva Europa tras las elecciones que los tres pa\u00edses celebrar\u00e1n en 2017, al que ya han bautizado como \u201cel a\u00f1o de los patriotas\u201d.<\/p>\n<p style=\"color: #444444\">Nada m\u00e1s ver a sus l\u00edderes, el p\u00fablico entr\u00f3 en \u00e9xtasis. Escoltados por ayudantes que ondeaban las banderas de sus pa\u00edses, la francesa\u00a0<a style=\"font-style: inherit;color: #016ca2\" href=\"http:\/\/elpais.com\/tag\/marine_le_pen\/a\">Marine Le Pen<\/a>, la alemana<a style=\"font-style: inherit;color: #016ca2\" href=\"http:\/\/internacional.elpais.com\/internacional\/2017\/01\/05\/actualidad\/1483626540_999572.html\">Frauke Petry<\/a>, el holand\u00e9s\u00a0<a style=\"font-style: inherit;color: #016ca2\" href=\"http:\/\/elpais.com\/tag\/geert_wilders\/a\">Geert Wilders<\/a>\u00a0y el\u00a0<a style=\"font-style: inherit;color: #016ca2\" href=\"http:\/\/elpais.com\/tag\/liga_norte\/a\">italiano Matteo Salvini<\/a>\u00a0irrumpieron en la sala principal del centro de congresos de Coblenza para anunciar su disposici\u00f3n a liderar la era que se avecina. Quiz\u00e1s fue Wilders el que mejor resumi\u00f3 la idea. \u201cAyer, una nueva Am\u00e9rica; hoy, Coblenza; y ma\u00f1ana, una nueva Europa\u201d, areng\u00f3 a los presentes, a los que prometi\u00f3 una \u201cprimavera patri\u00f3tica\u201d.<\/p>\n<div id=\"ds_cpp\" class=\"ds_cpp\" style=\"color: #444444\">\n<div class=\"ds_cpp_inner\" style=\"font-style: inherit\">\n<div class=\"ds_body\" style=\"font-style: inherit\">\n<div id=\"ds_player_container\" style=\"font-style: inherit\">\n<div id=\"ds_content_frame_parent\" style=\"font-style: inherit\">\n<div style=\"font-style: inherit\">\u00a0Le Pen, presidenta del Frente Nacional, inaugur\u00f3 la ronda con aires guerreros. \u201c2017 ser\u00e1 el a\u00f1o en el que los pueblos de la Europa continental se despertar\u00e1n\u201d, dijo la mujer que, seg\u00fan las encuestas, tiene una plaza asegurada en la segunda vuelta de las presidenciales francesas de mayo. &#8220;Asistimos al fin de un mundo y al nacimiento de otro&#8221;, a\u00f1adi\u00f3. Con un deje ir\u00f3nico, Le Pen celebr\u00f3 la asistencia masiva de periodistas como prueba de que los l\u00edderes reunidos en Coblenza est\u00e1n a punto de hacerse cargo del carro europeo.<\/div>\n<\/div>\n<\/div>\n<\/div>\n<\/div>\n<\/div>\n<p style=\"color: #444444\">Todos los oradores reivindicaron la libertad e idiosincrasia de cada Estado-Naci\u00f3n para decidir qu\u00e9 pol\u00edticas les convienen. Pese a las alabanzas a las diferencias nacionales, las recetas de todos ellos se parecen sorprendentemente. Todos se empe\u00f1aron en dar por muerta a una Uni\u00f3n Europea que, seg\u00fan el holand\u00e9s Wilders, impide la libertad a los ciudadanos; y a la que Petry lleg\u00f3 a comparar con la Alemania nazi o la Rusia sovi\u00e9tica. Para Le Pen, la UE se ha convertido en enemiga de la \u201clibertad, la seguridad y la prosperidad\u201d.<\/p>\n<p style=\"color: #444444\">Dos ausentes fueron los protagonistas. El primero, Trump. Su victoria ha dado alas a los populistas europeos. La otra es la canciller Angela Merkel. Ninguno de los oradores resisti\u00f3 la tentaci\u00f3n de atacarla. La menci\u00f3n de su nombre bastaba para que el p\u00fablico \u2013que no llen\u00f3 una sala con capacidad para un millar de personas- gritara enfervorecido: \u201c\u00a1Merkel tiene que irse!\u201d, la frase que se repite en todas las convocatorias de Alternativa para Alemania (AfD).<\/p>\n<p style=\"color: #444444\">Petry, copresidenta de este partido, aprovech\u00f3 la ocasi\u00f3n para presentarse como l\u00edder indiscutida, a la altura de Le Pen y Wilders. Pero, a diferencia de sus compa\u00f1eros de podio, ella no tiene asegurada la candidatura de AfD a las elecciones alemanas de septiembre. Como asegura a este peri\u00f3dico el polit\u00f3logo Timo Lochocki, el acto de Coblenza se entiende como un colosal trabajo de relaciones p\u00fablicas en torno a Petry, que hasta hace poco negaba cualquier similitud con Le Pen o Trump.<\/p>\n<p style=\"color: #444444\">Mientras los ultras hablaban, unas 5.000 personas, seg\u00fan los c\u00e1lculos de la polic\u00eda, se manifestaban contra los populistas frente a la estaci\u00f3n de trenes de Coblenza. Hasta all\u00ed se desplaz\u00f3 el l\u00edder socialdem\u00f3crata Sigmar Gabriel, cuyo partido sufre unos sondeos p\u00e9simos que le colocan como segunda fuerza con solo un 20% de los votos, no muy lejos del 15% que podr\u00eda obtener AfD. En el lugar donde confluyen los dos r\u00edos, la llamada Esquina Alemana, los activistas de Avaaz colocaron unas figuras de tres metros de los dictadores Hitler, Stalin, Mussolini, Franco y Petain. \u201cLos l\u00edderes de la extrema derecha esconden las viejas ideas fascistas bajo el manto de un patriotismo moderno\u201d, explic\u00f3 el director de campa\u00f1a de Avaaz, Pascal Vollenweider.<\/p>\n","protected":false},"excerpt":{"rendered":"<p>Los ultras europeos arremeten contra Merkel y la UE con la vista puesta en las elecciones de este a\u00f1o<\/p>\n","protected":false},"author":5842,"featured_media":0,"comment_status":"open","ping_status":"open","sticky":false,"template":"","format":"standard","meta":{"footnotes":""},"categories":[24],"tags":[],"class_list":["post-469652","post","type-post","status-publish","format-standard","hentry","category-mundo"],"_links":{"self":[{"href":"https:\/\/diarioelpopular.com\/index.php\/wp-json\/wp\/v2\/posts\/469652","targetHints":{"allow":["GET"]}}],"collection":[{"href":"https:\/\/diarioelpopular.com\/index.php\/wp-json\/wp\/v2\/posts"}],"about":[{"href":"https:\/\/diarioelpopular.com\/index.php\/wp-json\/wp\/v2\/types\/post"}],"author":[{"embeddable":true,"href":"https:\/\/diarioelpopular.com\/index.php\/wp-json\/wp\/v2\/users\/5842"}],"replies":[{"embeddable":true,"href":"https:\/\/diarioelpopular.com\/index.php\/wp-json\/wp\/v2\/comments?post=469652"}],"version-history":[{"count":1,"href":"https:\/\/diarioelpopular.com\/index.php\/wp-json\/wp\/v2\/posts\/469652\/revisions"}],"predecessor-version":[{"id":469654,"href":"https:\/\/diarioelpopular.com\/index.php\/wp-json\/wp\/v2\/posts\/469652\/revisions\/469654"}],"wp:attachment":[{"href":"https:\/\/diarioelpopular.com\/index.php\/wp-json\/wp\/v2\/media?parent=469652"}],"wp:term":[{"taxonomy":"category","embeddable":true,"href":"https:\/\/diarioelpopular.com\/index.php\/wp-json\/wp\/v2\/categories?post=469652"},{"taxonomy":"post_tag","embeddable":true,"href":"https:\/\/diarioelpopular.com\/index.php\/wp-json\/wp\/v2\/tags?post=469652"}],"curies":[{"name":"wp","href":"https:\/\/api.w.org\/{rel}","templated":true}]}}