{"id":469695,"date":"2017-01-24T16:35:38","date_gmt":"2017-01-24T21:35:38","guid":{"rendered":"http:\/\/diarioelpopular.com\/?p=469695"},"modified":"2017-01-24T16:35:48","modified_gmt":"2017-01-24T21:35:48","slug":"trump-resucita-dos-polemicos-oleoductos-con-canada-frenados-por-obama","status":"publish","type":"post","link":"https:\/\/diarioelpopular.com\/index.php\/2017\/01\/24\/trump-resucita-dos-polemicos-oleoductos-con-canada-frenados-por-obama\/","title":{"rendered":"Trump resucita dos pol\u00e9micos oleoductos con Canad\u00e1 frenados por Obama"},"content":{"rendered":"<p>&nbsp;<\/p>\n<div id=\"attachment_469696\" style=\"width: 570px\" class=\"wp-caption aligncenter\"><a href=\"https:\/\/diarioelpopular.com\/wp-content\/uploads\/2017\/01\/1485273185_448772_1485278740_noticia_fotograma.jpg\"><img loading=\"lazy\" decoding=\"async\" aria-describedby=\"caption-attachment-469696\" class=\"size-large wp-image-469696\" src=\"https:\/\/diarioelpopular.com\/wp-content\/uploads\/2017\/01\/1485273185_448772_1485278740_noticia_fotograma-560x315.jpg\" alt=\"Donald Trump en el Despacho Oval.\" width=\"560\" height=\"315\" \/><\/a><p id=\"caption-attachment-469696\" class=\"wp-caption-text\">Donald Trump en el Despacho Oval.<\/p><\/div>\n<p><a style=\"color: #016ca2\" href=\"http:\/\/elpais.com\/tag\/donald_trump\/a\">Donald Trump<\/a><span style=\"color: #444444\">\u00a0firm\u00f3 este martes dos \u00f3rdenes ejecutivas para resucitar los proyectos de construcci\u00f3n de dos pol\u00e9micos oleoductos \u2013el Keystone XL y Dakota Access-, que la Administraci\u00f3n de Obama fren\u00f3 con el da\u00f1o medioambiental como argumento. La medida refleja el giro que el nuevo Gobierno estadounidense da tambi\u00e9n en este \u00e1mbito, si bien el presidente advierte de que \u201crenegociar\u00e1\u201d las condiciones de la obra. Un rato antes, en una reuni\u00f3n con ejecutivos de la automoci\u00f3n, dijo que &#8220;el ecologismo est\u00e1 fuera de control\u201d.<\/span><\/p>\n<p><span style=\"color: #444444\">El giro proteccionista de su pol\u00edtica econ\u00f3mica tambi\u00e9n impregna el asunto de los oleoductos de la discordia, ya que en otro decreto el presidente tambi\u00e9n plantea que estos nuevos sistemas de tubos deben producirse en Estados Unidos, con material estadounidense. \u201cCompra productos americano, contrata a trabajadores americanos\u201d, dijo en su discurso inaugural, y en esa misma l\u00ednea se expres\u00f3 este martes mientras rubricaba los decretos.<\/span><\/p>\n<p style=\"color: #444444\">\u201cVamos a renegociar algunas condiciones\u201d, dijo el republicano, \u201cy si les gusta, veremos si podemos construir ese oleoducto, [habr\u00e1] muchos empleos, 28.000 estupendos empleos de construcci\u00f3n\u201d. \u201cVamos a devolver al trabajo a un mont\u00f3n de trabajadores del acero\u201d. \u201cVamos a construir nuestros propios tubos, como en los viejos tiempos\u201d, enfatiz\u00f3 el empresario neoyorquino, que ha convertido la vuelta a la Am\u00e9rica m\u00e1s fabril en uno de los ejes de su pol\u00edtica.<\/p>\n<p style=\"color: #444444\">El bloqueo del macroproyecto Keystone \u2013la ampliaci\u00f3n de un tubo que transportar\u00eda petr\u00f3leo desde Canad\u00e1 hasta el golfo de M\u00e9xico- fue una victoria del movimiento ecologista tras a\u00f1os de batalla. La compa\u00f1\u00eda TransCanada lo present\u00f3 en 2008 y sali\u00f3 adelante en el Congreso en 2014, gracias a la nueva mayor\u00eda republicana, pero Obama lo acab\u00f3 vetando.<\/p>\n<p style=\"color: #444444\">El Dakota Access, que\u00a0<a style=\"font-style: inherit;color: #016ca2\" href=\"http:\/\/internacional.elpais.com\/internacional\/2016\/09\/08\/estados_unidos\/1473364357_938198.html\">moviliz\u00f3 a la tribu sioux de Dakota del Norte<\/a>\u00a0porque afecta a su reserva, se fren\u00f3 por decisi\u00f3n del presidente dem\u00f3crata el pasado septiembre, a la espera de c\u00f3mo el caso avanzaba en los tribunales. El tubo unir\u00eda Dakota, un estado clave en el\u00a0<em>boom<\/em>\u00a0del\u00a0<em>fracking<\/em>\u00a0(la pol\u00e9mica t\u00e9cnica de fractura hidr\u00e1ulica del subsuelo), con Illinois pero, seg\u00fan los sioux, atravesar\u00eda tierras ancestrales y contaminar\u00eda sus aguas.<\/p>\n<p style=\"color: #444444\">Los detractores del Keystone XL \u2013un proyecto que supone ampliar en 1.900 kil\u00f3metros la tuber\u00eda, hasta sumar m\u00e1s de 2.700-, argumentan que el petr\u00f3leo que se transporta resulta muy contaminante y que, adem\u00e1s, la obra supone atravesar espacios protegidos y no hace sino aumentar la dependencia de las energ\u00edas f\u00f3siles. Sus defensores esgrimen las decenas de miles de empleos que se crear\u00e1n y el abaratamiento de la energ\u00eda para las empresas. El tramo paralizado unir\u00eda Alberta (Canad\u00e1) con Nebraska hasta conectar con otro tramo ya existente que llegar\u00eda al golfo de M\u00e9xico y permit\u00edra transportar 830.000 barriles diarios.<\/p>\n<h3 style=\"color: #111111\">Giro en pol\u00edtica ambiental<\/h3>\n<p style=\"color: #444444\">Trump cumple as\u00ed, en los primeros d\u00edas de su presidencia, otra de sus promesas electorales, que era impulsar este tipo de obras. El republicano se alinea en este caso con la filosof\u00eda de su partido, que era favorable al oleoducto, aunque se desmarca al poner como condici\u00f3n la producci\u00f3n dom\u00e9stica del proyecto, en l\u00ednea con ese giro proteccionista que s\u00ed rompe el credo conservador y que el d\u00eda anterior se hizo palpable con\u00a0<a style=\"font-style: inherit;color: #016ca2\" href=\"http:\/\/internacional.elpais.com\/internacional\/2017\/01\/23\/estados_unidos\/1485184656_242993.html?rel=lom\">la retirada del tratado comercial pac\u00edfico<\/a>\u00a0<a style=\"font-style: inherit;color: #016ca2\" href=\"http:\/\/internacional.elpais.com\/internacional\/2017\/01\/23\/estados_unidos\/1485184656_242993.html?rel=lom\">(TPP).<\/a><\/p>\n<p style=\"color: #444444\">En asuntos medioambientales, el nuevo presidente estadounidense ha dejado muy claro desde la campa\u00f1a que iba a aplicar una pol\u00edtica muy diferente de la de su predecesor, que en septiembre ratific\u00f3 el pacto de Par\u00eds contra el cambio clim\u00e1tico. Trump, por el contrario, no solo se comprometi\u00f3 a dar mayores facilidades a la industria del petr\u00f3leo y el carb\u00f3n, sino que lleg\u00f3 a tachar el calentamiento global de \u201cbulo\u201d fabricado por China para poner cortapisas regulatorias a la competitividad de las empresas americanas, aunque tras las elecciones matiz\u00f3 sus palabras. Fue tambi\u00e9n significativa su elecci\u00f3n para el puesto de director de la Agencia para la Protecci\u00f3n del Medio Ambiente, donde coloc\u00f3 a Scott Pruitt, un fiscal de Oklahoma (estado volcado en petr\u00f3leo y carb\u00f3n) que bloque\u00f3 varias regulaciones de Obama.<\/p>\n<p style=\"color: #444444\">A los ejecutivos de grupos automovil\u00edsticos con los que se reuni\u00f3 por la ma\u00f1ana (General Motors, Ford Motor y Fiat Chrysler), Trump les prometi\u00f3 precisamente incentivos fiscales y una rebaja de la carga regulatoria a cambio de que potencien la producci\u00f3n en Estados Unidos, sobre todo, de estos veh\u00edculos destinados a este mercado.<\/p>\n<section id=\"sumario_3|despiece\" class=\"sumario_despiece centro\" style=\"color: #444444\"><a style=\"font-style: inherit;color: #016ca2\" name=\"sumario_3\"><\/a><\/p>\n<div class=\"sumario__interior\" style=\"font-style: inherit\">\n<header class=\"sumario-encabezado\" style=\"font-style: inherit\">\n<h4 class=\"sumario-titulo\" style=\"font-style: inherit;color: #111111\"><span class=\"sin_enlace\" style=\"font-weight: inherit;font-style: inherit\">DESMONTAR LA ERA OBAMA<\/span><\/h4>\n<\/header>\n<div class=\"sumario-texto\" style=\"font-style: inherit\">\n<p style=\"font-style: inherit\">En sus primeros cinco d\u00edas en la Casa Blanca, Donald Trump ha puesto en marcha medidas encaminadas a desmantelar medidas clave en el tan tra\u00eddo y llevado legado de Barack Obama. Si su primer decreto, el mismo d\u00eda de la jura del cargo, instaba a su Administraci\u00f3n a flexibilizar la regulaci\u00f3n relacionada con la reforma sanitaria, el Obamacare, el pasado lunes dio carpetazo al Tratado comercial con el Pac\u00edfico, una apuesta muy personal de Obama, quien en este frente se enfrentaba incluso a sus propios correligionarios dem\u00f3cratas. La reactivaci\u00f3n del oleoducto Keystone tambi\u00e9n entierra el veto ecologista del dem\u00f3crata.<\/p>\n<\/div>\n<\/div>\n<\/section>\n","protected":false},"excerpt":{"rendered":"<p>&#8220;El ecologismo est\u00e1 fuera de control&#8221;, dice el presidente de Estados Unidos<\/p>\n","protected":false},"author":5842,"featured_media":0,"comment_status":"open","ping_status":"open","sticky":false,"template":"","format":"standard","meta":{"footnotes":""},"categories":[21,24],"tags":[],"class_list":["post-469695","post","type-post","status-publish","format-standard","hentry","category-canada","category-mundo"],"_links":{"self":[{"href":"https:\/\/diarioelpopular.com\/index.php\/wp-json\/wp\/v2\/posts\/469695","targetHints":{"allow":["GET"]}}],"collection":[{"href":"https:\/\/diarioelpopular.com\/index.php\/wp-json\/wp\/v2\/posts"}],"about":[{"href":"https:\/\/diarioelpopular.com\/index.php\/wp-json\/wp\/v2\/types\/post"}],"author":[{"embeddable":true,"href":"https:\/\/diarioelpopular.com\/index.php\/wp-json\/wp\/v2\/users\/5842"}],"replies":[{"embeddable":true,"href":"https:\/\/diarioelpopular.com\/index.php\/wp-json\/wp\/v2\/comments?post=469695"}],"version-history":[{"count":1,"href":"https:\/\/diarioelpopular.com\/index.php\/wp-json\/wp\/v2\/posts\/469695\/revisions"}],"predecessor-version":[{"id":469697,"href":"https:\/\/diarioelpopular.com\/index.php\/wp-json\/wp\/v2\/posts\/469695\/revisions\/469697"}],"wp:attachment":[{"href":"https:\/\/diarioelpopular.com\/index.php\/wp-json\/wp\/v2\/media?parent=469695"}],"wp:term":[{"taxonomy":"category","embeddable":true,"href":"https:\/\/diarioelpopular.com\/index.php\/wp-json\/wp\/v2\/categories?post=469695"},{"taxonomy":"post_tag","embeddable":true,"href":"https:\/\/diarioelpopular.com\/index.php\/wp-json\/wp\/v2\/tags?post=469695"}],"curies":[{"name":"wp","href":"https:\/\/api.w.org\/{rel}","templated":true}]}}