{"id":469698,"date":"2017-01-24T16:39:14","date_gmt":"2017-01-24T21:39:14","guid":{"rendered":"http:\/\/diarioelpopular.com\/?p=469698"},"modified":"2017-01-24T16:39:14","modified_gmt":"2017-01-24T21:39:14","slug":"el-chapo-ante-el-juez-de-los-datos-encriptados","status":"publish","type":"post","link":"https:\/\/diarioelpopular.com\/index.php\/2017\/01\/24\/el-chapo-ante-el-juez-de-los-datos-encriptados\/","title":{"rendered":"El Chapo, ante el juez de los datos encriptados"},"content":{"rendered":"<div id=\"cuerpo_noticia\" class=\"articulo-cuerpo\" style=\"color: #444444\">\n<div id=\"attachment_469699\" style=\"width: 570px\" class=\"wp-caption aligncenter\"><a href=\"https:\/\/diarioelpopular.com\/wp-content\/uploads\/2017\/01\/1485211792_471534_1485211940_noticia_normal_recorte1.jpg\"><img loading=\"lazy\" decoding=\"async\" aria-describedby=\"caption-attachment-469699\" class=\"size-large wp-image-469699\" src=\"https:\/\/diarioelpopular.com\/wp-content\/uploads\/2017\/01\/1485211792_471534_1485211940_noticia_normal_recorte1-560x342.jpg\" alt=\"El Chapo y su defensa frente al juez Orenstein.\" width=\"560\" height=\"342\" \/><\/a><p id=\"caption-attachment-469699\" class=\"wp-caption-text\">El Chapo y su defensa frente al juez Orenstein.<\/p><\/div>\n<p style=\"font-style: inherit\">James Orenstein est\u00e1 acostumbrado a los grandes casos. Se trata del juez asignado para llevar en Brooklyn (Nueva York) el proceso contra Joaqu\u00edn\u00a0<em>El Chapo\u00a0<\/em>Guzm\u00e1n. El primer encuentro con el capo de la droga el pasado viernes no le llev\u00f3 m\u00e1s de 10 minutos. \u201c\u00bfSabe por que est\u00e1 aqu\u00ed?\u201d, le pregunt\u00f3. \u201cS\u00ed, se\u00f1or\u201d, respondi\u00f3 en espa\u00f1ol\u00a0<a style=\"font-style: inherit;color: #016ca2\" href=\"http:\/\/internacional.elpais.com\/internacional\/2017\/01\/20\/mexico\/1484948052_333853.html\" target=\"_blank\">el narcotraficante antes de declararse \u201cno culpable\u201d<\/a>\u00a0de los 17 cargos que pesan sobre \u00e9l por liderar el C\u00e1rtel de Sinaloa, una de las mayores organizaciones criminales del mundo.<\/p>\n<p style=\"font-style: inherit\">Orenstein es uno de los 17 magistrados que componen la corte penal del Distrito Este de Nueva York. El juez, de 54 a\u00f1os, estudi\u00f3 en la escuela internacional de las Naciones Unidas. Complet\u00f3 su formaci\u00f3n en Harvard y la Universidad de Nueva York. Como fiscal, particip\u00f3 en los equipos que llevaron la causa penal por\u00a0<a style=\"font-style: inherit;color: #016ca2\" href=\"http:\/\/elpais.com\/diario\/1995\/04\/23\/internacional\/798588002_850215.html\" target=\"_blank\">el atentado de 1995 en Oklahoma<\/a>, en el que un coche bomba puesto por terroristas de ultraderecha mat\u00f3 a 168 personas, y el juicio contra John Cotti, jefe de la familia Gambino.<\/p>\n<p style=\"font-style: inherit\">El juez se col\u00f3 hace un a\u00f1o en los titulares de la prensa al negar al Departamento de Justicia el\u00a0<a style=\"font-style: inherit;color: #016ca2\" href=\"http:\/\/internacional.elpais.com\/internacional\/2016\/03\/01\/actualidad\/1456795054_006840.html\" target=\"_blank\">acceso a los datos encriptados de un iPhone<\/a>\u00a0que pertenec\u00eda a un acusado por narcotr\u00e1fico. La fiscal\u00eda quer\u00eda una puerta trasera para poder dotarse de pruebas con las que apoyar su causa. El magistrado consider\u00f3 que las autoridades se exced\u00edan en su poder y puso en duda su constitucionalidad.<\/p>\n<p style=\"font-style: inherit\">Orenstein pertenece al grupo conocido como\u00a0<em>magistrados de la revuelta<\/em>. Es un movimiento en los niveles inferiores del sistema judicial federal que desde hace a\u00f1os alerta del creciente n\u00famero de \u00f3rdenes para recopilar datos electr\u00f3nicos. Su opini\u00f3n en el caso del iPhone supuso\u00a0<a style=\"font-style: inherit;color: #016ca2\" href=\"http:\/\/tecnologia.elpais.com\/tecnologia\/2016\/04\/01\/actualidad\/1459511234_351118.html\" target=\"_blank\">una importante victoria legal para Apple<\/a>, en su f\u00e9rrea defensa de la privacidad de sus usuarios de sus dispositivos.<\/p>\n<p style=\"font-style: inherit\">La batalla legal tuvo lugar en medio de un encendido debate p\u00fablico por una solicitud similar del FBI para acceder\u00a0<a style=\"font-style: inherit;color: #016ca2\" href=\"http:\/\/internacional.elpais.com\/internacional\/2016\/02\/17\/actualidad\/1455702891_642434.html\" target=\"_blank\">al tel\u00e9fono m\u00f3vil del autor del atentado de San Bernardino<\/a>. La opini\u00f3n de Orenstein fue la primera en cuestionar la autoridad del Gobierno a la hora de exigir a las firmas tecnol\u00f3gicas un dise\u00f1o de sus productos que permita vigilar a los usuarios en nombre de la seguridad.<\/p>\n<h3 style=\"font-style: inherit;color: #111111\">Pr\u00f3xima vista<\/h3>\n<p style=\"font-style: inherit\">Orenstein ha supervisado una amplia variedad de casos. Es preciso y punzante al cuestionar la interpretaci\u00f3n de los principios de la ley. Asumi\u00f3 el cargo de magistrado en 2004 y ejerce como profesor adjunto en las escuelas de derecho de las universidades de Nueva York, donde dirige un seminario especializado en investigaciones federales de gran complejidad, as\u00ed como en Fordham y Brooklyn. Tambi\u00e9n imparti\u00f3 cursos sobre la pena de muerte y sobre responsabilidad profesional en causas criminales.<\/p>\n<p style=\"font-style: inherit\">El tribunal de Brooklyn no es elegido por casualidad para llevar ahora\u00a0<a style=\"font-style: inherit;color: #016ca2\" href=\"http:\/\/internacional.elpais.com\/internacional\/2017\/01\/20\/estados_unidos\/1484935069_537617.html\" target=\"_blank\">el proceso penal contra El Chapo.<\/a>\u00a0Es, seguramente, la corte que cuenta con m\u00e1s recursos en EE UU para hacer frente a este tipo de causas. La segunda vista con el narco mexicano est\u00e1 prevista para el viernes de la pr\u00f3xima semana. El acusado cuenta, b\u00e1sicamente, con un plazo de dos semanas para empezar a montar su defensa. Pero este plazo suele prolongarse y m\u00e1s trat\u00e1ndose de en un caso de tal complejidad. El fiscal Robert Capers adelanta que participar\u00e1n al menos 40 testigos.<\/p>\n<\/div>\n","protected":false},"excerpt":{"rendered":"<p>James Orenstein, que llevar\u00e1 el proceso del capo mexicano, acapar\u00f3 los focos el a\u00f1o pasado por negar al Departamento de Justicia el acceso al m\u00f3vil de un acusado por narcotr\u00e1fico<\/p>\n","protected":false},"author":5842,"featured_media":0,"comment_status":"open","ping_status":"open","sticky":false,"template":"","format":"standard","meta":{"footnotes":""},"categories":[24],"tags":[],"class_list":["post-469698","post","type-post","status-publish","format-standard","hentry","category-mundo"],"_links":{"self":[{"href":"https:\/\/diarioelpopular.com\/index.php\/wp-json\/wp\/v2\/posts\/469698","targetHints":{"allow":["GET"]}}],"collection":[{"href":"https:\/\/diarioelpopular.com\/index.php\/wp-json\/wp\/v2\/posts"}],"about":[{"href":"https:\/\/diarioelpopular.com\/index.php\/wp-json\/wp\/v2\/types\/post"}],"author":[{"embeddable":true,"href":"https:\/\/diarioelpopular.com\/index.php\/wp-json\/wp\/v2\/users\/5842"}],"replies":[{"embeddable":true,"href":"https:\/\/diarioelpopular.com\/index.php\/wp-json\/wp\/v2\/comments?post=469698"}],"version-history":[{"count":1,"href":"https:\/\/diarioelpopular.com\/index.php\/wp-json\/wp\/v2\/posts\/469698\/revisions"}],"predecessor-version":[{"id":469700,"href":"https:\/\/diarioelpopular.com\/index.php\/wp-json\/wp\/v2\/posts\/469698\/revisions\/469700"}],"wp:attachment":[{"href":"https:\/\/diarioelpopular.com\/index.php\/wp-json\/wp\/v2\/media?parent=469698"}],"wp:term":[{"taxonomy":"category","embeddable":true,"href":"https:\/\/diarioelpopular.com\/index.php\/wp-json\/wp\/v2\/categories?post=469698"},{"taxonomy":"post_tag","embeddable":true,"href":"https:\/\/diarioelpopular.com\/index.php\/wp-json\/wp\/v2\/tags?post=469698"}],"curies":[{"name":"wp","href":"https:\/\/api.w.org\/{rel}","templated":true}]}}