{"id":469711,"date":"2017-01-25T09:42:24","date_gmt":"2017-01-25T14:42:24","guid":{"rendered":"http:\/\/diarioelpopular.com\/?p=469711"},"modified":"2017-01-25T09:42:34","modified_gmt":"2017-01-25T14:42:34","slug":"el-muro-de-trump-abre-una-era-hostil-con-mexico","status":"publish","type":"post","link":"https:\/\/diarioelpopular.com\/index.php\/2017\/01\/25\/el-muro-de-trump-abre-una-era-hostil-con-mexico\/","title":{"rendered":"El muro de Trump abre una era hostil con M\u00e9xico"},"content":{"rendered":"<div id=\"attachment_469712\" style=\"width: 570px\" class=\"wp-caption aligncenter\"><a href=\"https:\/\/diarioelpopular.com\/wp-content\/uploads\/2017\/01\/1485348197_142784_1485348765_noticia_normal_recorte1.jpg\"><img loading=\"lazy\" decoding=\"async\" aria-describedby=\"caption-attachment-469712\" class=\"size-large wp-image-469712\" src=\"https:\/\/diarioelpopular.com\/wp-content\/uploads\/2017\/01\/1485348197_142784_1485348765_noticia_normal_recorte1-560x318.jpg\" alt=\"Encuentro entre el presidente de M\u00e9xico, Enrique Pe\u00f1a Nieto, y el entonces candidato a la presidencia de Estados Unidos, Donald Trump, el pasado agosto.\" width=\"560\" height=\"318\" \/><\/a><p id=\"caption-attachment-469712\" class=\"wp-caption-text\">Encuentro entre el presidente de M\u00e9xico, Enrique Pe\u00f1a Nieto, y el entonces candidato a la presidencia de Estados Unidos, Donald Trump, el pasado agosto.<\/p><\/div>\n<p style=\"color: #444444\">Donald Trump cumple sus promesas. A los cinco d\u00edas de jurar el cargo, el presidente de Estados Unidos va a firmar la orden ejecutiva para\u00a0<a style=\"font-style: inherit;color: #016ca2\" href=\"http:\/\/internacional.elpais.com\/internacional\/2017\/01\/25\/estados_unidos\/1485306667_055915.html\">construir un muro con M\u00e9xico<\/a>. La decisi\u00f3n abre una inmensa fisura entre ambos pa\u00edses. Aunque ya exista una divisoria f\u00edsica de casi 1.100 kil\u00f3metros, la medida marca el inicio de una era hostil. Un tiempo donde la estabilidad y a\u00f1os de buena vecindad dejan de importar, y que, de momento, tiene un claro perdedor: M\u00e9xico.<\/p>\n<section id=\"sumario_1|apoyos\" class=\"sumario_apoyos derecha\" style=\"color: #444444\"><a style=\"font-style: inherit;color: #016ca2\" name=\"sumario_1\"><\/a><\/p>\n<div class=\"sumario__interior\" style=\"font-style: inherit\">\n<header class=\"sumario-encabezado\" style=\"font-style: inherit\">\n<h3 class=\"sumario-titulo\" style=\"font-style: inherit;color: #111111\"><span class=\"sin_enlace\" style=\"font-weight: inherit;font-style: inherit\">M\u00c1S INFORMACI\u00d3N<\/span><\/h3>\n<\/header>\n<div class=\"sumario-texto\" style=\"font-style: inherit\">\n<div class=\"apoyos\" style=\"font-style: inherit\">\n<ul class=\"apoyos-listado\" style=\"font-style: inherit\">\n<li class=\"apoyo_ apoyo_sinfoto\" style=\"font-style: inherit\"><span class=\"apoyo-titulo\" style=\"font-style: inherit\"><a style=\"font-style: inherit;color: #000000\" href=\"http:\/\/internacional.elpais.com\/internacional\/2017\/01\/21\/actualidad\/1484980594_386165.html\">Trump prioriza el proteccionismo, los recortes fiscales y el muro con M\u00e9xico<\/a><\/span><\/li>\n<li class=\"apoyo_ apoyo_sinfoto\" style=\"font-style: inherit\"><span class=\"apoyo-titulo\" style=\"font-style: inherit\"><a style=\"font-style: inherit;color: #000000\" href=\"http:\/\/internacional.elpais.com\/internacional\/2017\/01\/18\/mexico\/1484753141_441944.html\">Donald Trump, el enemigo n\u00famero uno de M\u00e9xico<\/a><\/span><\/li>\n<li class=\"apoyo_ apoyo_sinfoto\" style=\"font-style: inherit\"><span class=\"apoyo-titulo\" style=\"font-style: inherit\"><a style=\"font-style: inherit;color: #000000\" href=\"http:\/\/economia.elpais.com\/economia\/2017\/01\/20\/actualidad\/1484949627_276094.html\">Las cinco amenazas de Trump a M\u00e9xico<\/a><\/span><\/li>\n<\/ul>\n<\/div>\n<\/div>\n<\/div>\n<\/section>\n<p style=\"color: #444444\">La iniciativa estadounidene va mucho m\u00e1s all\u00e1 de un intento de frenar un problema migratorio. Este apenas existe. O al menos ya no es masivo. Desde hace a\u00f1os\u00a0<a style=\"font-style: inherit;color: #016ca2\" href=\"http:\/\/internacional.elpais.com\/internacional\/2015\/11\/20\/mexico\/1448030891_015397.html\">el saldo migratorio es negativo<\/a>\u00a0y salen m\u00e1s mexicanos de Estados Unidos que los que entran (140.000 m\u00e1s solo en 2014). Pero eso, en el contexto trumpiano, pesa poco. El muro no es una obra f\u00edsica, es un s\u00edmbolo.<\/p>\n<p style=\"color: #444444\">Como buen constructor, Trump sabe que la pol\u00edtica necesita del cemento. Tiene que verse y tocarse. El muro sirve a este fin. Y no viene solo. Le acompa\u00f1an\u00a0<a style=\"font-style: inherit;color: #016ca2\" href=\"http:\/\/internacional.elpais.com\/internacional\/2017\/01\/23\/estados_unidos\/1485184656_242993.html\">la demolici\u00f3n del Tratado de Libre Comercio<\/a>, las restricciones a la inmigraci\u00f3n y la amenaza fiscal para aquellas empresas que busquen abaratar costes en M\u00e9xico. Los pilares de su nacionalismo proteccionista. El credo que le ha permitido ganar las elecciones con el voto de las masas blancas empobrecidas.<\/p>\n<p style=\"color: #444444\">No se trata de una decisi\u00f3n impulsiva, sino estrat\u00e9gica. Con ella, Trump abre el interrogante sobre las relaciones futuras. Todo est\u00e1 en cuesti\u00f3n y eso le permite reequilibrar una balanza comercial que en estos momentos es favorable a M\u00e9xico. El muro no es s\u00f3lo una separaci\u00f3n. Tambi\u00e9n act\u00faar\u00e1 como una se\u00f1al de alerta. Un aviso de que el vecino del sur no es un pa\u00eds seguro para las inversiones.<\/p>\n<p style=\"color: #444444\">Para M\u00e9xico es la peor de las pesadillas. La entrada en el Tratado de Libre Comercio abri\u00f3 las puertas a la modernidad e hizo pasar las exportaciones a Estados Unidos de 3.800 millones de d\u00f3lares en 1994 a 20.000 millones en la actualidad. Y m\u00e1s all\u00e1 de lo econ\u00f3mico, implic\u00f3 la entrada de un pa\u00eds con fuertes trazas de subdesarrollo en un \u00e1rea donde se sent\u00eda proyectada y con un porvenir. La reactivaci\u00f3n de la divisoria, en un momento en que ya no hay apenas presi\u00f3n migratoria, echa por tierra esa esperanza. El tratado se hunde y la frontera se vuelve un muro. Los peores fantasmas del pasado emergen otra vez. M\u00e9xico nunca ha olvidado la anexi\u00f3n territorial del 1846 ni la ocupaci\u00f3n estadounidense de Veracruz de 1914. Con el\u00a0<em>America First<\/em>, el peor de los rostros de Washington vuelve a vislumbrarse en el horizonte.<\/p>\n<p style=\"color: #444444\">\u201cCon Trump, nos enfrentamos a un cambio de paradigma. Esto puede terminar en una guerra en todos los sentidos, salvo el militar\u201d, ha dicho\u00a0<a style=\"font-style: inherit;color: #016ca2\" href=\"http:\/\/elpais.com\/tag\/enrique_krauze\/a\">el historiador Enrique Krauze<\/a>. \u201cSe ha registrado un cambio radical en el trato hacia M\u00e9xico: hay un rechazo altanero al vecino m\u00e1s d\u00e9bil, una amenaza de persecuci\u00f3n a los mexicanos por el hecho de serlo, discriminaci\u00f3n, arrogancia y abuso de poder\u201d, ha escrito el pensador H\u00e9ctor Aguilar Cam\u00edn.<\/p>\n<p style=\"color: #444444\">Pero el golpe de Trump no se mide solo en lo estrat\u00e9gico. En el corto plazo, supone una bomba para Enrique Pe\u00f1a Nieto y arruina\u00a0<a style=\"font-style: inherit;color: #016ca2\" href=\"http:\/\/internacional.elpais.com\/internacional\/2017\/01\/22\/estados_unidos\/1485120759_902356.html\">su reuni\u00f3n con el presidente estadounidense<\/a>\u00a0prevista para el martes pr\u00f3ximo para revisar la relaci\u00f3n bilateral y el Tratado de Libre Comercio. Al igual que hiciera\u00a0<a style=\"font-style: inherit;color: #016ca2\" href=\"http:\/\/internacional.elpais.com\/internacional\/2016\/10\/24\/mexico\/1477325533_963229.html\">a finales de agosto en su visita rel\u00e1mpago<\/a>, el republicano ha humillado p\u00fablicamente a su vecino. En aquella cita lo hizo a las pocas horas de haber estrechado la mano de Pe\u00f1a Nieto. En un multitudinario mitin en Phoenix (Arizona), cuando en Los Pinos se pensaba que la batalla estaba ganada, el magnate proclam\u00f3: \u201cM\u00e9xico pagar\u00e1 el muro. Al 100%. Todav\u00eda no lo saben, pero pagar\u00e1n por el muro\u201d.<\/p>\n<p style=\"color: #444444\">Ahora el golpe ha sido a priori. Antes de su reuni\u00f3n, ha puesto la p\u00f3lvora bajo los pies de Pe\u00f1a Nieto. Le ha dejado inerme ante una opini\u00f3n p\u00fablica cada vez m\u00e1s enfurecida y ha empeque\u00f1ecido cualquier avance que pueda obtener de la negociaci\u00f3n. Si el presidente mexicano persiste en su visita, le espera el peor de los escenarios posibles. Uno en el que\u00a0<a style=\"font-style: inherit;color: #016ca2\" href=\"http:\/\/internacional.elpais.com\/internacional\/2017\/01\/25\/actualidad\/1485305205_525732.html\">hasta Canad\u00e1 se ha dado de baja del Tratado de Libre Comercio<\/a>\u00a0y donde su campo de maniobra es m\u00ednimo y sometido a las intemperancias del magnate.<\/p>\n<p style=\"color: #444444\">&#8220;Ha anunciado el muro justo cuando el secretario de Exteriores y el de Econom\u00eda llegaban a Washington para iniciar la negociaci\u00f3n. Es un insulto e instala un clima de enfrentamiento en la apertura de las conversaciones. Pe\u00f1a Nieto deber\u00eda cancelar su viaje. M\u00e9xico no puede vivir bajo esta amenaza permanente. Es inaceptable&#8221;, se\u00f1ala el intelectual y antiguo canciller Jorge Casta\u00f1eda.<\/p>\n<p style=\"color: #444444\">Bajo esta presi\u00f3n, las apelaciones de Pe\u00f1a Nieto a negociar sin \u201csumisi\u00f3n ni confrontaci\u00f3n\u201d no parecen suficientes. En su \u00faltimo a\u00f1o de mandato pleno y con su valoraci\u00f3n tocando m\u00ednimos hist\u00f3ricos, el presidente mexicano ha entrado de la mano de Trump en zona oscura. La econom\u00eda ha iniciado un periodo de fuerte inestabilidad, con p\u00e9rdida de inversi\u00f3n extranjera, aumento de la inflaci\u00f3n y depreciaci\u00f3n del peso. Y en el terreno pol\u00edtico, los embates del estadounidense est\u00e1n beneficiando al gran rival del PRI, el izquierdista Andr\u00e9s Manuel L\u00f3pez Obrador.<\/p>\n<p style=\"color: #444444\">Cualquier movimiento de Trump, por mucho que lo quieran minimizar el Gobierno de Pe\u00f1a Nieto, es ahora mismo pol\u00edtica interna mexicana. Y de momento se est\u00e1n cumpliendo las peores expectativas. Una era de inestabilidad ha comenzado.<\/p>\n","protected":false},"excerpt":{"rendered":"<p>La orden ejecutiva para construir la divisoria echa por tierra a\u00f1os de estabilidad y dinamita la visita de Pe\u00f1a Nieto a Washington<\/p>\n","protected":false},"author":5842,"featured_media":0,"comment_status":"open","ping_status":"open","sticky":false,"template":"","format":"standard","meta":{"footnotes":""},"categories":[23,24],"tags":[],"class_list":["post-469711","post","type-post","status-publish","format-standard","hentry","category-latinoamerica","category-mundo"],"_links":{"self":[{"href":"https:\/\/diarioelpopular.com\/index.php\/wp-json\/wp\/v2\/posts\/469711","targetHints":{"allow":["GET"]}}],"collection":[{"href":"https:\/\/diarioelpopular.com\/index.php\/wp-json\/wp\/v2\/posts"}],"about":[{"href":"https:\/\/diarioelpopular.com\/index.php\/wp-json\/wp\/v2\/types\/post"}],"author":[{"embeddable":true,"href":"https:\/\/diarioelpopular.com\/index.php\/wp-json\/wp\/v2\/users\/5842"}],"replies":[{"embeddable":true,"href":"https:\/\/diarioelpopular.com\/index.php\/wp-json\/wp\/v2\/comments?post=469711"}],"version-history":[{"count":1,"href":"https:\/\/diarioelpopular.com\/index.php\/wp-json\/wp\/v2\/posts\/469711\/revisions"}],"predecessor-version":[{"id":469713,"href":"https:\/\/diarioelpopular.com\/index.php\/wp-json\/wp\/v2\/posts\/469711\/revisions\/469713"}],"wp:attachment":[{"href":"https:\/\/diarioelpopular.com\/index.php\/wp-json\/wp\/v2\/media?parent=469711"}],"wp:term":[{"taxonomy":"category","embeddable":true,"href":"https:\/\/diarioelpopular.com\/index.php\/wp-json\/wp\/v2\/categories?post=469711"},{"taxonomy":"post_tag","embeddable":true,"href":"https:\/\/diarioelpopular.com\/index.php\/wp-json\/wp\/v2\/tags?post=469711"}],"curies":[{"name":"wp","href":"https:\/\/api.w.org\/{rel}","templated":true}]}}