{"id":469737,"date":"2017-01-26T11:33:09","date_gmt":"2017-01-26T16:33:09","guid":{"rendered":"http:\/\/diarioelpopular.com\/?p=469737"},"modified":"2017-01-26T11:33:17","modified_gmt":"2017-01-26T16:33:17","slug":"trump-amenaza-con-suspender-la-reunion-con-pena-nieto-si-mexico-no-paga-el-muro","status":"publish","type":"post","link":"https:\/\/diarioelpopular.com\/index.php\/2017\/01\/26\/trump-amenaza-con-suspender-la-reunion-con-pena-nieto-si-mexico-no-paga-el-muro\/","title":{"rendered":"Trump amenaza con suspender la reuni\u00f3n con Pe\u00f1a Nieto si M\u00e9xico no paga el muro"},"content":{"rendered":"<div id=\"cuerpo_noticia\" class=\"articulo-cuerpo\" style=\"color: #444444\">\n<div id=\"attachment_469738\" style=\"width: 570px\" class=\"wp-caption aligncenter\"><a href=\"https:\/\/diarioelpopular.com\/wp-content\/uploads\/2017\/01\/1485439953_853606_1485445600_noticia_fotograma.jpg\"><img loading=\"lazy\" decoding=\"async\" aria-describedby=\"caption-attachment-469738\" class=\"size-large wp-image-469738\" src=\"https:\/\/diarioelpopular.com\/wp-content\/uploads\/2017\/01\/1485439953_853606_1485445600_noticia_fotograma-560x314.jpg\" alt=\"La valla fronteriza entre Estados Unidos y M\u00e9xico, vista desde Brownsville (Texas).\" width=\"560\" height=\"314\" \/><\/a><p id=\"caption-attachment-469738\" class=\"wp-caption-text\">La valla fronteriza entre Estados Unidos y M\u00e9xico, vista desde Brownsville (Texas).<\/p><\/div>\n<p style=\"font-style: inherit\">El presidente de Estados Unidos,\u00a0<a style=\"font-style: inherit;color: #016ca2\" href=\"http:\/\/elpais.com\/tag\/donald_trump\/a\">Donald Trump<\/a>, tom\u00f3 la delantera este jueves a su hom\u00f3logo mexicano, Enrique Pe\u00f1a Nieto, y fue \u00e9l quien ret\u00f3 al mandatario del pa\u00eds vecino a cancelar la reuni\u00f3n prevista para el pr\u00f3ximo martes, ya envenenada de inicio por el pol\u00e9mico muro que la nueva Casa Blanca quiere construir en la frontera. &#8220;Si M\u00e9xico no est\u00e1 dispuesto a pagar el tan necesario muro, entonces ser\u00eda mejor cancelar la inminente reuni\u00f3n [con Pe\u00f1a Nieto]&#8221;, se\u00f1al\u00f3 esta ma\u00f1ana Trump en su cuenta personal de Twitter.<\/p>\n<section id=\"sumario_1|html\" class=\"sumario_html izquierda\" style=\"font-style: inherit\"><a style=\"font-style: inherit;color: #016ca2\" name=\"sumario_1\"><\/a><\/p>\n<div class=\"sumario__interior\" style=\"font-style: inherit\">\n<div class=\"sumario-texto\" style=\"font-style: inherit\">\n<div class=\"SandboxRoot env-bp-min\" style=\"color: #1c2022\">\n<div id=\"twitter-widget-0\" class=\"EmbeddedTweet js-clickToOpenTarget\" lang=\"es\">\n<div class=\"EmbeddedTweet-tweet\">\n<blockquote class=\"Tweet h-entry js-tweetIdInfo subject expanded&lt;br \/&gt; \n<p>                    is-deciderHtmlWhitespace\" cite=\"https:\/\/twitter.com\/realDonaldTrump\/status\/824615820391305216\"><\/p>\n<div class=\"Tweet-header u-cf\">\n<div class=\"Tweet-brand u-floatRight\"><\/div>\n<div class=\"TweetAuthor \"><a class=\"TweetAuthor-link Identity u-linkBlend\" style=\"color: inherit\" href=\"https:\/\/twitter.com\/realDonaldTrump\"><span class=\"TweetAuthor-avatar Identity-avatar\"><img decoding=\"async\" class=\"Avatar\" src=\"https:\/\/pbs.twimg.com\/profile_images\/1980294624\/DJT_Headshot_V2_normal.jpg\" alt=\"\" \/><\/span><span class=\"TweetAuthor-name Identity-name customisable-highlight\" style=\"font-weight: bold\" title=\"Donald J. Trump\">Donald J. Trump<\/span>\u00a0<\/a><\/p>\n<div class=\"Icon Icon--verified \" title=\"Cuenta verificada\"><\/div>\n<p><a class=\"TweetAuthor-link Identity u-linkBlend\" style=\"color: inherit\" href=\"https:\/\/twitter.com\/realDonaldTrump\"><span class=\"TweetAuthor-verifiedBadge\"><span class=\"u-hiddenVisually\">\u2714<\/span><\/span><span class=\"TweetAuthor-screenName Identity-screenName\" dir=\"ltr\" style=\"color: #697882\" title=\"@realDonaldTrump\">@realDonaldTrump<\/span><\/a><\/p>\n<\/div>\n<\/div>\n<div class=\"Tweet-body e-entry-content\">\n<p class=\"Tweet-text e-entry-title\" dir=\"ltr\" lang=\"en\">The U.S. has a 60 billion dollar trade deficit with Mexico. It has been a one-sided deal from the beginning of NAFTA with massive numbers&#8230;<\/p>\n<div class=\"Tweet-metadata dateline\" style=\"color: #697882\"><a class=\"u-linkBlend u-url customisable-highlight long-permalink\" style=\"color: inherit\" href=\"https:\/\/twitter.com\/realDonaldTrump\/status\/824615820391305216\">08:51 &#8211; 26 ene 2017<\/a><\/div>\n<ul class=\"Tweet-actions\">\n<li class=\"Tweet-action\"><\/li>\n<li class=\"Tweet-action\">\n<div class=\"Icon Icon--retweet TweetAction-icon\" title=\"Retwittear\"><\/div>\n<p><a class=\"TweetAction TweetAction--retweet web-intent\" style=\"color: #697882\" href=\"https:\/\/twitter.com\/intent\/retweet?tweet_id=824615820391305216\">\u00a0<span class=\"TweetAction-stat\">12.108<\/span><span class=\"u-hiddenVisually\">12.108 Retweets<\/span><\/a><\/li>\n<li class=\"Tweet-action\">\n<div class=\"Icon Icon--heart TweetAction-icon\" title=\"Me gusta\"><\/div>\n<p><a class=\"TweetAction TweetAction--heart web-intent\" style=\"color: #697882\" href=\"https:\/\/twitter.com\/intent\/like?tweet_id=824615820391305216\">\u00a0<span class=\"TweetAction-stat\">41.491<\/span><span class=\"u-hiddenVisually\">41.491 me gusta<\/span><\/a><\/li>\n<\/ul>\n<\/div>\n<\/blockquote>\n<\/div>\n<\/div>\n<div class=\"resize-sensor\"><\/div>\n<\/div>\n<\/div>\n<\/div>\n<\/section>\n<p style=\"font-style: inherit\">La noche anterior, Pe\u00f1a Nieto\u00a0<a style=\"font-style: inherit;color: #016ca2\" href=\"http:\/\/internacional.elpais.com\/internacional\/2017\/01\/25\/mexico\/1485377427_697432.html\">no se atrev\u00eda a anular el encuentro<\/a>, pese a las presiones en esa direcci\u00f3n en su pa\u00eds, y ped\u00eda amargamente &#8220;respeto&#8221; para M\u00e9xico, el pa\u00eds al que Trump ha estado lanzando ataques desde que comenz\u00f3 su carrera hacia la presidencia de Estados Unidos.\u00a0&#8220;Quiero ser muy claro, la reuni\u00f3n por ahora sigue en pie, dijo. Pero hoy es el empresario neoyorquino quien fuerza el pulso y amenaza con no recibirle.<\/p>\n<section id=\"sumario_2|html\" class=\"sumario_html izquierda\" style=\"font-style: inherit\"><a style=\"font-style: inherit;color: #016ca2\" name=\"sumario_2\"><\/a><\/p>\n<div class=\"sumario__interior\" style=\"font-style: inherit\">\n<div class=\"sumario-texto\" style=\"font-style: inherit\">\n<div class=\"SandboxRoot env-bp-min\" style=\"color: #1c2022\">\n<div id=\"twitter-widget-1\" class=\"EmbeddedTweet js-clickToOpenTarget\" lang=\"es\">\n<div class=\"EmbeddedTweet-tweet\">\n<blockquote class=\"Tweet h-entry js-tweetIdInfo subject expanded&lt;br \/&gt; \n<p>                    is-deciderHtmlWhitespace\" cite=\"https:\/\/twitter.com\/realDonaldTrump\/status\/824616644370714627\"><\/p>\n<div class=\"Tweet-header u-cf\">\n<div class=\"Tweet-brand u-floatRight\"><\/div>\n<div class=\"TweetAuthor \"><a class=\"TweetAuthor-link Identity u-linkBlend\" style=\"color: inherit\" href=\"https:\/\/twitter.com\/realDonaldTrump\"><span class=\"TweetAuthor-avatar Identity-avatar\"><img decoding=\"async\" class=\"Avatar\" src=\"https:\/\/pbs.twimg.com\/profile_images\/1980294624\/DJT_Headshot_V2_normal.jpg\" alt=\"\" \/><\/span><span class=\"TweetAuthor-name Identity-name customisable-highlight\" style=\"font-weight: bold\" title=\"Donald J. Trump\">Donald J. Trump<\/span>\u00a0<\/a><\/p>\n<div class=\"Icon Icon--verified \" title=\"Cuenta verificada\"><\/div>\n<p><a class=\"TweetAuthor-link Identity u-linkBlend\" style=\"color: inherit\" href=\"https:\/\/twitter.com\/realDonaldTrump\"><span class=\"TweetAuthor-verifiedBadge\"><span class=\"u-hiddenVisually\">\u2714<\/span><\/span><span class=\"TweetAuthor-screenName Identity-screenName\" dir=\"ltr\" style=\"color: #697882\" title=\"@realDonaldTrump\">@realDonaldTrump<\/span><\/a><\/p>\n<\/div>\n<\/div>\n<div class=\"Tweet-body e-entry-content\">\n<p class=\"Tweet-text e-entry-title\" dir=\"ltr\" lang=\"en\">of jobs and companies lost. If Mexico is unwilling to pay for the badly needed wall, then it would be better to cancel the upcoming meeting.<\/p>\n<div class=\"Tweet-metadata dateline\" style=\"color: #697882\"><a class=\"u-linkBlend u-url customisable-highlight long-permalink\" style=\"color: inherit\" href=\"https:\/\/twitter.com\/realDonaldTrump\/status\/824616644370714627\">08:55 &#8211; 26 ene 2017<\/a><\/div>\n<ul class=\"Tweet-actions\">\n<li class=\"Tweet-action\"><\/li>\n<li class=\"Tweet-action\">\n<div class=\"Icon Icon--retweet TweetAction-icon\" title=\"Retwittear\"><\/div>\n<p><a class=\"TweetAction TweetAction--retweet web-intent\" style=\"color: #697882\" href=\"https:\/\/twitter.com\/intent\/retweet?tweet_id=824616644370714627\">\u00a0<span class=\"TweetAction-stat\">14.005<\/span><span class=\"u-hiddenVisually\">14.005 Retweets<\/span><\/a><\/li>\n<li class=\"Tweet-action\">\n<div class=\"Icon Icon--heart TweetAction-icon\" title=\"Me gusta\"><\/div>\n<p><a class=\"TweetAction TweetAction--heart web-intent\" style=\"color: #697882\" href=\"https:\/\/twitter.com\/intent\/like?tweet_id=824616644370714627\">\u00a0<span class=\"TweetAction-stat\">44.113<\/span><span class=\"u-hiddenVisually\">44.113 me gusta<\/span><\/a><\/li>\n<\/ul>\n<\/div>\n<\/blockquote>\n<\/div>\n<\/div>\n<div class=\"resize-sensor\"><\/div>\n<\/div>\n<\/div>\n<\/div>\n<\/section>\n<p style=\"font-style: inherit\">En sus mensajes de la ma\u00f1ana, Trump tambi\u00e9n defiende que Estados Unidos ha salido damnificado durante a\u00f1os en sus relaciones comerciales con el pa\u00eds de Pe\u00f1a Nieto. &#8220;EE UU tiene un d\u00e9ficit de 60.000 millones de d\u00f3lares con M\u00e9xico, ha sido un acuerdo desequilibrada desde el principio de la Nafta, provocando la p\u00e9rdida masiva de empresas y empleos&#8221;, dice, en l\u00ednea con el que ha sido discurso electoral.<\/p>\n<p style=\"font-style: inherit\">El mi\u00e9rcoles\u00a0<a style=\"font-style: inherit;color: #016ca2\" href=\"http:\/\/internacional.elpais.com\/internacional\/2017\/01\/25\/estados_unidos\/1485364719_634723.html\">hab\u00eda firmado la orden ejecutiva<\/a>\u00a0para comenzar &#8220;en meses&#8221; la construcci\u00f3n del famoso muro en la frontera entre los dos pa\u00edses con el fin, dice el presidente, de frenar la inmigraci\u00f3n ilegal, que el nuevo Gobierno estadounidense asocia a la criminalidad y la crisis de las clases medias de Estados Unidos.<\/p>\n<p style=\"font-style: inherit\"><a style=\"font-style: inherit;color: #016ca2\" href=\"http:\/\/internacional.elpais.com\/internacional\/2016\/10\/30\/mexico\/1477843472_939946.html\">Ya existe un muro<\/a>\u00a0que separa Estados Unidos y M\u00e9xico, f\u00edsico, m\u00e1s all\u00e1 de ese intangible que se acaba de levantar en la era Trump. Es una valla de unos 1.100 kil\u00f3metros, que cubre cerca de un tercio de la frontera, obra de presidentes republicanos y dem\u00f3cratas. La nueva barrera f\u00edsica de planea Trump, de gran calado pol\u00edtico aunque dudosa eficacia, requiere una inversi\u00f3n multimillonaria, que se estima en una horquilla de entre 14.000 y 20.000 millones de d\u00f3lares (entre 12.000 y 15.000 millones de euros), y que los contribuyentes estadounidenses tendr\u00e1n que pagar en primera instancia. Luego, seg\u00fan la Casa Blanca, los mexicanos se har\u00e1n cargo.<\/p>\n<section id=\"sumario_3|apoyos\" class=\"sumario_apoyos derecha\" style=\"font-style: inherit\"><a style=\"font-style: inherit;color: #016ca2\" name=\"sumario_3\"><\/a><\/p>\n<div class=\"sumario__interior\" style=\"font-style: inherit\">\n<header class=\"sumario-encabezado\" style=\"font-style: inherit\">\n<h3 class=\"sumario-titulo\" style=\"font-style: inherit;color: #111111\"><span class=\"sin_enlace\" style=\"font-weight: inherit;font-style: inherit\">M\u00c1S INFORMACI\u00d3N<\/span><\/h3>\n<\/header>\n<div class=\"sumario-texto\" style=\"font-style: inherit\">\n<div class=\"apoyos\" style=\"font-style: inherit\">\n<ul class=\"apoyos-listado\" style=\"font-style: inherit\">\n<li class=\"apoyo_ apoyo_sinfoto\" style=\"font-style: inherit\"><span class=\"apoyo-titulo\" style=\"font-style: inherit\"><a style=\"font-style: inherit;color: #000000\" href=\"http:\/\/elpais.com\/internacional\/2017\/01\/24\/actualidad\/1485277479_596035.html\">Las medidas de calado del Gabinete Trump desde que accedi\u00f3 al poder<\/a><\/span><\/li>\n<li class=\"apoyo_ apoyo_sinfoto\" style=\"font-style: inherit\"><span class=\"apoyo-titulo\" style=\"font-style: inherit\"><a style=\"font-style: inherit;color: #000000\" href=\"http:\/\/elpais.com\/internacional\/2017\/01\/26\/actualidad\/1485423766_189983.html\">El muro mental de Trump<\/a><\/span><\/li>\n<\/ul>\n<\/div>\n<\/div>\n<\/div>\n<\/section>\n<p style=\"font-style: inherit\"><a style=\"font-style: inherit;color: #016ca2\" href=\"http:\/\/internacional.elpais.com\/internacional\/2017\/01\/26\/actualidad\/1485408480_699132.html\">En su primera entrevista televisiva<\/a>\u00a0como presidente, el mi\u00e9rcoles por la noche en la Casa Blanca, insist\u00eda en esta l\u00ednea. \u201cSeremos reembolsados m\u00e1s tarde por alguna transacci\u00f3n que hagamos con M\u00e9xico\u201d, dijo. Desde\u00f1\u00f3 la negativa de Pe\u00f1a Nieto<strong style=\"font-style: inherit\">:<\/strong>\u00a0\u201cTiene que decir eso. Pero te estoy diciendo que habr\u00e1 un pago. Ser\u00e1 de una forma quiz\u00e1s complicada (\u2026) Creo que ser\u00e1 bueno para los dos pa\u00edses y que la relaci\u00f3n ser\u00e1 mejor de lo que ha sido nunca\u201d.<\/p>\n<p style=\"font-style: inherit\"><a style=\"font-style: inherit;color: #016ca2\" href=\"http:\/\/internacional.elpais.com\/internacional\/2017\/01\/25\/mexico\/1485377427_697432.html\">El Gobierno mexicano se encuentra entre la espada y la pared<\/a>, no puede dar por muertas las relaciones con la primera potencia del mundo, adem\u00e1s de su principal socio econ\u00f3mico, pero Trump est\u00e1 poniendo a prueba continuamente su dignidad nacional. En plena campa\u00f1a, despu\u00e9s de haber dicho que los inmigrantes indocumentados de este pa\u00eds eran &#8220;violadores&#8221;, fue recibido en M\u00e9xico por Pe\u00f1a Nieto, un encuentro que fue muy criticado por los mexicanos y no sirvi\u00f3 para limar ninguna aspereza. Nada m\u00e1s regresar, el entonces candidato presidencial insisti\u00f3 en que el muro se har\u00eda y lo pagar\u00edan ellos. Ahora, el incendio se produce a cuatro d\u00edas de la visita del presidente mexicano.<\/p>\n<\/div>\n","protected":false},"excerpt":{"rendered":"<p>El presidente de EE UU desaf\u00eda a su hom\u00f3logo mexicano, que pide &#8220;respeto&#8221;<\/p>\n","protected":false},"author":5842,"featured_media":0,"comment_status":"open","ping_status":"open","sticky":false,"template":"","format":"standard","meta":{"footnotes":""},"categories":[23,24],"tags":[],"class_list":["post-469737","post","type-post","status-publish","format-standard","hentry","category-latinoamerica","category-mundo"],"_links":{"self":[{"href":"https:\/\/diarioelpopular.com\/index.php\/wp-json\/wp\/v2\/posts\/469737","targetHints":{"allow":["GET"]}}],"collection":[{"href":"https:\/\/diarioelpopular.com\/index.php\/wp-json\/wp\/v2\/posts"}],"about":[{"href":"https:\/\/diarioelpopular.com\/index.php\/wp-json\/wp\/v2\/types\/post"}],"author":[{"embeddable":true,"href":"https:\/\/diarioelpopular.com\/index.php\/wp-json\/wp\/v2\/users\/5842"}],"replies":[{"embeddable":true,"href":"https:\/\/diarioelpopular.com\/index.php\/wp-json\/wp\/v2\/comments?post=469737"}],"version-history":[{"count":2,"href":"https:\/\/diarioelpopular.com\/index.php\/wp-json\/wp\/v2\/posts\/469737\/revisions"}],"predecessor-version":[{"id":469740,"href":"https:\/\/diarioelpopular.com\/index.php\/wp-json\/wp\/v2\/posts\/469737\/revisions\/469740"}],"wp:attachment":[{"href":"https:\/\/diarioelpopular.com\/index.php\/wp-json\/wp\/v2\/media?parent=469737"}],"wp:term":[{"taxonomy":"category","embeddable":true,"href":"https:\/\/diarioelpopular.com\/index.php\/wp-json\/wp\/v2\/categories?post=469737"},{"taxonomy":"post_tag","embeddable":true,"href":"https:\/\/diarioelpopular.com\/index.php\/wp-json\/wp\/v2\/tags?post=469737"}],"curies":[{"name":"wp","href":"https:\/\/api.w.org\/{rel}","templated":true}]}}