{"id":469803,"date":"2017-01-27T22:37:25","date_gmt":"2017-01-28T03:37:25","guid":{"rendered":"http:\/\/diarioelpopular.com\/?p=469803"},"modified":"2017-01-27T22:37:34","modified_gmt":"2017-01-28T03:37:34","slug":"trump-veta-la-entrada-de-refugiados-e-inmigrantes-de-varios-paises-musulmanes","status":"publish","type":"post","link":"https:\/\/diarioelpopular.com\/index.php\/2017\/01\/27\/trump-veta-la-entrada-de-refugiados-e-inmigrantes-de-varios-paises-musulmanes\/","title":{"rendered":"Trump veta la entrada de refugiados e inmigrantes de varios pa\u00edses musulmanes"},"content":{"rendered":"<div id=\"attachment_469804\" style=\"width: 570px\" class=\"wp-caption aligncenter\"><a href=\"https:\/\/diarioelpopular.com\/wp-content\/uploads\/2017\/01\/1485551816_434347_1485552088_noticia_normal.jpg\"><img loading=\"lazy\" decoding=\"async\" aria-describedby=\"caption-attachment-469804\" class=\"size-large wp-image-469804\" src=\"https:\/\/diarioelpopular.com\/wp-content\/uploads\/2017\/01\/1485551816_434347_1485552088_noticia_normal-560x381.jpg\" alt=\"Trump y Mattis, al llegar este viernes al Pent\u00e1gono \" width=\"560\" height=\"381\" \/><\/a><p id=\"caption-attachment-469804\" class=\"wp-caption-text\">Trump y Mattis, al llegar este viernes al Pent\u00e1gono<\/p><\/div>\n<p dir=\"ltr\" style=\"color: #444444\">El presidente\u00a0<a style=\"font-style: inherit;color: #016ca2\" href=\"http:\/\/elpais.com\/tag\/donald_trump\/a\/\">Donald Trump<\/a>\u00a0decret\u00f3 este viernes el cierre temporal de las fronteras de Estados Unidos para los inmigrantes de pa\u00edses de mayor\u00eda musulmana y para refugiados de todo el mundo. La decisi\u00f3n, anunciada en el Pent\u00e1gono, llega dos d\u00edas despu\u00e9s de que el nuevo presidente\u00a0<a style=\"font-style: inherit;color: #016ca2\" href=\"http:\/\/internacional.elpais.com\/internacional\/2017\/01\/26\/actualidad\/1485464544_040359.html\">ordenase<\/a>\u00a0la construcci\u00f3n de un muro en la frontera con M\u00e9xico para frenar la entrada de inmigrantes indocumentados latinoamericanos. Ambas medidas cumplen promesas electorales de Trump.<\/p>\n<section id=\"sumario_1|apoyos\" class=\"sumario_apoyos derecha\" style=\"color: #444444\"><a style=\"font-style: inherit;color: #016ca2\" name=\"sumario_1\"><\/a><\/p>\n<div class=\"sumario__interior\" style=\"font-style: inherit\">\n<header class=\"sumario-encabezado\" style=\"font-style: inherit\">\n<h3 class=\"sumario-titulo\" style=\"font-style: inherit;color: #111111\"><span class=\"sin_enlace\" style=\"font-weight: inherit;font-style: inherit\">M\u00c1S INFORMACI\u00d3N<\/span><\/h3>\n<\/header>\n<div class=\"sumario-texto\" style=\"font-style: inherit\">\n<div class=\"apoyos\" style=\"font-style: inherit\">\n<ul class=\"apoyos-listado\" style=\"font-style: inherit\">\n<li class=\"apoyo_ apoyo_sinfoto\" style=\"font-style: inherit\"><span class=\"apoyo-titulo\" style=\"font-style: inherit\"><a style=\"font-style: inherit;color: #000000\" href=\"http:\/\/internacional.elpais.com\/internacional\/2017\/01\/27\/estados_unidos\/1485473982_563360.html\">Alud de cr\u00edticas a Trump por defender la utilidad de la tortura<\/a><\/span><\/li>\n<li class=\"apoyo_ apoyo_sinfoto\" style=\"font-style: inherit\"><span class=\"apoyo-titulo\" style=\"font-style: inherit\"><a style=\"font-style: inherit;color: #000000\" href=\"http:\/\/internacional.elpais.com\/internacional\/2015\/12\/18\/estados_unidos\/1450471355_752467.html\">Los ataques islam\u00f3fobos se triplican en EE UU tras los \u00faltimos atentados<\/a><\/span><\/li>\n<li class=\"apoyo_ apoyo_sinfoto\" style=\"font-style: inherit\"><span class=\"apoyo-titulo\" style=\"font-style: inherit\"><a style=\"font-style: inherit;color: #000000\" href=\"http:\/\/internacional.elpais.com\/internacional\/2015\/12\/12\/estados_unidos\/1449942076_929299.html\">Los musulmanes apelan a su fundamento pac\u00edfico ante Trump<\/a><\/span><\/li>\n<\/ul>\n<\/div>\n<\/div>\n<\/div>\n<\/section>\n<p dir=\"ltr\" style=\"color: #444444\">La prohibici\u00f3n a la inmigraci\u00f3n de pa\u00edses musulmanes durar\u00e1 tres meses, y el veto a los refugiados, cuatro. La restricci\u00f3n, que tiene efecto inmediato, no afecta a los visados diplom\u00e1ticos y se aplicar\u00e1 mientras se efect\u00faa una revisi\u00f3n completa de los programas migratorios. El decreto rebaja a 50.000 el m\u00e1ximo n\u00famero de refugiados que se aceptar\u00e1n este a\u00f1o fiscal, casi la mitad que el a\u00f1o anterior.<\/p>\n<p dir=\"ltr\" style=\"color: #444444\">El veto es m\u00e1s severo que el que se hab\u00eda filtrado en un borrador esta semana, que hablaba de una prohibici\u00f3n de un mes, no de tres, a los visitantes de determinados pa\u00edses. En una entrevista, Trump explic\u00f3 que dar\u00e1 prioridad en la solicitud de refugio a cristianos sirios, algo que no detalla el decreto y que podr\u00eda vulnerar la Constituci\u00f3n que proh\u00edbe excluir a una religi\u00f3n.<\/p>\n<p dir=\"ltr\" style=\"color: #444444\">Trump visit\u00f3 el Pent\u00e1gono para firmar esa orden ejecutiva o decreto y un memorando que culminan una primera semana intensa en la presidencia. Ambas tiene que ver con uno de los temas que\u00a0<a style=\"font-style: inherit;color: #016ca2\" href=\"http:\/\/internacional.elpais.com\/internacional\/2015\/12\/07\/actualidad\/1449525974_483396.html\">centr\u00f3<\/a>\u00a0su campa\u00f1a electoral: el peligro \u2014no demostrado\u2014 que la entrada de refugiados e inmigrantes musulmanes representa para EE UU.<\/p>\n<section id=\"sumario_2|despiece\" class=\"sumario_despiece izquierda\" style=\"color: #444444\"><a style=\"font-style: inherit;color: #016ca2\" name=\"sumario_2\"><\/a><\/p>\n<div class=\"sumario__interior\" style=\"font-style: inherit\">\n<header class=\"sumario-encabezado\" style=\"font-style: inherit\">\n<h4 class=\"sumario-titulo\" style=\"font-style: inherit;color: #111111\"><span class=\"sin_enlace\" style=\"font-weight: inherit;font-style: inherit\">REGISTRO DE EXTRANJEROS \u2018RADICALIZADOS\u2019<\/span><\/h4>\n<\/header>\n<div class=\"sumario-texto\" style=\"font-style: inherit\">\n<p style=\"font-style: inherit\">El decreto no establece la creaci\u00f3n de un registro de musulmanes en Estados Unidos, una idea que Donald Trump hab\u00eda hecho flotar como candidato y que podr\u00eda ser ilegal por discriminar a una religi\u00f3n. Pero el decreto da pasos en esa direcci\u00f3n y pueden interpretarse como gui\u00f1os islam\u00f3fobos. Ordena que en 180 d\u00edas se haga p\u00fablico un registro con informaci\u00f3n sobre el n\u00famero de extranjeros en EE UU acusados o sentenciados por delitos terroristas, tambi\u00e9n de los que se \u201chan radicalizado\u201d en la ideolog\u00eda terrorista tras entrar al pa\u00eds o han cometido ataques a mujeres.<b style=\"font-style: inherit\"><\/b><\/p>\n<\/div>\n<\/div>\n<\/section>\n<p dir=\"ltr\" style=\"color: #444444\">La soluci\u00f3n de Trump es, como ante la inmigraci\u00f3n, echar el cerrojo hasta que EE UU mejore sus sistemas de control. El presidente quiere \u201cmantener a terroristas islamistas radicales\u201d fuera de EE UU, seg\u00fan dijo en un acto solemne en el Pent\u00e1gono en el que el general James Mattis jur\u00f3 el cargo como secretario de Defensa. \u201cSolo queremos a aquellos que apoyen a nuestro pa\u00eds y que quieran profundamente a nuestra gente\u201d.<\/p>\n<div id=\"elpais_gpt-MPU2\" class=\"publi_luto_vertical\" style=\"color: #444444\">\n<div id=\"google_ads_iframe_\/7811748\/elpais_web\/internacional\/mpu2_0__container__\" style=\"font-style: inherit\">El texto no detalla los pa\u00edses cuyos ciudadanos tienen prohibida la entrada durante tres meses, pero el borrador del decreto hac\u00eda referencia a siete: Siria, Ir\u00e1n, Irak, Sud\u00e1n, Somalia, Libia y Yemen. El veto podr\u00eda ser indefinido para aquellos pa\u00edses que no entreguen informaci\u00f3n migratoria requerida por EE UU, lo que puede afectar especialmente a Ir\u00e1n dado que no mantiene relaciones diplom\u00e1ticas con Washington.<\/div>\n<\/div>\n<p dir=\"ltr\" style=\"color: #444444\">En la lista no figurar\u00eda Arabia Saud\u00ed, pa\u00eds de procedencia de 15 de los 19 terroristas que atentaron con EE UU con aviones comerciales el 11 de septiembre de 2001. Tampoco incluir\u00eda a Emiratos \u00c1rabes Unidos y Egipto, el pa\u00eds de procedencia de otros tres de los terroristas. Las tres naciones son estrechos aliados de seguridad de Washington en Oriente Pr\u00f3ximo.<\/p>\n<p style=\"color: #444444\">El decreto establece una prohibici\u00f3n indefinida a la entrada de refugiados de Siria. La guerra civil en este pa\u00eds ha dejado casi cinco millones de refugiados. De estos, EE UU ha acogido a unos 12.000, seg\u00fan los \u00faltimos datos disponibles.<\/p>\n<p style=\"color: #444444\">Trump vincul\u00f3 el veto a la inmigraci\u00f3n con la memoria a los cerca de 3.000 muertos en los atentados del 11-S en las Torres Gemelas en Nueva York, el Pent\u00e1gono, a las afueras de Washington, y Pensilvania. \u201cLos honraremos no solo con nuestras palabras sino tambi\u00e9n con nuestras acciones, y eso es lo que estamos haciendo hoy\u201d, dijo.<\/p>\n<p style=\"color: #444444\">El objetivo, seg\u00fan reza el texto, es &#8220;proteger al pueblo estadounidense de ataques de extranjeros admitidos en Estados Unidos&#8221; y recuerda c\u00f3mo algunos de los terroristas del 11-S lograron visados. La orden ejecutiva justifica el veto en el hecho de que, tras los atentados de 2001, &#8220;numerosos&#8221; ciudadanos nacidos en el extranjero han estado relacionados con ataques terroristas en EE UU. La realidad, sin embargo, es que algunos de los \u00faltimos atentados en el pa\u00eds los han cometido ciudadanos de origen extranjero pero nacidos en EE UU, como el tiroteo de Orlando el pasado junio.<\/p>\n<p style=\"color: #444444\">Organizaciones progresistas y de defensa de los derechos humanos criticaron el decreto. \u201cExcluir a la gente seg\u00fan su nacionalidad -para lograr, de hecho, un veto basado en la religi\u00f3n- va en contra del tejido moral de nuestra naci\u00f3n y de nuestros intereses de seguridad nacional\u201d, dijo, en un comunicado, la presidenta del Center for American Progress, Neera Tanden.<\/p>\n<h3 style=\"color: #111111\"><strong style=\"font-style: inherit\">Precedentes<\/strong><\/h3>\n<p dir=\"ltr\" style=\"color: #444444\">La prohibici\u00f3n no es una decisi\u00f3n sin precedentes aunque el contexto sea distinto. Tras el 11-S, el Gobierno del republicano George W. Bush paraliz\u00f3 temporalmente el programa de acogida de refugiados.<\/p>\n<p dir=\"ltr\" style=\"color: #444444\">La ley permite a un presidente suspender la entrada de cualquier inmigrante cuando considere que \u201cva en detrimento de los intereses de Estados Unidos\u201d. Otros mandatarios lo han hecho, pero con un alcance mucho m\u00e1s limitado.<\/p>\n<p dir=\"ltr\" style=\"color: #444444\">Jennifer Gordon, profesora de Derecho en la Universidad Fordham especializada en inmigraci\u00f3n, explic\u00f3 esta semana a la revista\u00a0<em>The Atlantic<\/em>\u00a0que los \u00fanicos precedentes de un veto a una nacionalidad entera son los aprobados por el expresidente Jimmy Carter en 1980 respecto a ciudadanos iran\u00edes y Ronald Reagan en 1986 con la mayor\u00eda de cubanos. Hay antecedentes m\u00e1s limitados: Barack Obama prohibi\u00f3 la entrada de potenciales piratas inform\u00e1ticos relacionados con Ir\u00e1n o Siria; y George W. Bush a seguidores del r\u00e9gimen de Zimbabue.<\/p>\n<p dir=\"ltr\" style=\"color: #444444\">Trump ha repetido varias veces que con la Administraci\u00f3n Obama era \u201ccasi imposible\u201d para los cristianos de Oriente Pr\u00f3ximo entrar en EE UU, mientras que los musulmanes ten\u00edan las puertas abiertas. Se trata de un bulo. Seg\u00fan datos del Pew Research Center, en 2016 EE UU admiti\u00f3 casi el mismo n\u00famero de cristianos (37.521) que de musulmanes (38.901).<\/p>\n<p dir=\"ltr\" style=\"color: #444444\">Al principio de su campa\u00f1a para la Casa Blanca, Trump prometi\u00f3 vetar la entrada de musulmanes a EE UU. Despu\u00e9s matiz\u00f3 la promesa y dijo que el veto se aplicar\u00eda a las personas procedentes de pa\u00edses con presencia terrorista.<\/p>\n<p dir=\"ltr\" style=\"color: #444444\">En contra de las acusaciones del republicano, EE UU ya somete a las personas que buscan refugio a controles estrictos que pueden prolongarse a\u00f1os. El nuevo presidente\u00a0<a style=\"font-style: inherit;color: #016ca2\" href=\"http:\/\/internacional.elpais.com\/internacional\/2017\/01\/16\/estados_unidos\/1484521260_435183.html\">ha acusado<\/a>\u00a0a la canciller alemana, Angela Merkel, de cometer un \u201cerror catastr\u00f3fico\u201d en su pol\u00edtica de acogida de refugiados.<\/p>\n<p dir=\"ltr\" style=\"color: #444444\">Por otra parte, el memorando que firm\u00f3 el mandatario promueve un incremento del presupuesto, que debe aprobar el Congreso, del Departamento de Defensa. Aumentar\u00eda el n\u00famero de aviones y barcos, en l\u00ednea con las promesas electorales de Trump. \u201cNuestra fortaleza militar no ser\u00e1 cuestionada por nadie, tampoco nuestra dedicaci\u00f3n a la paz. Queremos paz\u201d, dijo.<\/p>\n","protected":false},"excerpt":{"rendered":"<p>El presidente firma un decreto que proh\u00edbe durante tres meses la llegada de determinadas nacionalidades y durante cuatro las de todos los asilados<\/p>\n","protected":false},"author":5842,"featured_media":0,"comment_status":"open","ping_status":"open","sticky":false,"template":"","format":"standard","meta":{"footnotes":""},"categories":[24],"tags":[],"class_list":["post-469803","post","type-post","status-publish","format-standard","hentry","category-mundo"],"_links":{"self":[{"href":"https:\/\/diarioelpopular.com\/index.php\/wp-json\/wp\/v2\/posts\/469803","targetHints":{"allow":["GET"]}}],"collection":[{"href":"https:\/\/diarioelpopular.com\/index.php\/wp-json\/wp\/v2\/posts"}],"about":[{"href":"https:\/\/diarioelpopular.com\/index.php\/wp-json\/wp\/v2\/types\/post"}],"author":[{"embeddable":true,"href":"https:\/\/diarioelpopular.com\/index.php\/wp-json\/wp\/v2\/users\/5842"}],"replies":[{"embeddable":true,"href":"https:\/\/diarioelpopular.com\/index.php\/wp-json\/wp\/v2\/comments?post=469803"}],"version-history":[{"count":1,"href":"https:\/\/diarioelpopular.com\/index.php\/wp-json\/wp\/v2\/posts\/469803\/revisions"}],"predecessor-version":[{"id":469805,"href":"https:\/\/diarioelpopular.com\/index.php\/wp-json\/wp\/v2\/posts\/469803\/revisions\/469805"}],"wp:attachment":[{"href":"https:\/\/diarioelpopular.com\/index.php\/wp-json\/wp\/v2\/media?parent=469803"}],"wp:term":[{"taxonomy":"category","embeddable":true,"href":"https:\/\/diarioelpopular.com\/index.php\/wp-json\/wp\/v2\/categories?post=469803"},{"taxonomy":"post_tag","embeddable":true,"href":"https:\/\/diarioelpopular.com\/index.php\/wp-json\/wp\/v2\/tags?post=469803"}],"curies":[{"name":"wp","href":"https:\/\/api.w.org\/{rel}","templated":true}]}}