{"id":469809,"date":"2017-01-27T22:50:53","date_gmt":"2017-01-28T03:50:53","guid":{"rendered":"http:\/\/diarioelpopular.com\/?p=469809"},"modified":"2017-01-27T22:51:01","modified_gmt":"2017-01-28T03:51:01","slug":"que-importan-los-hechos","status":"publish","type":"post","link":"https:\/\/diarioelpopular.com\/index.php\/2017\/01\/27\/que-importan-los-hechos\/","title":{"rendered":"\u00a1Qu\u00e9 importan los hechos!"},"content":{"rendered":"<div id=\"attachment_469810\" style=\"width: 570px\" class=\"wp-caption aligncenter\"><a href=\"https:\/\/diarioelpopular.com\/wp-content\/uploads\/2017\/01\/1485532030_075027_1485533020_noticia_normal.jpg\"><img loading=\"lazy\" decoding=\"async\" aria-describedby=\"caption-attachment-469810\" class=\"size-large wp-image-469810\" src=\"https:\/\/diarioelpopular.com\/wp-content\/uploads\/2017\/01\/1485532030_075027_1485533020_noticia_normal-560x390.jpg\" alt=\"Enfrentamiento entre bolcheviques y el Ej\u00e9rcito ruso en Petrogrado (hoy San Petersburgo) en 1917.\" width=\"560\" height=\"390\" \/><\/a><p id=\"caption-attachment-469810\" class=\"wp-caption-text\">Enfrentamiento entre bolcheviques y el Ej\u00e9rcito ruso en Petrogrado (hoy San Petersburgo) en 1917.<\/p><\/div>\n<p style=\"color: #444444\">Era un d\u00eda de marzo de 1917. Vlad\u00edmir Lenin acababa de recibir la noticia de que en Rusia hab\u00eda estallado por segunda vez una revoluci\u00f3n y llama a su camarada y amigo Giorgi Zinoviev, con quien vaga durante horas y horas por las calles de Z\u00farich comentando los acontecimientos. No cab\u00eda duda: lo ocurrido era repetici\u00f3n de 1905, cuando se form\u00f3 un Gobierno de constitucionalistas y dem\u00f3cratas, y un s\u00f3viet con mayor\u00eda de mencheviques y conciliadores, que acab\u00f3 derrotado por la reacci\u00f3n. Ahora, 12 a\u00f1os despu\u00e9s, el fin de aquella revoluci\u00f3n no pod\u00eda repetirse. Obsesionado por regresar a Rusia, Lenin acept\u00f3 los buenos oficios de un socialdem\u00f3crata suizo que consigui\u00f3 del Gobierno alem\u00e1n la autorizaci\u00f3n para que un grupo de 32 exiliados atravesara el imperio en un vag\u00f3n vigilado por una pareja de polic\u00edas que no permiti\u00f3 entrar ni salir a nadie en los tres d\u00edas que dur\u00f3 el largo viaje hasta Sassnitz, al norte de Alemania. Y de all\u00ed, en barco y en tren, a la estaci\u00f3n Finlandia, en Petrogrado.<\/p>\n<p style=\"color: #444444\">Al d\u00eda siguiente de su llegada, le visita una delegaci\u00f3n de bolcheviques, miembros de la conferencia panrusa de los soviets que acaba de clausurar sus sesiones. Antes de regresar a sus ciudades quieren o\u00edr a Lenin, que se presenta con su esposa en el palacio de T\u00e1uride, antigua sede de la Duma y ahora cuartel general del soviet, donde va desgranando, ante un auditorio expectante, una a una sus diez tesis de abril, que podr\u00edan resumirse en tres: ning\u00fan apoyo al Gobierno provisional, paz, pan y tierra para los campesinos, todo el poder a los soviets. Voces, gritos, mientras el presidente de la conferencia, el menchevique Nikol\u00e1i Chjeidze, se hace o\u00edr por encima del tumulto: \u201cLenin ha hecho suyas las palabras de Hegel: \u00a1Qu\u00e9 importan los hechos! (\u2026) Se quedar\u00e1 solo, fuera de la revoluci\u00f3n\u201d.<\/p>\n<section id=\"sumario_2|foto\" class=\"sumario_foto izquierda\" style=\"color: #444444\"><a style=\"font-style: inherit;color: #016ca2\" name=\"sumario_2\"><\/a><\/p>\n<div class=\"sumario__interior\" style=\"font-style: inherit\">\n<figure class=\"foto foto_w360\" style=\"font-style: inherit\"><img loading=\"lazy\" decoding=\"async\" style=\"font-style: inherit\" title=\"Memorial de los l\u00edderes ca\u00eddos (1927), fotomontaje de Gustav Klutsis.\" src=\"http:\/\/ep01.epimg.net\/cultura\/imagenes\/2017\/01\/27\/babelia\/1485532030_075027_1485534767_sumario_normal.jpg\" alt=\"Memorial de los l\u00edderes ca\u00eddos (1927), fotomontaje de Gustav Klutsis.\" width=\"360\" height=\"468\" \/><figcaption class=\"foto-pie\" style=\"font-style: inherit;color: #646464\">Memorial de los l\u00edderes ca\u00eddos (1927), fotomontaje de Gustav Klutsis.\u00a0<span class=\"foto-firma\" style=\"font-style: inherit;color: #111111\"><span class=\"foto-autor\" style=\"font-style: inherit\">MOMA<\/span><\/span><\/figcaption><\/figure>\n<div class=\"sumario-texto\" style=\"font-style: inherit\"><\/div>\n<\/div>\n<\/section>\n<p style=\"color: #444444\">\u00bfFue lo que vino despu\u00e9s una revoluci\u00f3n social, en la que una clase social consciente, el proletariado, con el apoyo del campesinado, se hizo con el poder para transformar la sociedad destruyendo a la nobleza y a la ascendente burgues\u00eda? \u00bfO fue un golpe de Estado, que liquid\u00f3 las primeras conquistas democr\u00e1ticas de la revoluci\u00f3n para imponer por medio del terror el poder de un partido \u00fanico? Se comprende que dada la magnitud de lo sucedido de febrero a octubre de 1917, y de sus consecuencias para la historia del siglo XX, las respuestas a estas dos preguntas hayan dado lugar a inmensas esperanzas, largos peregrinajes y fuertes debates en los que han participado toda clase de escritores, cient\u00edficos sociales, memorialistas, pol\u00edticos, centros universitarios, alianzas de intelectuales, deslumbrados por el fulgor de la revoluci\u00f3n o nost\u00e1lgicos por su final destino.<\/p>\n<p style=\"color: #444444\">Para muchos, incluso conspicuos socialistas fabianos, como Sidney y Beatrice Webb, la URSS surgida de la revoluci\u00f3n era la civilizaci\u00f3n del futuro, la liquidaci\u00f3n del terrateniente y del capitalista, el fin del desempleo, una producci\u00f3n al servicio de las necesidades humanas, un nuevo mundo que alumbraba frente a la vieja y caduca sociedad burguesa. A otros, como a Andr\u00e9 Gide, los atrajo el anticolonialismo y el pacifismo, con la promesa de fundir individualismo y comunismo, internacionalismo y ra\u00edces francesas, mientras Andr\u00e9 Malraux se siente fascinado por su eficacia m\u00e1s que por una justificaci\u00f3n intelectual o moral, a diferencia de Stephen Spender, para quien el fascismo ejerce una moralidad de violencia y de avidez que es la moral misma del capitalismo con el que es preciso acabar. En todo caso, estos compa\u00f1eros de viaje, y tantos otros, como Rolland, Eluard, Mann, Gorki, Shaw, que se encuentran en los congresos internacionales de escritores por la defensa de la cultura, con sus discursos, lecturas de poemas, agasajos, reconocimiento de los obreros por la calle, se incorporan con su compromiso a un mundo que rebosa sentido. Se sienten parte de una vanguardia, parteros de la historia, constructores del hombre nuevo.<\/p>\n<section id=\"sumario_3|apoyos\" class=\"sumario_apoyos derecha\" style=\"color: #444444\"><a style=\"font-style: inherit;color: #016ca2\" name=\"sumario_3\"><\/a><\/p>\n<div class=\"sumario__interior\" style=\"font-style: inherit\">\n<header class=\"sumario-encabezado\" style=\"font-style: inherit\">\n<h3 class=\"sumario-titulo\" style=\"font-style: inherit;color: #111111\"><span class=\"sin_enlace\" style=\"font-weight: inherit;font-style: inherit\">M\u00c1S INFORMACI\u00d3N<\/span><\/h3>\n<\/header>\n<div class=\"sumario-texto\" style=\"font-style: inherit\">\n<div class=\"apoyos\" style=\"font-style: inherit\">\n<ul class=\"apoyos-listado\" style=\"font-style: inherit\">\n<li class=\"apoyo_ apoyo_sinfoto\" style=\"font-style: inherit\"><span class=\"apoyo-titulo\" style=\"font-style: inherit\"><a style=\"font-style: inherit;color: #000000\" href=\"http:\/\/cultura.elpais.com\/cultura\/2017\/01\/27\/babelia\/1485532487_550316.html\">Richard Pipes: \u201cNo hubo nada positivo ni grandioso en la Revoluci\u00f3n Rusa\u201d<\/a><\/span><\/li>\n<li class=\"apoyo_ apoyo_sinfoto\" style=\"font-style: inherit\"><span class=\"apoyo-titulo\" style=\"font-style: inherit\"><a style=\"font-style: inherit;color: #000000\" href=\"http:\/\/cultura.elpais.com\/cultura\/2017\/01\/27\/babelia\/1485531342_170700.html\">Una revoluci\u00f3n incolora<\/a><\/span><\/li>\n<li class=\"apoyo_ apoyo_sinfoto\" style=\"font-style: inherit\"><span class=\"apoyo-titulo\" style=\"font-style: inherit\"><a style=\"font-style: inherit;color: #000000\" href=\"http:\/\/cultura.elpais.com\/cultura\/2017\/01\/27\/babelia\/1485533484_725194.html\">El mapa del tesoro<\/a><\/span><\/li>\n<\/ul>\n<\/div>\n<\/div>\n<\/div>\n<\/section>\n<p style=\"color: #444444\">La primera ruptura se producir\u00e1 en torno a la posibilidad misma de emitir un juicio sobre la URSS. Ya en el primer congreso se manifest\u00f3 cierta angustia por las dudas sobre la asistencia de Gorki y de Babel. Pero lo que ah\u00ed fueron dudas, en el segundo ser\u00e1 ya una clara divisi\u00f3n ante las cr\u00edticas a Gide, que en su Retour de l\u2019URSS no calla lo que ha visto \u2014un mundo uniforme, unas gentes pasivas\u2014 y a quien se vilipendia como monstruo fascista, burgu\u00e9s decadente autoconfeso. La segunda ruptura vendr\u00e1 inmediatamente despu\u00e9s, con el grupo de escritores que denuncian la deriva de la revoluci\u00f3n desde que Stalin ha eliminado f\u00edsicamente a toda la vieja guardia bolchevique y cae la Oscuridad a mediod\u00eda \u2014como fue el t\u00edtulo original de Arthur Koestler\u2014 seguida, despu\u00e9s de la guerra, por El Dios que cay\u00f3, con art\u00edculos del mismo Koestler, con Gide, Ignazio Silone, Spencer, Richard \u00adWright y Louis Fischer, que se\u00f1al\u00f3 como el Waterloo del Partido Comunista la intervenci\u00f3n de la polic\u00eda secreta para poner fin a los debates pol\u00edticos. Hab\u00eda nacido el amplio mundo de los excomunistas.<\/p>\n<p style=\"color: #444444\">La Guerra Fr\u00eda redefini\u00f3 el tipo de compromiso de quienes no condenaron ni defendieron la obra de Stalin, aunque trataron de justificarla con la denuncia de la moral establecida. Jean Paul Sartre afirma que la violencia comunista era el humanismo proletario, la justicia sumaria de la historia. Y Francis Jeanson, gerente de Les Temps Modernes y cr\u00edtico de Camus, confiesa estar, a pesar de sus m\u00e9todos, con el movimiento estaliniano, porque \u201cno sabemos si no ser\u00e1 necesario que la acci\u00f3n revolucionaria transite por esos caminos antes de poder instalar un orden social humano\u201d. Aunque quiz\u00e1 el m\u00e1s tremendo testimonio que nos llega de aquel pasado sea el del humanista Maurice Merleau-Ponty que en su Humanismo y terror, partiendo del supuesto de que los comunistas encarnan la conciencia y los intereses del proletariado, \u00fanica fuerza revolucionaria, considera que las purgas y los procesos no solo fueron t\u00e1ctica y estrat\u00e9gicamente sabios, sino hist\u00f3ricamente justos. Una revoluci\u00f3n, escribi\u00f3 Merleau-Ponty, no define el delito seg\u00fan el derecho establecido, sino seg\u00fan el de la sociedad que pretende instaurar. Nikol\u00e1i Bujarin sufri\u00f3 en su carne la atrocidad de este principio.<\/p>\n<p style=\"color: #444444\">De Bujarin y la revoluci\u00f3n trat\u00f3 Stephen Cohen en una estupenda biograf\u00eda argumentando que si sus ideas se hubieran llevado a la pr\u00e1ctica, la revoluci\u00f3n habr\u00eda dado lugar a un socialismo democr\u00e1tico, pac\u00edfico, libre de terror. L\u00e1stima para la revoluci\u00f3n que en 1929 Stalin ganara la partida, cerrando la v\u00eda a lo que m\u00e1s tarde se llam\u00f3 socialismo de rostro humano, una conclusi\u00f3n con la que no estuvo de acuerdo Richard Pipes en su monumental historia. Fue en febrero, seg\u00fan Pipes, cuando aconteci\u00f3 la verdadera revoluci\u00f3n; lo de octubre fue un golpe de Estado, ejecutado por un partido pol\u00edtico que de inmediato recurri\u00f3 al terror para consolidar su poder. Todo lo que vendr\u00eda con Stalin estaba ya en Lenin, de manera que no cabe pensar en otro curso posible de la historia: el enemigo es ahora como fue desde el principio, una tesis muy oportuna para la elaboraci\u00f3n de pol\u00edticas propias de la Guerra Fr\u00eda.<\/p>\n<p style=\"color: #444444\">El a\u00f1o 1989 marc\u00f3, en todo caso, con el hundimiento de la Uni\u00f3n Sovi\u00e9tica, el fin de una ilusi\u00f3n, seg\u00fan constat\u00f3 Fran\u00e7ois Furet, sin dejar ning\u00fan legado: de todo lo construido en el orden institucional no queda nada en pie, escribi\u00f3. Quedaba quiz\u00e1 el sue\u00f1o de la revoluci\u00f3n, y de los d\u00edas de triunfo y fraternidad, que Eric Hobsbawm segu\u00eda abrigando a\u00f1os despu\u00e9s, a pesar de que su predicci\u00f3n de que toda la humanidad habr\u00eda de entrar por las puertas de la historia abiertas por Lenin result\u00f3 una gran f\u00e1bula. Su romance del comunismo, por decirlo con Tony Judt, se hab\u00eda desvanecido en el aire, y de la revoluci\u00f3n no qued\u00f3 ni el homo sovieticus, como bien muestran los estremecedores relatos que Svetlana Alek\u00adsi\u00e9vich recogi\u00f3 a modo de epitafio y fin de la experiencia comunista.<\/p>\n<p style=\"color: #444444\">\u00bfFin, pues, de la revoluci\u00f3n? La pen\u00faltima ocurrencia suscitada por la de 1917 es de Slavoj Zizek cuando evoca al Lenin que acaba de triunfar en la guerra civil y ordena el repliegue de la Nueva Pol\u00edtica Econ\u00f3mica. Los comunistas que preservan su fuerza y flexibilidad para comenzar una y otra vez desde el principio nunca mueren, escribe Lenin en 1922. Para no ser menos, sostiene Zizek que, en t\u00e9rminos kierkegaardianos, los procesos revolucionarios no entra\u00f1an un progreso gradual, sino un movimiento repetitivo, comenzar desde el principio una y otra vez. Y esto es a lo que estar\u00edamos obligados despu\u00e9s de ese \u201cdesastre oscuro\u201d que fue 1989. Oscuro ser\u00e1 para Zizek, que no quiere verlo, porque qu\u00e9 importan los hechos si lo que hay que mantener bien sujetos en la memoria son \u201clos momentos sublimes\u201d de la revoluci\u00f3n como marco general que debe ser superado comenzando una y otra vez desde el punto cero.<\/p>\n<p style=\"color: #444444\">Tal es, en s\u00edntesis, la \u201chip\u00f3tesis comunista\u201d elaborada por Alain Badiou, que no oculta los hechos, simplemente los da como no pertinentes: si la revoluci\u00f3n y el comunismo se han revelado como una forma de transici\u00f3n, tard\u00eda y particularmente cruel, del feudalismo a la m\u00e1s rapaz versi\u00f3n del capitalismo, peor para los hechos. Hay que comenzar una y otra vez de cero para que el esp\u00edritu de Hegel no nos pille dormidos cuando de nuevo emprenda el vuelo anunciando otro amanecer que canta.<\/p>\n<header class=\"sumario-encabezado\" style=\"font-style: inherit\">\n<h4 class=\"sumario-titulo\" style=\"font-style: inherit;color: #111111\"><span class=\"sin_enlace\" style=\"font-weight: inherit;font-style: inherit\">LECTURAS PARA UN CENTENARIO<\/span><\/h4>\n<\/header>\n<div class=\"sumario-texto\" style=\"font-style: inherit\">\n<p style=\"font-style: inherit\"><strong style=\"font-style: inherit\">La revoluci\u00f3n rusa.<\/strong>\u00a0Richard Pipes. Debate.<\/p>\n<p style=\"font-style: inherit\"><strong style=\"font-style: inherit\">El tren de Lenin. Los or\u00edgenes de la revoluci\u00f3n rusa.<\/strong>\u00a0Catherine Merridale. Cr\u00edtica.<\/p>\n<p style=\"font-style: inherit\"><strong style=\"font-style: inherit\">La revoluci\u00f3n rusa. La f\u00e1brica de una nueva sociedad.<\/strong>\u00a0Mar\u00eda Teresa Largo Alonso. Catarata.<\/p>\n<p style=\"font-style: inherit\"><strong style=\"font-style: inherit\">Cartas desde la revoluci\u00f3n bolchevique.<\/strong>\u00a0Jacques Sadoul. Turner.<\/p>\n<p style=\"font-style: inherit\"><strong style=\"font-style: inherit\">Medianoche en el siglo.<\/strong>\u00a0Victor Serge. Alianza.<\/p>\n<p style=\"font-style: inherit\"><strong style=\"font-style: inherit\">El espejo blanco. Viajeros espa\u00f1oles en la URSS.<\/strong>\u00a0Andreu Navarra. F\u00f3rcola.<\/p>\n<p style=\"font-style: inherit\"><strong style=\"font-style: inherit\">El fin del \u201cHomo sovieticus\u201d.\u00a0<\/strong>Svetlana Aleksi\u00e9vich. Acantilado.<\/p>\n<p style=\"font-style: inherit\"><strong style=\"font-style: inherit\">El siglo de la revoluci\u00f3n. Una historia del mundo de 1914 a 2017.<\/strong>\u00a0Josep Fontana. Cr\u00edtica (febrero).<\/p>\n<p style=\"font-style: inherit\"><strong style=\"font-style: inherit\">Breve historia de la revoluci\u00f3n rusa.<\/strong>\u00a0Mira Milosevic. Galaxia Gutenberg (marzo).<\/p>\n<p style=\"font-style: inherit\"><strong style=\"font-style: inherit\">La venganza de los siervos. Rusia, 1917<\/strong>.\u00a0Juli\u00e1n Casanova. Cr\u00edtica (abril).<\/p>\n<p style=\"font-style: inherit\"><strong style=\"font-style: inherit\">La Revoluci\u00f3n Rusa. Una historia para todos.<\/strong>\u00a0Neil Faulkner. Pasado &amp; Presente (junio).<\/p>\n<\/div>\n","protected":false},"excerpt":{"rendered":"<p>\u00bfLo sucedido en Rusia entre febrero y octubre de 1917 fue una revoluci\u00f3n social o un golpe de Estado que impuso un partido \u00fanico? La respuesta a esa pregunta ha provocado un debate que dura 100 a\u00f1os<\/p>\n","protected":false},"author":5842,"featured_media":0,"comment_status":"open","ping_status":"open","sticky":false,"template":"","format":"standard","meta":{"footnotes":""},"categories":[24],"tags":[],"class_list":["post-469809","post","type-post","status-publish","format-standard","hentry","category-mundo"],"_links":{"self":[{"href":"https:\/\/diarioelpopular.com\/index.php\/wp-json\/wp\/v2\/posts\/469809","targetHints":{"allow":["GET"]}}],"collection":[{"href":"https:\/\/diarioelpopular.com\/index.php\/wp-json\/wp\/v2\/posts"}],"about":[{"href":"https:\/\/diarioelpopular.com\/index.php\/wp-json\/wp\/v2\/types\/post"}],"author":[{"embeddable":true,"href":"https:\/\/diarioelpopular.com\/index.php\/wp-json\/wp\/v2\/users\/5842"}],"replies":[{"embeddable":true,"href":"https:\/\/diarioelpopular.com\/index.php\/wp-json\/wp\/v2\/comments?post=469809"}],"version-history":[{"count":2,"href":"https:\/\/diarioelpopular.com\/index.php\/wp-json\/wp\/v2\/posts\/469809\/revisions"}],"predecessor-version":[{"id":469812,"href":"https:\/\/diarioelpopular.com\/index.php\/wp-json\/wp\/v2\/posts\/469809\/revisions\/469812"}],"wp:attachment":[{"href":"https:\/\/diarioelpopular.com\/index.php\/wp-json\/wp\/v2\/media?parent=469809"}],"wp:term":[{"taxonomy":"category","embeddable":true,"href":"https:\/\/diarioelpopular.com\/index.php\/wp-json\/wp\/v2\/categories?post=469809"},{"taxonomy":"post_tag","embeddable":true,"href":"https:\/\/diarioelpopular.com\/index.php\/wp-json\/wp\/v2\/tags?post=469809"}],"curies":[{"name":"wp","href":"https:\/\/api.w.org\/{rel}","templated":true}]}}